{"id":9462,"date":"2026-05-02T09:11:47","date_gmt":"2026-05-02T09:11:47","guid":{"rendered":"https:\/\/syri.tv\/?p=9462"},"modified":"2026-05-02T09:11:47","modified_gmt":"2026-05-02T09:11:47","slug":"fc-kosova-gjeneve-fc-prishtina-prishtine-ndeshja-historike-e-kupes-kosove-diaspore","status":"publish","type":"post","link":"https:\/\/syri.tv\/?p=9462","title":{"rendered":"FC Kosova Gjenev\u00eb \u2013 FC Prishtina Prishtin\u00eb ndeshja historike e Kup\u00ebs, Kosov\u00eb Diaspor\u00eb"},"content":{"rendered":"<p>Kryesia e UKSHFZ nj\u00eb jav\u00eb para ndeshjes historike FC Kosova Gjenev\u00eb fituese e Kup\u00ebs s\u00eb Diaspor\u00ebs kund\u00ebr FC Prishtina nga Prishtina fituese e Kup\u00ebs s\u00eb Kosov\u00ebs, v\u00ebzhguam stadiumin dhe p\u00ebrgatitjet n\u00eb Mayren t\u00eb Gjenev\u00ebs ku nikoqir dhe organizues \u00ebsht\u00eb FC Kosova.<\/p>\n<p><img loading=\"lazy\" loading=\"lazy\" decoding=\"async\" class=\"alignnone size-large wp-image-9463\" src=\"https:\/\/syri.tv\/wp-content\/uploads\/2026\/05\/WhatsApp-Image-2026-05-01-at-19.14.58-1024x768.jpeg\" alt=\"\" width=\"1024\" height=\"768\" srcset=\"https:\/\/syri.tv\/wp-content\/uploads\/2026\/05\/WhatsApp-Image-2026-05-01-at-19.14.58-1024x768.jpeg 1024w, https:\/\/syri.tv\/wp-content\/uploads\/2026\/05\/WhatsApp-Image-2026-05-01-at-19.14.58-300x225.jpeg 300w, https:\/\/syri.tv\/wp-content\/uploads\/2026\/05\/WhatsApp-Image-2026-05-01-at-19.14.58-768x576.jpeg 768w, https:\/\/syri.tv\/wp-content\/uploads\/2026\/05\/WhatsApp-Image-2026-05-01-at-19.14.58-1536x1152.jpeg 1536w, https:\/\/syri.tv\/wp-content\/uploads\/2026\/05\/WhatsApp-Image-2026-05-01-at-19.14.58-860x645.jpeg 860w, https:\/\/syri.tv\/wp-content\/uploads\/2026\/05\/WhatsApp-Image-2026-05-01-at-19.14.58.jpeg 2048w\" sizes=\"auto, (max-width: 1024px) 100vw, 1024px\" \/><\/p>\n<p>N\u00eb stadium ishim kryetari i UKSHFZ z. Feti Demoli, Reshit Morina dhe Musli Saiti q\u00eb u prit\u00ebm nga kryetari i FC Kosova z. Fisnik Bu\u00e7i dhe Xhevat Rexhepi t\u00eb cil\u00ebt n\u00eb pika t\u00eb detajuara na shpjeguan p\u00ebrgatitjet profesionale p\u00ebr k\u00ebt\u00eb ndeshje.<\/p>\n<p>Stadiumi me nj\u00eb infrastruktur\u00eb tejet t\u00eb mir\u00eb dhe nj\u00eb pamje impozante, q\u00eb i p\u00ebrmbush\u00eb kushtet e nj\u00eb ndeshje t\u00eb futbollit q\u00eb ja kan\u00eb lakmi shum\u00eb ekipe t\u00eb m\u00ebdha.<\/p>\n<p><img loading=\"lazy\" loading=\"lazy\" decoding=\"async\" class=\"alignnone size-large wp-image-9464\" src=\"https:\/\/syri.tv\/wp-content\/uploads\/2026\/05\/WhatsApp-Image-2026-05-01-at-19.14.57-1024x768.jpeg\" alt=\"\" width=\"1024\" height=\"768\" srcset=\"https:\/\/syri.tv\/wp-content\/uploads\/2026\/05\/WhatsApp-Image-2026-05-01-at-19.14.57-1024x768.jpeg 1024w, https:\/\/syri.tv\/wp-content\/uploads\/2026\/05\/WhatsApp-Image-2026-05-01-at-19.14.57-300x225.jpeg 300w, https:\/\/syri.tv\/wp-content\/uploads\/2026\/05\/WhatsApp-Image-2026-05-01-at-19.14.57-768x576.jpeg 768w, https:\/\/syri.tv\/wp-content\/uploads\/2026\/05\/WhatsApp-Image-2026-05-01-at-19.14.57-1536x1152.jpeg 1536w, https:\/\/syri.tv\/wp-content\/uploads\/2026\/05\/WhatsApp-Image-2026-05-01-at-19.14.57-860x645.jpeg 860w, https:\/\/syri.tv\/wp-content\/uploads\/2026\/05\/WhatsApp-Image-2026-05-01-at-19.14.57.jpeg 2048w\" sizes=\"auto, (max-width: 1024px) 100vw, 1024px\" \/><\/p>\n<p>Me 9 Maj ftojm\u00eb dhe i informojm\u00eb bashkatdhetar\u00ebt t\u00eb na bashkohen nga e gjith\u00eb Zvicra q\u00eb t\u00eb na p\u00ebrkrahin n\u00eb k\u00eb t\u00eb nism\u00eb t\u00eb sukseseve t\u00eb Unionit e n\u00eb ve\u00e7anti n\u00eb t\u00eb mir\u00ebn e Klubeve Shqiptare t\u00eb Futbollit n\u00eb Zvic\u00ebr.<\/p>\n<p><img loading=\"lazy\" loading=\"lazy\" decoding=\"async\" class=\"alignnone size-large wp-image-9465\" src=\"https:\/\/syri.tv\/wp-content\/uploads\/2026\/05\/WhatsApp-Image-2026-05-01-at-19.15.42-3-1024x768.jpeg\" alt=\"\" width=\"1024\" height=\"768\" srcset=\"https:\/\/syri.tv\/wp-content\/uploads\/2026\/05\/WhatsApp-Image-2026-05-01-at-19.15.42-3-1024x768.jpeg 1024w, https:\/\/syri.tv\/wp-content\/uploads\/2026\/05\/WhatsApp-Image-2026-05-01-at-19.15.42-3-300x225.jpeg 300w, https:\/\/syri.tv\/wp-content\/uploads\/2026\/05\/WhatsApp-Image-2026-05-01-at-19.15.42-3-768x576.jpeg 768w, https:\/\/syri.tv\/wp-content\/uploads\/2026\/05\/WhatsApp-Image-2026-05-01-at-19.15.42-3-1536x1152.jpeg 1536w, https:\/\/syri.tv\/wp-content\/uploads\/2026\/05\/WhatsApp-Image-2026-05-01-at-19.15.42-3-860x645.jpeg 860w, https:\/\/syri.tv\/wp-content\/uploads\/2026\/05\/WhatsApp-Image-2026-05-01-at-19.15.42-3.jpeg 2048w\" sizes=\"auto, (max-width: 1024px) 100vw, 1024px\" \/><\/p>\n<p>Fal\u00ebnderojm\u00eb paraprakisht FC Kosov\u00ebn nga Gjeneva z. Fisnik Bu\u00e7i dhe kryesin\u00eb p\u00ebr k\u00ebt\u00eb mund\u00ebsi dhe p\u00ebrgatitjen q\u00eb n\u00eb \u00e7do aspekt \u00ebsht\u00eb p\u00ebr ta vler\u00ebsuar.<\/p>\n<p><img loading=\"lazy\" loading=\"lazy\" decoding=\"async\" class=\"alignnone size-large wp-image-9466\" src=\"https:\/\/syri.tv\/wp-content\/uploads\/2026\/05\/WhatsApp-Image-2026-05-01-at-19.15.41-1024x768.jpeg\" alt=\"\" width=\"1024\" height=\"768\" srcset=\"https:\/\/syri.tv\/wp-content\/uploads\/2026\/05\/WhatsApp-Image-2026-05-01-at-19.15.41-1024x768.jpeg 1024w, https:\/\/syri.tv\/wp-content\/uploads\/2026\/05\/WhatsApp-Image-2026-05-01-at-19.15.41-300x225.jpeg 300w, https:\/\/syri.tv\/wp-content\/uploads\/2026\/05\/WhatsApp-Image-2026-05-01-at-19.15.41-768x576.jpeg 768w, https:\/\/syri.tv\/wp-content\/uploads\/2026\/05\/WhatsApp-Image-2026-05-01-at-19.15.41-1536x1152.jpeg 1536w, https:\/\/syri.tv\/wp-content\/uploads\/2026\/05\/WhatsApp-Image-2026-05-01-at-19.15.41-860x645.jpeg 860w, https:\/\/syri.tv\/wp-content\/uploads\/2026\/05\/WhatsApp-Image-2026-05-01-at-19.15.41.jpeg 2048w\" sizes=\"auto, (max-width: 1024px) 100vw, 1024px\" \/><\/p>\n<p>Mir\u00eb se vini t\u00eb gjith\u00eb me 9 Maj\u00a0 2026 nga ora 16.00<\/p>\n<p><strong><u>Adresa:<\/u><\/strong><strong>\u00a0 <u>Avenue Louis-Rendu 11<\/u>\u00a0\u00a0\u00a0\u00a0 <u>1217 Meyrin<\/u>\u00a0\u00a0\u00a0 <u>Gen\u00e8ve\u00a0\u00a0\u00a0\u00a0 Zvic\u00ebr<\/u><\/strong><\/p>\n<p><img loading=\"lazy\" loading=\"lazy\" decoding=\"async\" class=\"alignnone size-large wp-image-9467\" src=\"https:\/\/syri.tv\/wp-content\/uploads\/2026\/05\/WhatsApp-Image-2026-05-01-at-19.15.42-4-1024x768.jpeg\" alt=\"\" width=\"1024\" height=\"768\" srcset=\"https:\/\/syri.tv\/wp-content\/uploads\/2026\/05\/WhatsApp-Image-2026-05-01-at-19.15.42-4-1024x768.jpeg 1024w, https:\/\/syri.tv\/wp-content\/uploads\/2026\/05\/WhatsApp-Image-2026-05-01-at-19.15.42-4-300x225.jpeg 300w, https:\/\/syri.tv\/wp-content\/uploads\/2026\/05\/WhatsApp-Image-2026-05-01-at-19.15.42-4-768x576.jpeg 768w, https:\/\/syri.tv\/wp-content\/uploads\/2026\/05\/WhatsApp-Image-2026-05-01-at-19.15.42-4-1536x1152.jpeg 1536w, https:\/\/syri.tv\/wp-content\/uploads\/2026\/05\/WhatsApp-Image-2026-05-01-at-19.15.42-4-860x645.jpeg 860w, https:\/\/syri.tv\/wp-content\/uploads\/2026\/05\/WhatsApp-Image-2026-05-01-at-19.15.42-4.jpeg 2048w\" sizes=\"auto, (max-width: 1024px) 100vw, 1024px\" \/> <img loading=\"lazy\" loading=\"lazy\" decoding=\"async\" class=\"alignnone size-large wp-image-9468\" src=\"https:\/\/syri.tv\/wp-content\/uploads\/2026\/05\/WhatsApp-Image-2026-05-01-at-19.15.43-4-1024x768.jpeg\" alt=\"\" width=\"1024\" height=\"768\" srcset=\"https:\/\/syri.tv\/wp-content\/uploads\/2026\/05\/WhatsApp-Image-2026-05-01-at-19.15.43-4-1024x768.jpeg 1024w, https:\/\/syri.tv\/wp-content\/uploads\/2026\/05\/WhatsApp-Image-2026-05-01-at-19.15.43-4-300x225.jpeg 300w, https:\/\/syri.tv\/wp-content\/uploads\/2026\/05\/WhatsApp-Image-2026-05-01-at-19.15.43-4-768x576.jpeg 768w, https:\/\/syri.tv\/wp-content\/uploads\/2026\/05\/WhatsApp-Image-2026-05-01-at-19.15.43-4-1536x1152.jpeg 1536w, https:\/\/syri.tv\/wp-content\/uploads\/2026\/05\/WhatsApp-Image-2026-05-01-at-19.15.43-4-860x645.jpeg 860w, https:\/\/syri.tv\/wp-content\/uploads\/2026\/05\/WhatsApp-Image-2026-05-01-at-19.15.43-4.jpeg 2048w\" sizes=\"auto, (max-width: 1024px) 100vw, 1024px\" \/> <img loading=\"lazy\" loading=\"lazy\" decoding=\"async\" class=\"alignnone size-large wp-image-9469\" src=\"https:\/\/syri.tv\/wp-content\/uploads\/2026\/05\/WhatsApp-Image-2026-05-01-at-19.15.44-1024x768.jpeg\" alt=\"\" width=\"1024\" height=\"768\" srcset=\"https:\/\/syri.tv\/wp-content\/uploads\/2026\/05\/WhatsApp-Image-2026-05-01-at-19.15.44-1024x768.jpeg 1024w, https:\/\/syri.tv\/wp-content\/uploads\/2026\/05\/WhatsApp-Image-2026-05-01-at-19.15.44-300x225.jpeg 300w, https:\/\/syri.tv\/wp-content\/uploads\/2026\/05\/WhatsApp-Image-2026-05-01-at-19.15.44-768x576.jpeg 768w, https:\/\/syri.tv\/wp-content\/uploads\/2026\/05\/WhatsApp-Image-2026-05-01-at-19.15.44-1536x1152.jpeg 1536w, https:\/\/syri.tv\/wp-content\/uploads\/2026\/05\/WhatsApp-Image-2026-05-01-at-19.15.44-860x645.jpeg 860w, https:\/\/syri.tv\/wp-content\/uploads\/2026\/05\/WhatsApp-Image-2026-05-01-at-19.15.44.jpeg 2048w\" sizes=\"auto, (max-width: 1024px) 100vw, 1024px\" \/><\/p>\n","protected":false},"excerpt":{"rendered":"<p>Kryesia e UKSHFZ nj\u00eb jav\u00eb para ndeshjes historike FC Kosova Gjenev\u00eb fituese e Kup\u00ebs s\u00eb Diaspor\u00ebs kund\u00ebr FC Prishtina nga Prishtina fituese e Kup\u00ebs s\u00eb Kosov\u00ebs, v\u00ebzhguam stadiumin dhe p\u00ebrgatitjet n\u00eb Mayren t\u00eb Gjenev\u00ebs ku nikoqir dhe organizues \u00ebsht\u00eb FC Kosova. N\u00eb stadium ishim kryetari i UKSHFZ z. Feti Demoli, Reshit Morina dhe Musli Saiti [&hellip;]<\/p>\n","protected":false},"author":1,"featured_media":9470,"comment_status":"closed","ping_status":"closed","sticky":false,"template":"","format":"standard","meta":{"footnotes":""},"categories":[106],"tags":[],"class_list":{"0":"post-9462","1":"post","2":"type-post","3":"status-publish","4":"format-standard","5":"has-post-thumbnail","7":"category-sport"},"_links":{"self":[{"href":"https:\/\/syri.tv\/index.php?rest_route=\/wp\/v2\/posts\/9462","targetHints":{"allow":["GET"]}}],"collection":[{"href":"https:\/\/syri.tv\/index.php?rest_route=\/wp\/v2\/posts"}],"about":[{"href":"https:\/\/syri.tv\/index.php?rest_route=\/wp\/v2\/types\/post"}],"author":[{"embeddable":true,"href":"https:\/\/syri.tv\/index.php?rest_route=\/wp\/v2\/users\/1"}],"replies":[{"embeddable":true,"href":"https:\/\/syri.tv\/index.php?rest_route=%2Fwp%2Fv2%2Fcomments&post=9462"}],"version-history":[{"count":1,"href":"https:\/\/syri.tv\/index.php?rest_route=\/wp\/v2\/posts\/9462\/revisions"}],"predecessor-version":[{"id":9471,"href":"https:\/\/syri.tv\/index.php?rest_route=\/wp\/v2\/posts\/9462\/revisions\/9471"}],"wp:featuredmedia":[{"embeddable":true,"href":"https:\/\/syri.tv\/index.php?rest_route=\/wp\/v2\/media\/9470"}],"wp:attachment":[{"href":"https:\/\/syri.tv\/index.php?rest_route=%2Fwp%2Fv2%2Fmedia&parent=9462"}],"wp:term":[{"taxonomy":"category","embeddable":true,"href":"https:\/\/syri.tv\/index.php?rest_route=%2Fwp%2Fv2%2Fcategories&post=9462"},{"taxonomy":"post_tag","embeddable":true,"href":"https:\/\/syri.tv\/index.php?rest_route=%2Fwp%2Fv2%2Ftags&post=9462"}],"curies":[{"name":"wp","href":"https:\/\/api.w.org\/{rel}","templated":true}]}}