{"id":9128,"date":"2026-03-14T20:30:45","date_gmt":"2026-03-14T20:30:45","guid":{"rendered":"https:\/\/syri.tv\/?p=9128"},"modified":"2026-03-15T23:04:49","modified_gmt":"2026-03-15T23:04:49","slug":"aarburg-elita-shqiptare-ne-zvicer-bashkon-forcat-per-brezin-e-ri","status":"publish","type":"post","link":"https:\/\/syri.tv\/?p=9128","title":{"rendered":"Diaspora shqiptare n\u00eb Zvic\u00ebr k\u00ebrkon bashkim institucional p\u00ebr brezin e ri"},"content":{"rendered":"<p>Ngjarje e nivelit t\u00eb lart\u00eb me pjes\u00ebmarrjen e diplomacis\u00eb, akademis\u00eb, komunitetit fetar, mjek\u00ebve, biznesit dhe figurave t\u00eb njohura t\u00eb diaspor\u00ebs.<\/p>\n<p><img loading=\"lazy\" loading=\"lazy\" decoding=\"async\" class=\"alignnone size-medium wp-image-9132\" src=\"https:\/\/syri.tv\/wp-content\/uploads\/2026\/03\/FB_IMG_1773614041752-300x225.jpg\" alt=\"\" width=\"300\" height=\"225\" srcset=\"https:\/\/syri.tv\/wp-content\/uploads\/2026\/03\/FB_IMG_1773614041752-300x225.jpg 300w, https:\/\/syri.tv\/wp-content\/uploads\/2026\/03\/FB_IMG_1773614041752-1024x768.jpg 1024w, https:\/\/syri.tv\/wp-content\/uploads\/2026\/03\/FB_IMG_1773614041752-768x576.jpg 768w, https:\/\/syri.tv\/wp-content\/uploads\/2026\/03\/FB_IMG_1773614041752-1536x1152.jpg 1536w, https:\/\/syri.tv\/wp-content\/uploads\/2026\/03\/FB_IMG_1773614041752-860x645.jpg 860w, https:\/\/syri.tv\/wp-content\/uploads\/2026\/03\/FB_IMG_1773614041752.jpg 2048w\" sizes=\"auto, (max-width: 300px) 100vw, 300px\" \/><\/p>\n<p>N\u00eb xhamin\u00eb e Bardh\u00eb n\u00eb Aarburg u zhvillua nj\u00eb tryez\u00eb e mbyllur debati, e organizuar nga Rrjeti i Miq\u00ebsis\u00eb, me tem\u00ebn qendrore:<\/p>\n<p>\u201cSi ta motivojm\u00eb brezin e ri shqiptar n\u00eb diaspor\u00eb p\u00ebr ruajtjen e sh\u00ebndetit, gjuh\u00ebs dhe besimit: rol dhe bashk\u00ebpunim institucional.\u201d<\/p>\n<p>Programi u hap me himnin komb\u00ebtar shqiptar, pasuar nga nj\u00eb lexim i shkurt\u00ebr nga Kurani, duke vendosur nj\u00eb atmosfer\u00eb respekti dhe bashkimi mes tri shtyllave kryesore t\u00eb komunitetit: arsimit, sh\u00ebndet\u00ebsis\u00eb dhe jet\u00ebs fetare.<\/p>\n<p><img loading=\"lazy\" loading=\"lazy\" decoding=\"async\" class=\"alignnone size-medium wp-image-9137\" src=\"https:\/\/syri.tv\/wp-content\/uploads\/2026\/03\/FB_IMG_1773614815892-300x289.jpg\" alt=\"\" width=\"300\" height=\"289\" srcset=\"https:\/\/syri.tv\/wp-content\/uploads\/2026\/03\/FB_IMG_1773614815892-300x289.jpg 300w, https:\/\/syri.tv\/wp-content\/uploads\/2026\/03\/FB_IMG_1773614815892-1024x985.jpg 1024w, https:\/\/syri.tv\/wp-content\/uploads\/2026\/03\/FB_IMG_1773614815892-768x739.jpg 768w, https:\/\/syri.tv\/wp-content\/uploads\/2026\/03\/FB_IMG_1773614815892-860x828.jpg 860w, https:\/\/syri.tv\/wp-content\/uploads\/2026\/03\/FB_IMG_1773614815892.jpg 1536w\" sizes=\"auto, (max-width: 300px) 100vw, 300px\" \/><\/p>\n<p>Tryez\u00ebn e moderoi Florim Useini, kryetar i Rrjetit t\u00eb Miq\u00ebsis\u00eb, i cili theksoi nevoj\u00ebn p\u00ebr bashk\u00ebpunim t\u00eb q\u00ebndruesh\u00ebm mes institucioneve shqiptare n\u00eb Zvic\u00ebr dhe profesionist\u00ebve q\u00eb punojn\u00eb \u00e7do dit\u00eb me komunitetin.<\/p>\n<p><img loading=\"lazy\" loading=\"lazy\" decoding=\"async\" class=\"alignnone size-medium wp-image-9131\" src=\"https:\/\/syri.tv\/wp-content\/uploads\/2026\/03\/FB_IMG_1773614048968-300x165.jpg\" alt=\"\" width=\"300\" height=\"165\" srcset=\"https:\/\/syri.tv\/wp-content\/uploads\/2026\/03\/FB_IMG_1773614048968-300x165.jpg 300w, https:\/\/syri.tv\/wp-content\/uploads\/2026\/03\/FB_IMG_1773614048968-1024x562.jpg 1024w, https:\/\/syri.tv\/wp-content\/uploads\/2026\/03\/FB_IMG_1773614048968-768x421.jpg 768w, https:\/\/syri.tv\/wp-content\/uploads\/2026\/03\/FB_IMG_1773614048968-1536x842.jpg 1536w, https:\/\/syri.tv\/wp-content\/uploads\/2026\/03\/FB_IMG_1773614048968-860x472.jpg 860w, https:\/\/syri.tv\/wp-content\/uploads\/2026\/03\/FB_IMG_1773614048968.jpg 2048w\" sizes=\"auto, (max-width: 300px) 100vw, 300px\" \/><\/p>\n<p>Ai n\u00ebnvizoi se motivimi i brezit t\u00eb ri k\u00ebrkon koordinim, qart\u00ebsi dhe mesazhe t\u00eb unifikuara, n\u00eb m\u00ebnyr\u00eb q\u00eb f\u00ebmij\u00ebt shqiptar\u00eb t\u00eb mos mbeten mes sinjaleve t\u00eb ndryshme dhe t\u00eb paqarta.<\/p>\n<p>N\u00eb tryez\u00eb mor\u00ebn pjes\u00eb p\u00ebrfaq\u00ebsues nga tri ambasadat shqiptare n\u00eb Zvic\u00ebr, komuniteti fetar, shkollat shqipe, mjek\u00eb dhe profesionist\u00eb t\u00eb sh\u00ebndet\u00ebsis\u00eb, akademik\u00eb, p\u00ebrfaq\u00ebsues t\u00eb biznesit, media shqiptare, si dhe kryesia e Xhamis\u00eb s\u00eb Bardh\u00eb, nikoqire e ngjarjes.<\/p>\n<p><img loading=\"lazy\" loading=\"lazy\" decoding=\"async\" class=\"alignnone size-medium wp-image-9130\" src=\"https:\/\/syri.tv\/wp-content\/uploads\/2026\/03\/FB_IMG_1773614077624-300x169.jpg\" alt=\"\" width=\"300\" height=\"169\" srcset=\"https:\/\/syri.tv\/wp-content\/uploads\/2026\/03\/FB_IMG_1773614077624-300x169.jpg 300w, https:\/\/syri.tv\/wp-content\/uploads\/2026\/03\/FB_IMG_1773614077624-1024x577.jpg 1024w, https:\/\/syri.tv\/wp-content\/uploads\/2026\/03\/FB_IMG_1773614077624-768x432.jpg 768w, https:\/\/syri.tv\/wp-content\/uploads\/2026\/03\/FB_IMG_1773614077624-1536x865.jpg 1536w, https:\/\/syri.tv\/wp-content\/uploads\/2026\/03\/FB_IMG_1773614077624-860x484.jpg 860w, https:\/\/syri.tv\/wp-content\/uploads\/2026\/03\/FB_IMG_1773614077624.jpg 2048w\" sizes=\"auto, (max-width: 300px) 100vw, 300px\" \/><\/p>\n<p>Ngjarjen e nderuan me pranin\u00eb e tyre edhe dy figura t\u00eb r\u00ebnd\u00ebsishme t\u00eb diaspor\u00ebs:<\/p>\n<p>Lazim Destani, filantrop i njohur shqiptar, i cili udh\u00ebtoi posa\u00e7\u00ebrisht nga Gjermania<\/p>\n<p><img loading=\"lazy\" loading=\"lazy\" decoding=\"async\" class=\"alignnone size-medium wp-image-9134\" src=\"https:\/\/syri.tv\/wp-content\/uploads\/2026\/03\/FB_IMG_1773614061762-300x169.jpg\" alt=\"\" width=\"300\" height=\"169\" srcset=\"https:\/\/syri.tv\/wp-content\/uploads\/2026\/03\/FB_IMG_1773614061762-300x169.jpg 300w, https:\/\/syri.tv\/wp-content\/uploads\/2026\/03\/FB_IMG_1773614061762-1024x576.jpg 1024w, https:\/\/syri.tv\/wp-content\/uploads\/2026\/03\/FB_IMG_1773614061762-768x432.jpg 768w, https:\/\/syri.tv\/wp-content\/uploads\/2026\/03\/FB_IMG_1773614061762-1536x864.jpg 1536w, https:\/\/syri.tv\/wp-content\/uploads\/2026\/03\/FB_IMG_1773614061762-860x484.jpg 860w, https:\/\/syri.tv\/wp-content\/uploads\/2026\/03\/FB_IMG_1773614061762.jpg 2048w\" sizes=\"auto, (max-width: 300px) 100vw, 300px\" \/><\/p>\n<p>Ardian Bajrami, futbollist i Komb\u00ebtares s\u00eb Zvicr\u00ebs dhe lojtar i klubit Benfica<\/p>\n<p>Prania e tyre u vler\u00ebsua si nj\u00eb mesazh i fort\u00eb mb\u00ebshtetjeje p\u00ebr komunitetin dhe p\u00ebr brezin e ri shqiptar n\u00eb Zvic\u00ebr.<\/p>\n<p>Diskutimet u fokusuan n\u00eb tri fusha kryesore q\u00eb ndikojn\u00eb drejtp\u00ebrdrejt te f\u00ebmij\u00ebt shqiptar\u00eb n\u00eb diaspor\u00eb:<\/p>\n<p>Mjek\u00ebt dhe profesionist\u00ebt sh\u00ebndet\u00ebsor\u00eb theksuan r\u00ebnd\u00ebsin\u00eb e edukimit sh\u00ebndet\u00ebsor, qasjes s\u00eb hershme dhe bashk\u00ebpunimit me familjet.<\/p>\n<p>P\u00ebrfaq\u00ebsuesit e shkollave shqipe ngrit\u00ebn shqet\u00ebsimin p\u00ebr r\u00ebnien e pjes\u00ebmarrjes s\u00eb f\u00ebmij\u00ebve dhe nevoj\u00ebn p\u00ebr mb\u00ebshtetje institucionale, koordinim dhe qart\u00ebsi n\u00eb komunikim.<\/p>\n<p>P\u00ebrfaq\u00ebsuesit fetar\u00eb fol\u00ebn p\u00ebr rolin e vlerave, edukimit moral dhe bashk\u00ebpunimit me familjet p\u00ebr t\u00eb krijuar nj\u00eb mjedis t\u00eb sh\u00ebndetsh\u00ebm identitar.<\/p>\n<p>Pavar\u00ebsisht dallimeve profesionale, t\u00eb gjith\u00eb pjes\u00ebmarr\u00ebsit u pajtuan se:<\/p>\n<p>&#8211; brezi i ri ka nevoj\u00eb p\u00ebr mesazhe t\u00eb unifikuara,<\/p>\n<p>&#8211; institucionet shqiptare duhet t\u00eb bashk\u00ebpunojn\u00eb m\u00eb shum\u00eb,<\/p>\n<p>&#8211; shkollat shqipe, mjek\u00ebt dhe komunitetet fetare duhet t\u00eb krijojn\u00eb ura t\u00eb q\u00ebndrueshme komunikimi,<\/p>\n<p>&#8211; f\u00ebmij\u00ebt shqiptar\u00eb nuk duhet t\u00eb mbeten mes sinjaleve t\u00eb ndryshme dhe t\u00eb paqarta.<\/p>\n<p>Rrjeti i Miq\u00ebsis\u00eb synon t\u00eb krijoj\u00eb nj\u00eb platform\u00eb t\u00eb q\u00ebndrueshme bashk\u00ebpunimi mes profesionist\u00ebve shqiptar\u00eb n\u00eb Zvic\u00ebr.<\/p>\n<p>Tryeza e k\u00ebtij viti u vler\u00ebsua si nj\u00eb nga nismat m\u00eb serioze dhe m\u00eb t\u00eb strukturuara t\u00eb viteve t\u00eb fundit.<\/p>\n<p>Pas diskutimeve, pjes\u00ebmarr\u00ebsit mor\u00ebn pjes\u00eb n\u00eb nj\u00eb iftar t\u00eb p\u00ebrbashk\u00ebt, duke vazhduar bisedat n\u00eb nj\u00eb atmosfer\u00eb miq\u00ebsore dhe bashk\u00ebpunuese.<\/p>\n<p>Ngjarja u cil\u00ebsua si nj\u00eb hap i r\u00ebnd\u00ebsish\u00ebm drejt forcimit t\u00eb bashk\u00ebpunimit institucional dhe mb\u00ebshtetjes s\u00eb brezit t\u00eb ri shqiptar n\u00eb Zvic\u00ebr.<\/p>\n","protected":false},"excerpt":{"rendered":"<p>Ngjarje e nivelit t\u00eb lart\u00eb me pjes\u00ebmarrjen e diplomacis\u00eb, akademis\u00eb, komunitetit fetar, mjek\u00ebve, biznesit dhe figurave t\u00eb njohura t\u00eb diaspor\u00ebs. N\u00eb xhamin\u00eb e Bardh\u00eb n\u00eb Aarburg u zhvillua nj\u00eb tryez\u00eb e mbyllur debati, e organizuar nga Rrjeti i Miq\u00ebsis\u00eb, me tem\u00ebn qendrore: \u201cSi ta motivojm\u00eb brezin e ri shqiptar n\u00eb diaspor\u00eb p\u00ebr ruajtjen e sh\u00ebndetit, [&hellip;]<\/p>\n","protected":false},"author":7,"featured_media":9129,"comment_status":"closed","ping_status":"closed","sticky":false,"template":"","format":"standard","meta":{"footnotes":""},"categories":[2],"tags":[],"class_list":{"0":"post-9128","1":"post","2":"type-post","3":"status-publish","4":"format-standard","5":"has-post-thumbnail","7":"category-zvicer"},"_links":{"self":[{"href":"https:\/\/syri.tv\/index.php?rest_route=\/wp\/v2\/posts\/9128","targetHints":{"allow":["GET"]}}],"collection":[{"href":"https:\/\/syri.tv\/index.php?rest_route=\/wp\/v2\/posts"}],"about":[{"href":"https:\/\/syri.tv\/index.php?rest_route=\/wp\/v2\/types\/post"}],"author":[{"embeddable":true,"href":"https:\/\/syri.tv\/index.php?rest_route=\/wp\/v2\/users\/7"}],"replies":[{"embeddable":true,"href":"https:\/\/syri.tv\/index.php?rest_route=%2Fwp%2Fv2%2Fcomments&post=9128"}],"version-history":[{"count":5,"href":"https:\/\/syri.tv\/index.php?rest_route=\/wp\/v2\/posts\/9128\/revisions"}],"predecessor-version":[{"id":9143,"href":"https:\/\/syri.tv\/index.php?rest_route=\/wp\/v2\/posts\/9128\/revisions\/9143"}],"wp:featuredmedia":[{"embeddable":true,"href":"https:\/\/syri.tv\/index.php?rest_route=\/wp\/v2\/media\/9129"}],"wp:attachment":[{"href":"https:\/\/syri.tv\/index.php?rest_route=%2Fwp%2Fv2%2Fmedia&parent=9128"}],"wp:term":[{"taxonomy":"category","embeddable":true,"href":"https:\/\/syri.tv\/index.php?rest_route=%2Fwp%2Fv2%2Fcategories&post=9128"},{"taxonomy":"post_tag","embeddable":true,"href":"https:\/\/syri.tv\/index.php?rest_route=%2Fwp%2Fv2%2Ftags&post=9128"}],"curies":[{"name":"wp","href":"https:\/\/api.w.org\/{rel}","templated":true}]}}