{"id":9125,"date":"2026-03-14T21:28:17","date_gmt":"2026-03-14T21:28:17","guid":{"rendered":"https:\/\/syri.tv\/?p=9125"},"modified":"2026-03-14T21:28:17","modified_gmt":"2026-03-14T21:28:17","slug":"zvicer-qeveria-federale-propozon-rritjen-e-franchises-minimale-franchise-ne-sigurimin-shendetesor","status":"publish","type":"post","link":"https:\/\/syri.tv\/?p=9125","title":{"rendered":"Zvic\u00ebr \u2013 Qeveria Federale propozon rritjen e franchis\u00ebs minimale (Franchise) n\u00eb sigurimin sh\u00ebndet\u00ebsor"},"content":{"rendered":"<p>Bern\u00eb, 13 mars 2026<\/p>\n<p>Qeveria Federale e Zvicr\u00ebs (Bundesrat) ka propozuar rritjen e franchis\u00ebs minimale (Franchise) n\u00eb sigurimin baz\u00eb sh\u00ebndet\u00ebsor, nga 300 n\u00eb 400 franga. Ky ndryshim \u00ebsht\u00eb pjes\u00eb e reformave t\u00eb Ligjit p\u00ebr Sigurimin Sh\u00ebndet\u00ebsor (KVG \u2013 Krankenversicherungsgesetz), me synimin p\u00ebr t\u00eb frenuar rritjen e kostove t\u00eb sh\u00ebndet\u00ebsis\u00eb dhe p\u00ebr t\u00eb forcuar p\u00ebrgjegj\u00ebsin\u00eb vetjake t\u00eb t\u00eb siguruarve.<\/p>\n<p>Sipas propozimit, t\u00eb rriturit me sigurimin baz\u00eb do t\u00eb duhet t\u00eb paguajn\u00eb 400 franga vet\u00eb, para se sigurimi t\u00eb filloj\u00eb t\u00eb mbuloj\u00eb shpenzimet mjek\u00ebsore. Qeveria argumenton se kjo mas\u00eb do t\u00eb reduktoj\u00eb konsultimet e panevojshme dhe do t\u00eb ul\u00eb presionin mbi sistemin sh\u00ebndet\u00ebsor.<\/p>\n<p>F\u00ebmij\u00ebt p\u00ebrjashtohen nga rritja<\/p>\n<p>Bundesrat ka theksuar se f\u00ebmij\u00ebt nuk do t\u00eb preken nga rritja e franchis\u00ebs (Franchise), p\u00ebrve\u00e7 rasteve kur ata jan\u00eb t\u00eb siguruar n\u00eb modele t\u00eb ve\u00e7anta sigurimi. Sipas qeveris\u00eb, mbrojtja e familjeve mbetet prioritet.<\/p>\n<p>Propozimi d\u00ebrgohet n\u00eb konsultim publik (Vernehmlassung)<\/p>\n<p>Projektligji \u00ebsht\u00eb d\u00ebrguar sot n\u00eb faz\u00ebn e konsultimit publik, t\u00eb njohur n\u00eb Zvic\u00ebr si Vernehmlassung. Gjat\u00eb k\u00ebsaj periudhe, kantonet, partit\u00eb politike, shoqatat e sigurimeve dhe grupet e interesit do t\u00eb ken\u00eb mund\u00ebsin\u00eb t\u00eb paraqesin opinionet e tyre. Pas p\u00ebrfundimit t\u00eb konsultimit, qeveria do t\u00eb vendos\u00eb n\u00ebse ndryshimi do t\u2019i d\u00ebrgohet Parlamentit p\u00ebr miratim.<\/p>\n<p>Debat i pritsh\u00ebm n\u00eb sken\u00ebn politike<\/p>\n<p>Rritja e franchis\u00ebs (Franchise) \u00ebsht\u00eb diskutuar prej vitesh n\u00eb Zvic\u00ebr dhe zakonisht shoq\u00ebrohet me debate t\u00eb forta. Mb\u00ebshtet\u00ebsit e mas\u00ebs thon\u00eb se ajo ul kostot dhe rrit p\u00ebrgjegj\u00ebsin\u00eb individuale. Kund\u00ebrshtar\u00ebt paralajm\u00ebrojn\u00eb se rritja e barr\u00ebs financiare mund t\u00eb godas\u00eb personat me t\u00eb ardhura t\u00eb ul\u00ebta dhe ata q\u00eb kan\u00eb nevoj\u00eb t\u00eb shpesht\u00eb p\u00ebr kujdes mjek\u00ebsor.<\/p>\n<p>TV SYRI do t\u00eb vazhdoj\u00eb t\u00eb ndjek\u00eb reagimet dhe zhvillimet rreth k\u00ebtij propozimi.<\/p>\n","protected":false},"excerpt":{"rendered":"<p>Bern\u00eb, 13 mars 2026 Qeveria Federale e Zvicr\u00ebs (Bundesrat) ka propozuar rritjen e franchis\u00ebs minimale (Franchise) n\u00eb sigurimin baz\u00eb sh\u00ebndet\u00ebsor, nga 300 n\u00eb 400 franga. Ky ndryshim \u00ebsht\u00eb pjes\u00eb e reformave t\u00eb Ligjit p\u00ebr Sigurimin Sh\u00ebndet\u00ebsor (KVG \u2013 Krankenversicherungsgesetz), me synimin p\u00ebr t\u00eb frenuar rritjen e kostove t\u00eb sh\u00ebndet\u00ebsis\u00eb dhe p\u00ebr t\u00eb forcuar p\u00ebrgjegj\u00ebsin\u00eb vetjake [&hellip;]<\/p>\n","protected":false},"author":7,"featured_media":9126,"comment_status":"closed","ping_status":"closed","sticky":false,"template":"","format":"standard","meta":{"footnotes":""},"categories":[2],"tags":[],"class_list":{"0":"post-9125","1":"post","2":"type-post","3":"status-publish","4":"format-standard","5":"has-post-thumbnail","7":"category-zvicer"},"_links":{"self":[{"href":"https:\/\/syri.tv\/index.php?rest_route=\/wp\/v2\/posts\/9125","targetHints":{"allow":["GET"]}}],"collection":[{"href":"https:\/\/syri.tv\/index.php?rest_route=\/wp\/v2\/posts"}],"about":[{"href":"https:\/\/syri.tv\/index.php?rest_route=\/wp\/v2\/types\/post"}],"author":[{"embeddable":true,"href":"https:\/\/syri.tv\/index.php?rest_route=\/wp\/v2\/users\/7"}],"replies":[{"embeddable":true,"href":"https:\/\/syri.tv\/index.php?rest_route=%2Fwp%2Fv2%2Fcomments&post=9125"}],"version-history":[{"count":1,"href":"https:\/\/syri.tv\/index.php?rest_route=\/wp\/v2\/posts\/9125\/revisions"}],"predecessor-version":[{"id":9127,"href":"https:\/\/syri.tv\/index.php?rest_route=\/wp\/v2\/posts\/9125\/revisions\/9127"}],"wp:featuredmedia":[{"embeddable":true,"href":"https:\/\/syri.tv\/index.php?rest_route=\/wp\/v2\/media\/9126"}],"wp:attachment":[{"href":"https:\/\/syri.tv\/index.php?rest_route=%2Fwp%2Fv2%2Fmedia&parent=9125"}],"wp:term":[{"taxonomy":"category","embeddable":true,"href":"https:\/\/syri.tv\/index.php?rest_route=%2Fwp%2Fv2%2Fcategories&post=9125"},{"taxonomy":"post_tag","embeddable":true,"href":"https:\/\/syri.tv\/index.php?rest_route=%2Fwp%2Fv2%2Ftags&post=9125"}],"curies":[{"name":"wp","href":"https:\/\/api.w.org\/{rel}","templated":true}]}}