{"id":9103,"date":"2026-03-13T15:24:00","date_gmt":"2026-03-13T15:24:00","guid":{"rendered":"https:\/\/syri.tv\/?p=9103"},"modified":"2026-03-13T15:24:00","modified_gmt":"2026-03-13T15:24:00","slug":"marta-kos-komisionerja-e-be-se-akuzohet-se-punoi-per-policine-sekrete-jugosllave","status":"publish","type":"post","link":"https:\/\/syri.tv\/?p=9103","title":{"rendered":"Marta Kos Komisionerja e BE-s\u00eb akuzohet se punoi p\u00ebr policin\u00eb sekrete jugosllave"},"content":{"rendered":"<p><em>Sipas POLITICO, akuzat t\u00eb cilat dol\u00ebn gjat\u00eb seanc\u00ebs d\u00ebgjimore t\u00eb konfirmimit t\u00eb komisioneres sllovene n\u00eb Parlament n\u00eb vitin 2024 dhe t\u00eb cilat Kos m\u00eb pas i mohoi, jan\u00eb rishfaqur p\u00ebrpara zgjedhjeve t\u00eb Sllovenis\u00eb m\u00eb 22 mars me mb\u00ebshtetjen e vet\u00eb partis\u00eb s\u00eb Presidentes s\u00eb Komisionit Ursula von der Leyen.<\/em><\/p>\n<p><strong>BRUKSEL-<\/strong>\u00a0Komisionerja e Zgjerimit t\u00eb BE-s\u00eb, Marta Kos, po p\u00ebrballet me akuza t\u00eb reja se ka bashk\u00ebpunuar me policin\u00eb sekrete jugosllave n\u00eb vitet 1980, pasi nj\u00eb an\u00ebtar i Parlamentit Europian pretendoi se kishte prova t\u00eb reja. Sipas<a href=\"https:\/\/www.politico.eu\/article\/eu-commissioner-marta-kos-dogged-by-fresh-secret-police-collaborator-claims\/\">POLITICO<\/a>, akuzat t\u00eb cilat\u00a0dol\u00ebn gjat\u00eb seanc\u00ebs d\u00ebgjimore t\u00eb konfirmimit t\u00eb komisioneres sllovene\u00a0n\u00eb Parlament n\u00eb vitin 2024 dhe t\u00eb cilat Kos m\u00eb pas i mohoi, jan\u00eb rishfaqur p\u00ebrpara\u00a0zgjedhjeve\u00a0t\u00eb Sllovenis\u00eb m\u00eb 22 mars me mb\u00ebshtetjen e vet\u00eb partis\u00eb s\u00eb Presidentes s\u00eb Komisionit Ursula von der Leyen.<\/p>\n<p>Eurodeputetja sllovene Romana Tomc, n\u00ebnkryetare e Partis\u00eb Popullore Evropiane t\u00eb qendr\u00ebs s\u00eb djatht\u00eb grupi m\u00eb i madh n\u00eb Parlament tha t\u00eb enjten se i kishte shkruar Komisionit duke pretenduar se kishte prova t\u00eb reja se Kos bashk\u00ebpunoi me agjencin\u00eb e spiunazhit t\u00eb Jugosllavis\u00eb dhe duke k\u00ebrkuar nj\u00eb hetim.Tomc i tha POLITICO se Kos nuk ishte e sinqert\u00eb kur pretendoi se nuk bashk\u00ebpunoi me sh\u00ebrbimin sekret.<\/p>\n<p><em>\u201cRomana Tomc e ka mbajtur Grupin e PPE-s\u00eb t\u00eb informuar nga af\u00ebr rreth zbulimeve t\u00eb fundit n\u00eb lidhje me Komisioneren Marta Kos. Grupi do ta shqyrtoj\u00eb \u00e7\u00ebshtjen me kujdes. P\u00ebr momentin, v\u00ebrejm\u00eb se Komisionerja Kos nuk i ka mohuar k\u00ebto zbulime t\u00eb reja. Topi tani \u00ebsht\u00eb n\u00eb fush\u00ebn e saj.\u201d,<\/em>\u00a0tha nj\u00eb z\u00ebdh\u00ebn\u00ebs i PPE-s\u00eb.<\/p>\n<p>Kos nuk iu p\u00ebrgjigj k\u00ebrkesave t\u00eb p\u00ebrs\u00ebritura t\u00eb POLITICO-s p\u00ebr koment. Por nj\u00eb zyrtar i Komisionit tha se Kos kaloi n\u00ebp\u00ebr procesin e gjer\u00eb dhe t\u00eb plot\u00eb t\u00eb verifikimit p\u00ebr t\u2019u b\u00ebr\u00eb komisioner, duke shtuar se Parlamenti miratoi em\u00ebrimin e Komisionerit Kos n\u00eb t\u00eb nj\u00ebjtin proces si t\u00eb gjith\u00eb 27 Komisioner\u00ebt. Nj\u00eb zyrtar pran\u00eb zyr\u00ebs s\u00eb komisioneres, t\u00eb cilit iu dha anonimiteti p\u00ebr t\u00eb folur rreth akuzave delikate, i tha POLITICO-s se, Kos \u00ebsht\u00eb shum\u00eb e vet\u00ebdijshme se kund\u00ebrshtar\u00ebt politik\u00eb do t\u2019i p\u00ebrdorin k\u00ebto lloj gj\u00ebrash p\u00ebr t\u00eb fituar pik\u00eb n\u00eb zgjedhjet sllovene, por \u00ebsht\u00eb shum\u00eb e fokusuar n\u00eb pun\u00ebn e saj si komisionere e zgjerimit.<\/p>\n<p>Kos do t\u00eb paraqitet para komisionit t\u00eb pun\u00ebve t\u00eb jashtme t\u00eb Parlamentit t\u00eb h\u00ebn\u00ebn p\u00ebr t\u00eb diskutuar zgjerimin dhe pritet gjithashtu t\u00eb p\u00ebrballet me pyetje n\u00eb lidhje me akuzat. Pyetjet e eurodeputetit slloven drejtuar Komisionit p\u00ebrfshijn\u00eb n\u00ebse ekzekutivi i BE-s\u00eb synon t\u00eb hetoj\u00eb pretendimet kund\u00ebr Kos dhe n\u00ebse zbulimet e m\u00ebtejshme mund t\u00eb ndikojn\u00eb n\u00eb besueshm\u00ebrin\u00eb e komisionerit.<\/p>\n<p><em>\u201cUn\u00eb nuk kam qen\u00eb kurr\u00eb bashk\u00ebpun\u00ebtore apo informatore e sh\u00ebrbimit sekret t\u00eb Jugosllavis\u00eb\u201d<\/em>, u tha Kos eurodeputet\u00ebve n\u00eb seanc\u00ebn e saj d\u00ebgjimore n\u00eb vitin 2024, duke i quajtur akuzat g\u00ebnjeshtra dhe dezinformim. Sllovenia do t\u00eb shkoj\u00eb n\u00eb votime m\u00eb von\u00eb k\u00ebt\u00eb muaj, ku do t\u00eb p\u00ebrballet koalicioni qeveris\u00ebs i majt\u00eb-liberal, t\u00eb cilit m\u00eb par\u00eb i p\u00ebrkiste Kos, me Partin\u00eb Demokratike Sllovene t\u00eb krahut t\u00eb djatht\u00eb, s\u00eb cil\u00ebs i p\u00ebrket Tomc. Kjo e fundit aktualisht kryeson n\u00eb sondazhe.\/<strong>Dosja.al<\/strong><\/p>\n<div class=\"essb_native_buttons\">\n<ul class=\"essb_links\">\n<li class=\"essb_item essb_native_item essb_native_item_twitter essb_native_item_skinned\">\n<div class=\"essb-native-skinned-button flat\">\n<div class=\"essb-native-outsite flat essb-native-twitter\">\n<div class=\"essb-native-text flat\"><span class=\"essb-native-text-inner\">twitter<\/span><\/div>\n<div class=\"essb-native-click\"><iframe id=\"twitter-widget-0\" class=\"twitter-follow-button twitter-follow-button-rendered\" title=\"Twitter Follow Button\" src=\"https:\/\/platform.twitter.com\/widgets\/follow_button.2f70fb173b9000da126c79afe2098f02.en.html#dnt=false&amp;id=twitter-widget-0&amp;lang=en&amp;screen_name=31flaka&amp;show_count=false&amp;show_screen_name=false&amp;size=m&amp;time=1773415248469\" frameborder=\"0\" scrolling=\"no\" allowfullscreen=\"allowfullscreen\" data-screen-name=\"31flaka\" data-mce-fragment=\"1\"><\/iframe><\/div>\n<\/div>\n<\/div>\n<\/li>\n<li class=\"essb_item essb_native_item essb_native_item_facebook essb_native_item_skinned\">\n<div class=\"essb-native-skinned-button flat\">\n<div class=\"essb-native-outsite flat essb-native-facebook\">\n<div class=\"essb-native-text flat\"><span class=\"essb-native-text-inner\">facebook<\/span><\/div>\n<div class=\"essb-native-click\">\n<div>\n<div class=\"fb-like fb_iframe_widget\" data-href=\"\" data-layout=\"button\" data-action=\"like\" data-show-faces=\"false\" data-share=\"true\" data-width=\"292\"><iframe loading=\"lazy\" title=\"fb:like Facebook Social Plugin\" src=\"https:\/\/www.facebook.com\/v5.0\/plugins\/like.php?action=like&amp;app_id=&amp;channel=https%3A%2F%2Fstaticxx.facebook.com%2Fx%2Fconnect%2Fxd_arbiter%2F%3Fversion%3D46%23cb%3Df35664342bb1cb4ce%26domain%3Dwww.voal.ch%26is_canvas%3Dfalse%26origin%3Dhttps%253A%252F%252Fwww.voal.ch%252Ff16dc7e840bf3b38b%26relation%3Dparent.parent&amp;container_width=0&amp;href=https%3A%2F%2Fwww.voal.ch%2Fpolitico-komisionerja-e-be-se-marta-kos-akuzohet-se-punoi-per-policine-sekrete-jugosllave%2Fmultimedia%2Fpress%2F%3Ffbclid%3DIwY2xjawQhCp9leHRuA2FlbQIxMQBzcnRjBmFwcF9pZBAyMjIwMzkxNzg4MjAwODkyAAEemivIXw_VGlvsUNSL_SI7nJXinqU_UgM5awK4f00HrsziSvKcx9IWKb0nO-k_aem_aJ7WnaZQm8cf_ct-0X-9ig&amp;layout=button&amp;locale=en_US&amp;sdk=joey&amp;share=true&amp;show_faces=false&amp;width=292\" name=\"f31c08cefe4815579\" width=\"292px\" height=\"1000px\" frameborder=\"0\" scrolling=\"no\" allowfullscreen=\"allowfullscreen\" data-testid=\"fb:like Facebook Social Plugin\" data-mce-fragment=\"1\"><\/iframe><\/div>\n<\/div>\n<\/div>\n<\/div>\n<\/div>\n<\/li>\n<li class=\"essb_item essb_native_item essb_native_item_linkedin essb_native_item_skinned\">\n<div class=\"essb-native-skinned-button flat\">\n<div class=\"essb-native-outsite flat essb-native-linkedin\">\n<div class=\"essb-native-text flat\"><span class=\"essb-native-text-inner\">linkedin<\/span><\/div>\n<div class=\"essb-native-click\"><span class=\"IN-widget\" data-lnkd-debug=\"&lt;script type=&quot;IN\/FollowCompany+init&quot; data-id=&quot;https:\/\/www.linkedin.com\/in\/elida-bupapaj-97479627\/&quot; data-counter=&quot;none&quot;&gt;&lt;\/script&gt;\"><iframe loading=\"lazy\" id=\"{&quot;xdOrigin&quot;:&quot;https:\/\/www.voal.ch&quot;,&quot;xdChannel&quot;:&quot;93b06862-cd97-4820-99e0-6e70ab5d825f&quot;,&quot;framework&quot;:&quot;@linkedin\/xdoor-sdk&quot;,&quot;version&quot;:&quot;0.2.23&quot;,&quot;debug&quot;:false}\" class=\"IN-widget IN-widget--iframe\" title=\"LinkedIn Embedded Content\" src=\"https:\/\/www.linkedin.com\/pages-extensions\/FollowCompany?id=https%3A%2F%2Fwww.linkedin.com%2Fin%2Felida-bupapaj-97479627%2F&amp;counter=none&amp;xdOrigin=https%3A%2F%2Fwww.voal.ch&amp;xdChannel=93b06862-cd97-4820-99e0-6e70ab5d825f&amp;xd_origin_host=https%3A%2F%2Fwww.voal.ch\" name=\"{&quot;xdOrigin&quot;:&quot;https:\/\/www.voal.ch&quot;,&quot;xdChannel&quot;:&quot;93b06862-cd97-4820-99e0-6e70ab5d825f&quot;,&quot;framework&quot;:&quot;@linkedin\/xdoor-sdk&quot;,&quot;version&quot;:&quot;0.2.23&quot;,&quot;debug&quot;:false}\" width=\"1\" height=\"1\" frameborder=\"0\" scrolling=\"no\" data-mce-fragment=\"1\"><\/iframe><\/span><\/div>\n<\/div>\n<\/div>\n<\/li>\n<\/ul>\n<\/div>\n","protected":false},"excerpt":{"rendered":"<p>Sipas POLITICO, akuzat t\u00eb cilat dol\u00ebn gjat\u00eb seanc\u00ebs d\u00ebgjimore t\u00eb konfirmimit t\u00eb komisioneres sllovene n\u00eb Parlament n\u00eb vitin 2024 dhe t\u00eb cilat Kos m\u00eb pas i mohoi, jan\u00eb rishfaqur p\u00ebrpara zgjedhjeve t\u00eb Sllovenis\u00eb m\u00eb 22 mars me mb\u00ebshtetjen e vet\u00eb partis\u00eb s\u00eb Presidentes s\u00eb Komisionit Ursula von der Leyen. BRUKSEL-\u00a0Komisionerja e Zgjerimit t\u00eb BE-s\u00eb, Marta [&hellip;]<\/p>\n","protected":false},"author":1,"featured_media":9104,"comment_status":"closed","ping_status":"closed","sticky":false,"template":"","format":"standard","meta":{"footnotes":""},"categories":[105],"tags":[],"class_list":{"0":"post-9103","1":"post","2":"type-post","3":"status-publish","4":"format-standard","5":"has-post-thumbnail","7":"category-europa"},"_links":{"self":[{"href":"https:\/\/syri.tv\/index.php?rest_route=\/wp\/v2\/posts\/9103","targetHints":{"allow":["GET"]}}],"collection":[{"href":"https:\/\/syri.tv\/index.php?rest_route=\/wp\/v2\/posts"}],"about":[{"href":"https:\/\/syri.tv\/index.php?rest_route=\/wp\/v2\/types\/post"}],"author":[{"embeddable":true,"href":"https:\/\/syri.tv\/index.php?rest_route=\/wp\/v2\/users\/1"}],"replies":[{"embeddable":true,"href":"https:\/\/syri.tv\/index.php?rest_route=%2Fwp%2Fv2%2Fcomments&post=9103"}],"version-history":[{"count":1,"href":"https:\/\/syri.tv\/index.php?rest_route=\/wp\/v2\/posts\/9103\/revisions"}],"predecessor-version":[{"id":9105,"href":"https:\/\/syri.tv\/index.php?rest_route=\/wp\/v2\/posts\/9103\/revisions\/9105"}],"wp:featuredmedia":[{"embeddable":true,"href":"https:\/\/syri.tv\/index.php?rest_route=\/wp\/v2\/media\/9104"}],"wp:attachment":[{"href":"https:\/\/syri.tv\/index.php?rest_route=%2Fwp%2Fv2%2Fmedia&parent=9103"}],"wp:term":[{"taxonomy":"category","embeddable":true,"href":"https:\/\/syri.tv\/index.php?rest_route=%2Fwp%2Fv2%2Fcategories&post=9103"},{"taxonomy":"post_tag","embeddable":true,"href":"https:\/\/syri.tv\/index.php?rest_route=%2Fwp%2Fv2%2Ftags&post=9103"}],"curies":[{"name":"wp","href":"https:\/\/api.w.org\/{rel}","templated":true}]}}