{"id":9095,"date":"2026-03-11T22:01:13","date_gmt":"2026-03-11T22:01:13","guid":{"rendered":"https:\/\/syri.tv\/?p=9095"},"modified":"2026-03-11T22:05:35","modified_gmt":"2026-03-11T22:05:35","slug":"tragjedi-ne-zvicer-mes-gjashte-viktimave-edhe-moderatorja-26%e2%80%91vjecar","status":"publish","type":"post","link":"https:\/\/syri.tv\/?p=9095","title":{"rendered":"TRAGJEDI N\u00cb ZVIC\u00cbR \u2013 MES GJASHT\u00cb VIKTIMAVE EDHE MODERATORJA 26\u2011VJE\u00c7ARE"},"content":{"rendered":"<p>Policia konfirmon se ngjarja n\u00eb Kerzers ishte nj\u00eb akt i q\u00ebllimsh\u00ebm. Viktima e njohur e medias zvicerane, Lara Baumgartner, humbi jet\u00ebn n\u00eb zjarrin q\u00eb p\u00ebrfshiu autobusin e linj\u00ebs.<\/p>\n<p>Nj\u00eb ngjarje e r\u00ebnd\u00eb ka tronditur Zvicr\u00ebn mbr\u00ebmjen e s\u00eb mart\u00ebs, kur nj\u00eb autobus i linj\u00ebs n\u00eb Kerzers, n\u00eb kantonin Fribourg, u p\u00ebrfshi nga flak\u00ebt pasi nj\u00eb burr\u00eb dyshohet se \u00ebsht\u00eb vet\u00ebdjegur me benzin\u00eb brenda mjetit. Policia zvicerane ka konfirmuar se b\u00ebhet fjal\u00eb p\u00ebr nj\u00eb akt t\u00eb q\u00ebllimsh\u00ebm, nd\u00ebrsa hetimet p\u00ebr motivin vazhdojn\u00eb.<\/p>\n<p>Nga zjarri humb\u00ebn jet\u00ebn gjasht\u00eb persona, nd\u00ebrsa disa t\u00eb tjer\u00eb u plagos\u00ebn, mes tyre edhe nj\u00eb punonj\u00ebs i sh\u00ebrbimeve emergjente.<\/p>\n<p>Mes viktimave edhe moderatorja e njohur Lara Baumgartner<\/p>\n<p><img loading=\"lazy\" loading=\"lazy\" decoding=\"async\" class=\"alignnone size-medium wp-image-9099\" src=\"https:\/\/syri.tv\/wp-content\/uploads\/2026\/03\/20260311_225824-300x169.jpg\" alt=\"\" width=\"300\" height=\"169\" srcset=\"https:\/\/syri.tv\/wp-content\/uploads\/2026\/03\/20260311_225824-300x169.jpg 300w, https:\/\/syri.tv\/wp-content\/uploads\/2026\/03\/20260311_225824-1024x576.jpg 1024w, https:\/\/syri.tv\/wp-content\/uploads\/2026\/03\/20260311_225824-768x432.jpg 768w, https:\/\/syri.tv\/wp-content\/uploads\/2026\/03\/20260311_225824-1536x864.jpg 1536w, https:\/\/syri.tv\/wp-content\/uploads\/2026\/03\/20260311_225824-2048x1152.jpg 2048w, https:\/\/syri.tv\/wp-content\/uploads\/2026\/03\/20260311_225824-860x484.jpg 860w\" sizes=\"auto, (max-width: 300px) 100vw, 300px\" \/><\/p>\n<p>Nd\u00ebr personat q\u00eb nuk arrit\u00ebn t\u00eb mbijetonin \u00ebsht\u00eb edhe Lara Baumgartner (26), moderatore e Radio Energy Bern. Lajmi \u00ebsht\u00eb konfirmuar nga vet\u00eb Radio Energy, e cila ka njoftuar stafin dhe publikun p\u00ebr humbjen e saj t\u00eb r\u00ebnd\u00eb.<\/p>\n<p>N\u00eb njoftimin e medias zvicerane thuhet se ekipi \u00ebsht\u00eb \u201ci tronditur dhe thell\u00ebsisht i pik\u00eblluar\u201d, nd\u00ebrsa i shpreh ngush\u00ebllimet familjes dhe t\u00eb af\u00ebrmve t\u00eb saj. Baumgartner p\u00ebrshkruhet si nj\u00eb person plot energji, e apasionuar pas psikologjis\u00eb, emocioneve t\u00eb forta dhe komunikimit me njer\u00ebzit.<\/p>\n<p>Hetimet vazhdojn\u00eb<\/p>\n<p>Autoritetet zvicerane kan\u00eb deklaruar se autori i dyshuar i ngjarjes \u00ebsht\u00eb mes viktimave. Nuk ka ende informacion mbi motivin e tij, por policia ka theksuar se nuk ka shenja q\u00eb ngjarja t\u00eb ket\u00eb lidhje me motive ideologjike apo terroriste.<\/p>\n<p>D\u00ebshmitar\u00eb n\u00eb vendngjarje kan\u00eb raportuar se burri \u00ebsht\u00eb p\u00ebrgjuar me benzin\u00eb dhe \u00ebsht\u00eb vet\u00ebdjegur brenda autobusit, duke shkaktuar shp\u00ebrthimin e flak\u00ebve q\u00eb u p\u00ebrhap\u00ebn me shpejt\u00ebsi.<\/p>\n<p>Hetimet pritet t\u00eb zgjasin, nd\u00ebrsa autoritetet po punojn\u00eb p\u00ebr identifikimin e plot\u00eb t\u00eb viktimave dhe sqarimin e rrethanave t\u00eb sakta t\u00eb tragjedis\u00eb.<\/p>\n","protected":false},"excerpt":{"rendered":"<p>Policia konfirmon se ngjarja n\u00eb Kerzers ishte nj\u00eb akt i q\u00ebllimsh\u00ebm. Viktima e njohur e medias zvicerane, Lara Baumgartner, humbi jet\u00ebn n\u00eb zjarrin q\u00eb p\u00ebrfshiu autobusin e linj\u00ebs. Nj\u00eb ngjarje e r\u00ebnd\u00eb ka tronditur Zvicr\u00ebn mbr\u00ebmjen e s\u00eb mart\u00ebs, kur nj\u00eb autobus i linj\u00ebs n\u00eb Kerzers, n\u00eb kantonin Fribourg, u p\u00ebrfshi nga flak\u00ebt pasi nj\u00eb [&hellip;]<\/p>\n","protected":false},"author":7,"featured_media":9097,"comment_status":"closed","ping_status":"closed","sticky":false,"template":"","format":"standard","meta":{"footnotes":""},"categories":[2],"tags":[],"class_list":{"0":"post-9095","1":"post","2":"type-post","3":"status-publish","4":"format-standard","5":"has-post-thumbnail","7":"category-zvicer"},"_links":{"self":[{"href":"https:\/\/syri.tv\/index.php?rest_route=\/wp\/v2\/posts\/9095","targetHints":{"allow":["GET"]}}],"collection":[{"href":"https:\/\/syri.tv\/index.php?rest_route=\/wp\/v2\/posts"}],"about":[{"href":"https:\/\/syri.tv\/index.php?rest_route=\/wp\/v2\/types\/post"}],"author":[{"embeddable":true,"href":"https:\/\/syri.tv\/index.php?rest_route=\/wp\/v2\/users\/7"}],"replies":[{"embeddable":true,"href":"https:\/\/syri.tv\/index.php?rest_route=%2Fwp%2Fv2%2Fcomments&post=9095"}],"version-history":[{"count":4,"href":"https:\/\/syri.tv\/index.php?rest_route=\/wp\/v2\/posts\/9095\/revisions"}],"predecessor-version":[{"id":9101,"href":"https:\/\/syri.tv\/index.php?rest_route=\/wp\/v2\/posts\/9095\/revisions\/9101"}],"wp:featuredmedia":[{"embeddable":true,"href":"https:\/\/syri.tv\/index.php?rest_route=\/wp\/v2\/media\/9097"}],"wp:attachment":[{"href":"https:\/\/syri.tv\/index.php?rest_route=%2Fwp%2Fv2%2Fmedia&parent=9095"}],"wp:term":[{"taxonomy":"category","embeddable":true,"href":"https:\/\/syri.tv\/index.php?rest_route=%2Fwp%2Fv2%2Fcategories&post=9095"},{"taxonomy":"post_tag","embeddable":true,"href":"https:\/\/syri.tv\/index.php?rest_route=%2Fwp%2Fv2%2Ftags&post=9095"}],"curies":[{"name":"wp","href":"https:\/\/api.w.org\/{rel}","templated":true}]}}