{"id":9082,"date":"2026-03-08T11:52:14","date_gmt":"2026-03-08T11:52:14","guid":{"rendered":"https:\/\/syri.tv\/?p=9082"},"modified":"2026-03-08T11:52:14","modified_gmt":"2026-03-08T11:52:14","slug":"nje-lider-politik-kryeminister-me-mbi-50-te-besimit-te-popullit-u-tentua-te-shantazhohej-me-formulen-vec-nese-don","status":"publish","type":"post","link":"https:\/\/syri.tv\/?p=9082","title":{"rendered":"Nj\u00eb lider politik, Kryeminist\u00ebr me mbi 50% t\u00eb besimit t\u00eb popullit, u tentua t\u00eb shantazhohej me formul\u00ebn \u201cve\u00e7 n\u00ebse don\u2026\u201d."},"content":{"rendered":"<div class=\"xdj266r x14z9mp xat24cr x1lziwak x1vvkbs x126k92a\">\n<div dir=\"auto\">Reagim publik!<\/div>\n<\/div>\n<div class=\"x14z9mp xat24cr x1lziwak x1vvkbs xtlvy1s x126k92a\">\n<div dir=\"auto\">Me p\u00ebrgjegj\u00ebsi t\u00eb plot\u00eb, konfirmoj \u00e7do detaj t\u00eb fjal\u00ebve t\u00eb Kryeministrit Kurti n\u00eb raport me \u00e7\u00ebshtjen e Presidentit dhe p\u00ebrmendjen e emrit tim.<\/div>\n<\/div>\n<div class=\"x14z9mp xat24cr x1lziwak x1vvkbs xtlvy1s x126k92a\">\n<div dir=\"auto\">Jo t\u00eb d\u00ebgjuara, por t\u00eb par\u00eb me syt\u00eb e mi.<\/div>\n<\/div>\n<div class=\"x14z9mp xat24cr x1lziwak x1vvkbs xtlvy1s x126k92a\">\n<div dir=\"auto\">Nj\u00eb lider politik, Kryeminist\u00ebr me mbi 50% t\u00eb besimit t\u00eb popullit, u tentua t\u00eb shantazhohej me formul\u00ebn \u201cve\u00e7 n\u00ebse don\u2026\u201d.<\/div>\n<div dir=\"auto\">N\u00eb at\u00eb moment nuk u mendua p\u00ebr popullin, p\u00ebr shtetin, p\u00ebr t\u00eb ardhmen e vendit. U mendua vet\u00ebm p\u00ebr pazarin.<\/div>\n<\/div>\n<div class=\"x14z9mp xat24cr x1lziwak x1vvkbs xtlvy1s x126k92a\">\n<div dir=\"auto\">Pse?<\/div>\n<\/div>\n<div class=\"x14z9mp xat24cr x1lziwak x1vvkbs xtlvy1s x126k92a\">\n<div dir=\"auto\">Sepse p\u00ebr disa kjo ka qen\u00eb sistem. Ka qen\u00eb normalitet. Ka qen\u00eb m\u00ebnyra si \u00ebsht\u00eb b\u00ebr\u00eb politika p\u00ebr vite t\u00eb t\u00ebra. Dhe \u00ebsht\u00eb e kuptueshme q\u00eb p\u00ebr nj\u00eb mend\u00ebsi t\u00eb m\u00ebsuar me pazare \u00ebsht\u00eb e v\u00ebshtir\u00eb t\u00eb pranoj\u00eb nj\u00eb Kosov\u00eb ndryshe, nj\u00eb Kosov\u00eb pa tregti politike, me vendosm\u00ebri dhe me parime.<\/div>\n<\/div>\n<div class=\"x14z9mp xat24cr x1lziwak x1vvkbs xtlvy1s x126k92a\">\n<div dir=\"auto\">Sa m\u00eb p\u00ebrket mua.<\/div>\n<\/div>\n<div class=\"x14z9mp xat24cr x1lziwak x1vvkbs xtlvy1s x126k92a\">\n<div dir=\"auto\">Asnj\u00ebher\u00eb n\u00eb jet\u00ebn time nuk kam k\u00ebrkuar ndonj\u00eb post dhurat\u00eb, e aq m\u00eb pak postin e Presidentit, q\u00eb natyrisht \u00ebsht\u00eb nderi m\u00eb i madh q\u00eb mund t\u2019i b\u00ebhet nj\u00eb qytetari t\u00eb k\u00ebtij vendi.<\/div>\n<\/div>\n<div class=\"x14z9mp xat24cr x1lziwak x1vvkbs xtlvy1s x126k92a\">\n<div dir=\"auto\">Asnj\u00ebher\u00eb nuk kam shtrir\u00eb dor\u00ebn p\u00ebr nj\u00eb pozit\u00eb.<\/div>\n<div dir=\"auto\">Asnj\u00ebher\u00eb.<\/div>\n<div dir=\"auto\">E kund\u00ebrta ka ndodhur gjithmon\u00eb.<\/div>\n<div dir=\"auto\">N\u00eb momente t\u00eb caktuara t\u00eb jet\u00ebs sime m\u00eb jan\u00eb ofruar p\u00ebrgjegj\u00ebsi publike, sepse t\u00eb tjer\u00ebt kan\u00eb besuar se mund t\u2019i mbaj me dinjitet.<\/div>\n<div dir=\"auto\">I kam mbajtur me dinjitet.<\/div>\n<div dir=\"auto\">Me parime t\u00eb pathyeshme.<\/div>\n<div dir=\"auto\">Me p\u00ebrkushtim t\u00eb plot\u00eb.<\/div>\n<\/div>\n<div class=\"x14z9mp xat24cr x1lziwak x1vvkbs xtlvy1s x126k92a\">\n<div dir=\"auto\">Natyrisht q\u00eb i pagabuesh\u00ebm nuk jam, por me gjith\u00eb qenien dhe dijen time i jam p\u00ebrkushtuar \u00e7do detyre q\u00eb m\u00eb \u00ebsht\u00eb besuar.<\/div>\n<\/div>\n<div class=\"x14z9mp xat24cr x1lziwak x1vvkbs xtlvy1s x126k92a\">\n<div dir=\"auto\">Kam besuar, prandaj gjithmon\u00eb, n\u00eb \u00e7do pozit\u00eb, e kam mbajtur t\u00eb pal\u00ebkundur thirrjen p\u00ebr unitet.<\/div>\n<\/div>\n<div class=\"x14z9mp xat24cr x1lziwak x1vvkbs xtlvy1s x126k92a\">\n<div dir=\"auto\">Kam besuar gjithmon\u00eb se vet\u00ebm t\u00eb bashkuar mund ta nd\u00ebrtojm\u00eb Kosov\u00ebn q\u00eb duan dhe meritojn\u00eb qytetar\u00ebt.<\/div>\n<\/div>\n<div class=\"x14z9mp xat24cr x1lziwak x1vvkbs xtlvy1s x126k92a\">\n<div dir=\"auto\">Emri im n\u00eb rastin e Presidentit nuk ishte asgj\u00eb m\u00eb shum\u00eb e as m\u00eb pak se nj\u00eb p\u00ebrpjekje e sinqert\u00eb p\u00ebr t\u00eb tejkaluar nj\u00eb ng\u00ebr\u00e7 politik, jo p\u00ebr hir timin, por p\u00ebr hir t\u00eb k\u00ebtij populli dhe stabilitetit institucional.<\/div>\n<\/div>\n<div class=\"x14z9mp xat24cr x1lziwak x1vvkbs xtlvy1s x126k92a\">\n<div dir=\"auto\">P\u00ebr t\u00eb shmangur zgjedhjet e pesta brenda nj\u00eb viti.<\/div>\n<div dir=\"auto\">P\u00ebr t\u00eb shmangur malltretimin e qytetar\u00ebve t\u00eb Kosov\u00ebs me kriz\u00eb t\u00eb nj\u00ebpasnj\u00ebshme politike.<\/div>\n<\/div>\n<div class=\"x14z9mp xat24cr x1lziwak x1vvkbs xtlvy1s x126k92a\">\n<div dir=\"auto\">Mbi 10 vite t\u00eb jet\u00ebs sime ia kam kushtuar PDK-s\u00eb, me p\u00ebrkushtim dhe me bindje t\u00eb plot\u00eb. Kam besuar pafund\u00ebsisht se njer\u00ebzit q\u00eb kontribuan n\u00eb luft\u00ebn p\u00ebr \u00e7lirimin e Kosov\u00ebs do ta ken\u00eb po aq t\u00eb pathyesh\u00ebm vullnetin p\u00ebr zhvillimin e saj.<\/div>\n<\/div>\n<div class=\"x14z9mp xat24cr x1lziwak x1vvkbs xtlvy1s x126k92a\">\n<div dir=\"auto\">Asnj\u00ebher\u00eb nuk kam drejtuar nj\u00eb fjal\u00eb kund\u00ebr tyre.<\/div>\n<div dir=\"auto\">As pasi u em\u00ebrova Kryesues i Komisionit p\u00ebr Persona t\u00eb Zhdukur nga Kryeministri Kurti.<\/div>\n<div dir=\"auto\">As gjat\u00eb fushat\u00ebs n\u00eb dhjetor 2025 si kandidat nga L\u00ebvizja Vet\u00ebvendosje.<\/div>\n<\/div>\n<div class=\"x14z9mp xat24cr x1lziwak x1vvkbs xtlvy1s x126k92a\">\n<div dir=\"auto\">P\u00ebrkundrazi.<\/div>\n<div dir=\"auto\">Edhe kur ata donin t\u00eb m\u00eb largonin me \u00e7do kusht, un\u00eb i mbroja.<\/div>\n<div dir=\"auto\">Edhe kur m\u00eb lan\u00eb \u201cte dera\u201d, si\u00e7 u tha pardje me ciniz\u00ebm, un\u00eb heshtja.<\/div>\n<div dir=\"auto\">Edhe kur m\u00eb sulmonin pa ndalur nga brenda, un\u00eb duroja.<\/div>\n<\/div>\n<div class=\"x14z9mp xat24cr x1lziwak x1vvkbs xtlvy1s x126k92a\">\n<div dir=\"auto\">Kam respektuar \u00e7do individ aty, edhe at\u00ebher\u00eb kur nuk e meritonin.<\/div>\n<div dir=\"auto\">Dit\u00ebn e dyt\u00eb t\u00eb fushat\u00ebs sime si kandidat nga Levizja Vet\u00ebvendosje e kam th\u00ebn\u00eb qart\u00eb n\u00eb media:<\/div>\n<div dir=\"auto\">\u201cT\u00eb kaluar\u00ebn time nuk e mohoj. Njer\u00ebzit vazhdoj t\u2019i respektoj.\u201d<\/div>\n<div dir=\"auto\">Fatkeq\u00ebsisht, pardje u p\u00ebrdor nj\u00eb p\u00ebrqmim e ciniz\u00ebm i ul\u00ebt. Me nj\u00eb n\u00ebnqeshje u tha se un\u00eb \u201ce paskam vendin te dera\u201d.<\/div>\n<\/div>\n<div class=\"x14z9mp xat24cr x1lziwak x1vvkbs xtlvy1s x126k92a\">\n<div dir=\"auto\">Ndoshta p\u00ebr disa dera \u00ebsht\u00eb vendi ku kalojn\u00eb jet\u00ebn duke pritur t\u00eb takojn\u00eb \u201cshefat\u201d. Prandaj edhe u duket se t\u00eb gjith\u00eb e kan\u00eb vendin aty.<\/div>\n<\/div>\n<div class=\"x14z9mp xat24cr x1lziwak x1vvkbs xtlvy1s x126k92a\">\n<div dir=\"auto\">Edhe m\u00eb ironike \u00ebsht\u00eb se dy her\u00eb nuk arrit\u00ebn as te dera e Kryeministris\u00eb p\u00ebr ta marr\u00eb at\u00eb post, edhe pse kishin nj\u00eb parti me fuqi t\u00eb madhe.<\/div>\n<\/div>\n<div class=\"x14z9mp xat24cr x1lziwak x1vvkbs xtlvy1s x126k92a\">\n<div dir=\"auto\">Por p\u00ebr k\u00ebt\u00eb nuk kam asnj\u00eb faj un\u00eb.<\/div>\n<div dir=\"auto\">Sepse lider lind \u2013 nuk b\u00ebhesh me zor.<\/div>\n<\/div>\n<div class=\"x14z9mp xat24cr x1lziwak x1vvkbs xtlvy1s x126k92a\">\n<div dir=\"auto\">I kam premtuar vetes q\u00eb nuk do t\u00eb merrem me t\u00eb kaluar\u00ebn. Por e kaluara fatkeq\u00ebsisht vazhdon t\u00eb m\u00eb ndjek\u00eb, sepse disa i pengon fakti q\u00eb un\u00eb nuk jam m\u00eb \u201cte dera\u201d.<\/div>\n<\/div>\n<div class=\"x14z9mp xat24cr x1lziwak x1vvkbs xtlvy1s x126k92a\">\n<div dir=\"auto\">Pes\u00eb zgjedhje brenda nj\u00eb viti.<\/div>\n<div dir=\"auto\">Pes\u00eb her\u00eb shpres\u00eb dhe zhg\u00ebnjim p\u00ebr qytetar\u00ebt.<\/div>\n<div dir=\"auto\">Pes\u00eb her\u00eb destabilizim p\u00ebr shtetin.<\/div>\n<div dir=\"auto\">Vet\u00ebm p\u00ebr t\u00eb larguar dik\u00eb q\u00eb populli e ka vendosur aty.<\/div>\n<\/div>\n<div class=\"x14z9mp xat24cr x1lziwak x1vvkbs xtlvy1s x126k92a\">\n<div dir=\"auto\">Kjo nuk \u00ebsht\u00eb politik\u00eb.<\/div>\n<div dir=\"auto\">Kjo nuk \u00ebsht\u00eb normalitet.<\/div>\n<div dir=\"auto\">Kjo nuk \u00ebsht\u00eb qytetari.<\/div>\n<div dir=\"auto\">Kjo \u00ebsht\u00eb \u00e7menduri politike.<\/div>\n<\/div>\n<div class=\"x14z9mp xat24cr x1lziwak x1vvkbs xtlvy1s x126k92a\">\n<div dir=\"auto\">Vendi p\u00ebr t\u00eb cilin \u00ebsht\u00eb derdhur gjak, p\u00ebrfshir\u00eb edhe gjakun e babait tim, axh\u00ebs tim dhe gjyshit tim, po vazhdon t\u00eb mbahet peng nga mania p\u00ebr pushtet: ku pazari \u00ebsht\u00eb instrumenti kryesor p\u00ebr qeverisje, nd\u00ebrsa vota e popullit trajtohet si penges\u00eb.<\/div>\n<\/div>\n<div class=\"x14z9mp xat24cr x1lziwak x1vvkbs xtlvy1s x126k92a\">\n<div dir=\"auto\">Por n\u00eb fund gjykon vet\u00ebm nj\u00eb: populli.<\/div>\n<div dir=\"auto\">Ai ka gjykuar.<\/div>\n<div dir=\"auto\">Dhe ai do t\u00eb gjykoj\u00eb p\u00ebrs\u00ebri, p\u00ebr secilin prej nesh.<\/div>\n<\/div>\n<div class=\"x14z9mp xat24cr x1lziwak x1vvkbs xtlvy1s x126k92a\">\n<div dir=\"auto\">Nj\u00eb gj\u00eb, megjithat\u00eb mbetet edhe m\u00eb cinike. Sulmet ndaj meje, jo p\u00ebr at\u00eb \u00e7far\u00eb kam b\u00ebr\u00eb, por p\u00ebr at\u00eb se i kujt jam.<\/div>\n<div dir=\"auto\">Af\u00ebr 3 vite p\u00ebrvoj\u00eb pune n\u00eb gazeta, mbi 17 vite p\u00ebrvoj\u00eb institucionale, deputet, kryesues i komisionit, kryetar delegacioni dhe sot minist\u00ebr, n\u00eb \u00e7do detyr\u00eb q\u00eb kam mbajtur kam punuar me p\u00ebrkushtim dhe p\u00ebrgjegj\u00ebsi.<\/div>\n<\/div>\n<div class=\"x14z9mp xat24cr x1lziwak x1vvkbs xtlvy1s x126k92a\">\n<div dir=\"auto\">Asnj\u00eb skandal.<\/div>\n<div dir=\"auto\">Asnj\u00eb dyshim korrupsioni.<\/div>\n<div dir=\"auto\">Asnj\u00eb tradhti.<\/div>\n<\/div>\n<div class=\"x14z9mp xat24cr x1lziwak x1vvkbs xtlvy1s x126k92a\">\n<div dir=\"auto\">Dhe megjithat\u00eb, shpeshher\u00eb sulmohem m\u00eb shum\u00eb se ata q\u00eb skan\u00eb l\u00ebn\u00eb gj\u00eb t&#8217;zez\u00eb pa i b\u00ebr\u00eb shtetit.<\/div>\n<\/div>\n<div class=\"x14z9mp xat24cr x1lziwak x1vvkbs xtlvy1s x126k92a\">\n<div dir=\"auto\">Nganj\u00ebher\u00eb krijohet p\u00ebrshtypja se \u201cfaji\u201d im i vet\u00ebm \u00ebsht\u00eb se jam djali i Ukshin Hotit.<\/div>\n<\/div>\n<div class=\"x14z9mp xat24cr x1lziwak x1vvkbs xtlvy1s x126k92a\">\n<div dir=\"auto\">Por ata q\u00eb po sulmojn\u00eb mbi baz\u00ebn e k\u00ebsaj arsyeje, duhet ta dijn\u00eb q\u00eb kjo nuk \u00ebsht\u00eb problem p\u00ebr mua, \u00ebsht\u00eb krenari!<\/div>\n<\/div>\n<div class=\"x14z9mp xat24cr x1lziwak x1vvkbs xtlvy1s x126k92a\">\n<div dir=\"auto\">Shum\u00eb vite m\u00eb par\u00eb, nj\u00eb profesor m\u00eb pati th\u00ebn\u00eb nj\u00eb fjali q\u00eb nuk e kam harruar kurr\u00eb:<\/div>\n<div dir=\"auto\">\u201cTi je djali i Ukshin Hotit. Dhe kjo do t\u00eb t\u00eb ndjek\u00eb gjithmon\u00eb. Mundohu ta mbash me nder, por duke nd\u00ebrtuar edhe emrin t\u00ebnd.\u201d<\/div>\n<div dir=\"auto\">Dhe kjo \u00ebsht\u00eb ajo q\u00eb jam p\u00ebrpjekur t\u00eb b\u00ebj gjith\u00eb jet\u00ebn time.<\/div>\n<div dir=\"auto\">Me pun\u00eb t\u00eb ndershme.<\/div>\n<div dir=\"auto\">Me p\u00ebrkushtim t\u00eb plot\u00eb.<\/div>\n<div dir=\"auto\">Me p\u00ebrgjegj\u00ebsi ndaj \u00e7do detyre q\u00eb m\u00eb \u00ebsht\u00eb besuar.<\/div>\n<\/div>\n<div class=\"x14z9mp xat24cr x1lziwak x1vvkbs xtlvy1s x126k92a\">\n<div dir=\"auto\">Por nuk \u00ebsht\u00eb faji im q\u00eb vepra e Ukshin Hotit \u00ebsht\u00eb aq kolosale sa m\u00eb ndjek pas gjith\u00eb jet\u00ebn, jo si barr\u00eb, por si mburoj\u00eb morale.<\/div>\n<\/div>\n<div class=\"x14z9mp xat24cr x1lziwak x1vvkbs xtlvy1s x126k92a\">\n<div dir=\"auto\">Un\u00eb, p\u00ebrs\u00ebri, me sinqeritet, rip\u00ebrs\u00ebris thirrjen time p\u00ebr unitet, p\u00ebr hir t\u00eb vendit ton\u00eb dhe p\u00ebr hir t\u00eb f\u00ebmij\u00ebve tan\u00eb. Sidomos n\u00eb situat\u00ebn n\u00eb t\u00eb cil\u00ebn ndodhet bota sot, kur sfidat jan\u00eb m\u00eb t\u00eb m\u00ebdha e m\u00eb k\u00ebrc\u00ebnuese se sa secili prej nesh.<\/div>\n<\/div>\n<div class=\"x14z9mp xat24cr x1lziwak x1vvkbs xtlvy1s x126k92a\">\n<div dir=\"auto\">Sa p\u00ebr \u201cmbeturinat jugosllave\u201d n\u00eb Kosov\u00ebn e pasluft\u00ebs: ata nuk e kan\u00eb me mua. Ata e kan\u00eb m\u00eb shum\u00eb me Ukshin Hotin. E kan\u00eb me at\u00eb q\u00eb ua ka prishur rehatin\u00eb e trash\u00ebguar.<\/div>\n<div dir=\"auto\">Un\u00eb jam vet\u00ebm objektivi m\u00eb i leht\u00eb p\u00ebr mllefin e tyre.<\/div>\n<\/div>\n<div class=\"x14z9mp xat24cr x1lziwak x1vvkbs xtlvy1s x126k92a\">\n<div dir=\"auto\">Kam krijuar gjithashtu bindjen p\u00ebr nj\u00eb aft\u00ebsi t\u00eb \u00e7uditshme p\u00ebr t\u2019i t\u00ebrhequr mbeturinat. Sidomos disa kategori t\u00eb tyre.<\/div>\n<div dir=\"auto\">Ata q\u00eb dikur, si pronar\u00eb portalesh, e quanin edhe Adem Dema\u00e7in \u201cidiot\u201d, duke treguar deficit t\u00eb thell\u00eb komb\u00ebtar q\u00eb vjen nga historia e familjeve t\u00eb tyre.<\/div>\n<div dir=\"auto\">Dhe ata q\u00eb si kryeredaktor\u00eb portalesh lejonin tituj t\u00eb till\u00eb si<\/div>\n<div dir=\"auto\">\u201cKthehen eshtrat e Ukshin Hotit t\u00eb diel\u00ebn\u201d, duke fabrikuar edhe eshtra t\u00eb paqena vet\u00ebm p\u00ebr t\u00eb sulmuar familjen time, si\u00e7 duket nga servilizmi i tepruar i konvertuar n\u00eb inat pse un\u00eb nuk jam ende &#8218;te dera&#8216;.<\/div>\n<div dir=\"auto\">Dhe nj\u00eb kategori tjet\u00ebr, ndoshta edhe m\u00eb e neveritshme: ata q\u00eb nj\u00eb koh\u00eb ndjenin nj\u00eb k\u00ebnaq\u00ebsi t\u00eb \u00e7uditshme duke ofenduar \u201ckomandant\u00ebt\u201d n\u00eb m\u00ebnyr\u00eb bizare n\u00eb ndeja private, nd\u00ebrsa n\u00eb t\u00eb nj\u00ebjt\u00ebn koh\u00eb, p\u00ebrfshir\u00eb rdhe tash, u sh\u00ebrbenin me nj\u00eb serviliz\u00ebm t\u00eb zellsh\u00ebm sapo u dilnin p\u00ebrpara.<\/div>\n<\/div>\n<div class=\"x14z9mp xat24cr x1lziwak x1vvkbs xtlvy1s x126k92a\">\n<div dir=\"auto\">Por nj\u00eb gj\u00eb duhet ta din\u00eb mir\u00eb:<\/div>\n<div dir=\"auto\">Ukshin Hotin dhe veprimtarin\u00eb e tij nuk mund ta zvog\u00ebloni me asnj\u00eb sulm n\u00eb bot\u00eb.<\/div>\n<div dir=\"auto\">Historia nuk shkruhet nga portalet e dit\u00ebs.<\/div>\n<div dir=\"auto\">Historia shkruhet nga veprat.<\/div>\n<div dir=\"auto\">Dhe historia e Ukshin Hotit \u00ebsht\u00eb shum\u00eb m\u00eb e madhe se \u00e7do p\u00ebrpjekje e vog\u00ebl p\u00ebr ta baltosur.<\/div>\n<div dir=\"auto\">Sepse historia ka nj\u00eb rregull t\u00eb thjesht\u00eb:<\/div>\n<\/div>\n<div class=\"x14z9mp xat24cr x1lziwak x1vvkbs xtlvy1s x126k92a\">\n<div dir=\"auto\">Mbeturinat i mbulon toka.<\/div>\n<div dir=\"auto\">Lisat me rr\u00ebnj\u00eb t\u00eb forta q\u00ebndrojn\u00eb gjithmon\u00eb mbi dhe.<\/div>\n<\/div>\n","protected":false},"excerpt":{"rendered":"<p>Reagim publik! Me p\u00ebrgjegj\u00ebsi t\u00eb plot\u00eb, konfirmoj \u00e7do detaj t\u00eb fjal\u00ebve t\u00eb Kryeministrit Kurti n\u00eb raport me \u00e7\u00ebshtjen e Presidentit dhe p\u00ebrmendjen e emrit tim. Jo t\u00eb d\u00ebgjuara, por t\u00eb par\u00eb me syt\u00eb e mi. Nj\u00eb lider politik, Kryeminist\u00ebr me mbi 50% t\u00eb besimit t\u00eb popullit, u tentua t\u00eb shantazhohej me formul\u00ebn \u201cve\u00e7 n\u00ebse don\u2026\u201d. [&hellip;]<\/p>\n","protected":false},"author":1,"featured_media":9084,"comment_status":"closed","ping_status":"closed","sticky":false,"template":"","format":"standard","meta":{"footnotes":""},"categories":[9],"tags":[],"class_list":{"0":"post-9082","1":"post","2":"type-post","3":"status-publish","4":"format-standard","5":"has-post-thumbnail","7":"category-vendi"},"_links":{"self":[{"href":"https:\/\/syri.tv\/index.php?rest_route=\/wp\/v2\/posts\/9082","targetHints":{"allow":["GET"]}}],"collection":[{"href":"https:\/\/syri.tv\/index.php?rest_route=\/wp\/v2\/posts"}],"about":[{"href":"https:\/\/syri.tv\/index.php?rest_route=\/wp\/v2\/types\/post"}],"author":[{"embeddable":true,"href":"https:\/\/syri.tv\/index.php?rest_route=\/wp\/v2\/users\/1"}],"replies":[{"embeddable":true,"href":"https:\/\/syri.tv\/index.php?rest_route=%2Fwp%2Fv2%2Fcomments&post=9082"}],"version-history":[{"count":2,"href":"https:\/\/syri.tv\/index.php?rest_route=\/wp\/v2\/posts\/9082\/revisions"}],"predecessor-version":[{"id":9085,"href":"https:\/\/syri.tv\/index.php?rest_route=\/wp\/v2\/posts\/9082\/revisions\/9085"}],"wp:featuredmedia":[{"embeddable":true,"href":"https:\/\/syri.tv\/index.php?rest_route=\/wp\/v2\/media\/9084"}],"wp:attachment":[{"href":"https:\/\/syri.tv\/index.php?rest_route=%2Fwp%2Fv2%2Fmedia&parent=9082"}],"wp:term":[{"taxonomy":"category","embeddable":true,"href":"https:\/\/syri.tv\/index.php?rest_route=%2Fwp%2Fv2%2Fcategories&post=9082"},{"taxonomy":"post_tag","embeddable":true,"href":"https:\/\/syri.tv\/index.php?rest_route=%2Fwp%2Fv2%2Ftags&post=9082"}],"curies":[{"name":"wp","href":"https:\/\/api.w.org\/{rel}","templated":true}]}}