{"id":9062,"date":"2026-03-06T21:11:25","date_gmt":"2026-03-06T21:11:25","guid":{"rendered":"https:\/\/syri.tv\/?p=9062"},"modified":"2026-03-06T21:11:25","modified_gmt":"2026-03-06T21:11:25","slug":"komuniteti-shqiptar-ne-zuerich-ka-nje-ze-te-fuqishem-ne-kandidaturen-e-perparim-avdilit","status":"publish","type":"post","link":"https:\/\/syri.tv\/?p=9062","title":{"rendered":"Komuniteti shqiptar n\u00eb Z\u00fcrich ka nj\u00eb z\u00eb t\u00eb fuqish\u00ebm n\u00eb kandidatur\u00ebn e P\u00ebrparim Avdilit"},"content":{"rendered":"<p>Komuniteti shqiptar n\u00eb Zvic\u00ebr vazhdon t\u00eb d\u00ebshmoj\u00eb \u00e7do dit\u00eb se \u00ebsht\u00eb nj\u00eb pjes\u00eb e r\u00ebnd\u00ebsishme e shoq\u00ebris\u00eb zvicerane, duke kontribuar me pun\u00eb, integrim dhe sukses n\u00eb t\u00eb gjitha fushat. N\u00eb k\u00ebt\u00eb realitet t\u00eb konsoliduar, figura t\u00eb reja po marrin p\u00ebrgjegj\u00ebsi t\u00eb r\u00ebnd\u00ebsishme publike, duke p\u00ebrfaq\u00ebsuar me dinjitet komunitetin ton\u00eb.<\/p>\n<p>Nj\u00eb prej tyre \u00ebsht\u00eb P\u00ebrparim Avdili, kandidat i FDP.The Liberals p\u00ebr zgjedhjet e 8 marsit n\u00eb qytetin e Z\u00fcrich-ut. Avdili prej vitesh \u00ebsht\u00eb i angazhuar n\u00eb jet\u00ebn politike dhe shoq\u00ebrore t\u00eb qytetit, duke u b\u00ebr\u00eb shembull i integrimit dhe i p\u00ebrkushtimit ndaj interesit publik.<\/p>\n<p>Mb\u00ebshtetja e Feti Demollit<\/p>\n<p>N\u00eb k\u00ebt\u00eb proces zgjedhor, mb\u00ebshtetja e figurave t\u00eb njohura t\u00eb komunitetit shqiptar ka nj\u00eb pesh\u00eb t\u00eb ve\u00e7ant\u00eb.<\/p>\n<p>Feti Demolli, Kryetar i Unionit t\u00eb Klubeve Futbollit Shqiptare n\u00eb Zvic\u00ebr, ka shprehur publikisht p\u00ebrkrahjen e tij p\u00ebr kandidatur\u00ebn e Avdilit, duke theksuar r\u00ebnd\u00ebsin\u00eb e p\u00ebrfaq\u00ebsimit t\u00eb denj\u00eb n\u00eb institucionet zvicerane.<\/p>\n<p>P\u00ebr nj\u00eb prononcim p\u00ebr Syri.tv, Feti Demolli nd\u00ebr t\u00eb tjera u shpreh:<\/p>\n<p>\u201cSi Kryetar i Unionit t\u00eb Klubeve Futbollistike Shqiptare n\u00eb Zvic\u00ebr, shpreh mb\u00ebshtetjen time p\u00ebr P\u00ebrparim Avdilin dhe ftoj t\u00eb gjith\u00eb shqiptar\u00ebt n\u00eb kantonin Z\u00fcrich ta p\u00ebrkrahin n\u00eb zgjedhjet e 8 marsit.\u201d<\/p>\n<p>Ai shton se komuniteti shqiptar n\u00eb Z\u00fcrich ka dh\u00ebn\u00eb prova t\u00eb qarta t\u00eb integrimit dhe kontributit t\u00eb tij, nd\u00ebrsa kandidatura e Avdilit \u00ebsht\u00eb nj\u00eb vazhdim\u00ebsi e k\u00ebtij rrug\u00ebtimi.<\/p>\n<p>Nj\u00eb shembull i integrimit dhe p\u00ebrkushtimit<\/p>\n<p>P\u00ebrparim Avdili \u00ebsht\u00eb vler\u00ebsuar shpesh si nj\u00eb prej figurave t\u00eb reja q\u00eb p\u00ebrfaq\u00ebsojn\u00eb me dinjitet komunitetin shqiptar n\u00eb Zvic\u00ebr. Angazhimi i tij politik dhe shoq\u00ebror shihet si nj\u00eb model i integrimit aktiv dhe i pjes\u00ebmarrjes s\u00eb p\u00ebrgjegjshme n\u00eb jet\u00ebn publike.<\/p>\n<p>\u201cP\u00ebrparim Avdili \u00ebsht\u00eb nj\u00eb shembull i k\u00ebtij kontributi \u2013 nj\u00eb z\u00eb i denj\u00eb q\u00eb p\u00ebrfaq\u00ebson integrimin dhe t\u00eb ardhmen ton\u00eb n\u00eb qytetin ku jetojm\u00eb,\u201d thekson m\u00eb tej Feti Demolli.<\/p>\n<p>Thirrja p\u00ebr pjes\u00ebmarrje<\/p>\n<p>N\u00eb p\u00ebrfundim, Demolli u b\u00ebn thirrje t\u00eb gjith\u00eb shqiptar\u00ebve me t\u00eb drejt\u00eb vote n\u00eb kantonin Z\u00fcrich q\u00eb t\u00eb marrin pjes\u00eb n\u00eb zgjedhjet e 8 marsit dhe t\u00eb mb\u00ebshtesin kandidatur\u00ebn e Avdilit.<\/p>\n<p>\u201cM\u00eb 8 mars, ta mb\u00ebshtesim k\u00ebt\u00eb rrug\u00ebtim. Suksese P\u00ebrparimit!\u201d p\u00ebrmbyll ai.<\/p>\n<p>&nbsp;<\/p>\n","protected":false},"excerpt":{"rendered":"<p>Komuniteti shqiptar n\u00eb Zvic\u00ebr vazhdon t\u00eb d\u00ebshmoj\u00eb \u00e7do dit\u00eb se \u00ebsht\u00eb nj\u00eb pjes\u00eb e r\u00ebnd\u00ebsishme e shoq\u00ebris\u00eb zvicerane, duke kontribuar me pun\u00eb, integrim dhe sukses n\u00eb t\u00eb gjitha fushat. N\u00eb k\u00ebt\u00eb realitet t\u00eb konsoliduar, figura t\u00eb reja po marrin p\u00ebrgjegj\u00ebsi t\u00eb r\u00ebnd\u00ebsishme publike, duke p\u00ebrfaq\u00ebsuar me dinjitet komunitetin ton\u00eb. Nj\u00eb prej tyre \u00ebsht\u00eb P\u00ebrparim Avdili, [&hellip;]<\/p>\n","protected":false},"author":7,"featured_media":9063,"comment_status":"closed","ping_status":"closed","sticky":false,"template":"","format":"standard","meta":{"footnotes":""},"categories":[2],"tags":[],"class_list":{"0":"post-9062","1":"post","2":"type-post","3":"status-publish","4":"format-standard","5":"has-post-thumbnail","7":"category-zvicer"},"_links":{"self":[{"href":"https:\/\/syri.tv\/index.php?rest_route=\/wp\/v2\/posts\/9062","targetHints":{"allow":["GET"]}}],"collection":[{"href":"https:\/\/syri.tv\/index.php?rest_route=\/wp\/v2\/posts"}],"about":[{"href":"https:\/\/syri.tv\/index.php?rest_route=\/wp\/v2\/types\/post"}],"author":[{"embeddable":true,"href":"https:\/\/syri.tv\/index.php?rest_route=\/wp\/v2\/users\/7"}],"replies":[{"embeddable":true,"href":"https:\/\/syri.tv\/index.php?rest_route=%2Fwp%2Fv2%2Fcomments&post=9062"}],"version-history":[{"count":1,"href":"https:\/\/syri.tv\/index.php?rest_route=\/wp\/v2\/posts\/9062\/revisions"}],"predecessor-version":[{"id":9064,"href":"https:\/\/syri.tv\/index.php?rest_route=\/wp\/v2\/posts\/9062\/revisions\/9064"}],"wp:featuredmedia":[{"embeddable":true,"href":"https:\/\/syri.tv\/index.php?rest_route=\/wp\/v2\/media\/9063"}],"wp:attachment":[{"href":"https:\/\/syri.tv\/index.php?rest_route=%2Fwp%2Fv2%2Fmedia&parent=9062"}],"wp:term":[{"taxonomy":"category","embeddable":true,"href":"https:\/\/syri.tv\/index.php?rest_route=%2Fwp%2Fv2%2Fcategories&post=9062"},{"taxonomy":"post_tag","embeddable":true,"href":"https:\/\/syri.tv\/index.php?rest_route=%2Fwp%2Fv2%2Ftags&post=9062"}],"curies":[{"name":"wp","href":"https:\/\/api.w.org\/{rel}","templated":true}]}}