{"id":9059,"date":"2026-03-04T17:42:54","date_gmt":"2026-03-04T17:42:54","guid":{"rendered":"https:\/\/syri.tv\/?p=9059"},"modified":"2026-03-04T17:42:54","modified_gmt":"2026-03-04T17:42:54","slug":"votimi-i-glauk-konjufces-per-president-te-republikes-do-te-ishte-zgjidhja-me-e-mire-per-vendin","status":"publish","type":"post","link":"https:\/\/syri.tv\/?p=9059","title":{"rendered":"Votimi i Glauk Konjufc\u00ebs p\u00ebr President t\u00eb Republik\u00ebs do t\u00eb ishte zgjidhja m\u00eb e mir\u00eb p\u00ebr vendin."},"content":{"rendered":"<p>Shkruan\u00a0<strong>Syl\u00eb Ukshini<\/strong>, ish-ambasadori i Kosov\u00ebs n\u00eb Shqip\u00ebri<\/p>\n<p>Votimi i Glauk Konjufc\u00ebs p\u00ebr President t\u00eb Republik\u00ebs do t\u00eb ishte zgjidhja m\u00eb e mir\u00eb p\u00ebr vendin.<\/p>\n<p>Nga p\u00ebrvoja ime e shkurt\u00ebr e bashk\u00ebpunimit me t\u00eb si Minist\u00ebr i Jasht\u00ebm n\u00eb vitin 2020 jam bindur se \u00ebsht\u00eb politikan q\u00eb di t\u00eb b\u00ebj\u00eb pun\u00eb t\u00eb mir\u00eb ekipore. Prandaj vota e PDK-se p\u00ebr Glauk Konjufc\u00ebn do t\u00eb ishte veprimi strategjik p\u00ebr vendin dhe p\u00ebr vet\u00eb PDK-n\u00eb.<\/p>\n<p>Vet\u00ebm p\u00ebr q\u00ebndrim parimor dhe shtet\u00ebror ndaj Gjykat\u00ebs Speciale, si dhe votimi nga VV-ja i rezolut\u00ebs n\u00eb mbrojtje t\u00eb ish-krer\u00ebve t\u00eb U\u00c7K-s\u00eb jan\u00eb argumente t\u00eb mjaftueshme p\u00ebrse PDK duhet t\u00eb ket\u00eb vot\u00eb p\u00ebr Glauk Konjufc\u00ebn p\u00ebr President t\u00eb Republik\u00ebs!<\/p>\n<p>Ai p\u00ebrfaq\u00ebson nj\u00eb politikan q\u00eb ka kredibilitet t\u00eb lart\u00eb brenda sken\u00ebs politile politik shqiptare dhe eksperienc\u00eb t\u00eb mjaftueshme n\u00eb rrafshin nd\u00ebrkomb\u00ebtar. Nj\u00eb veprim politik nuk duhet marr\u00eb me disponimin e momentit, por duhet t\u00eb ket\u00eb qart\u00ebsi afatgjate dhe strategjike!<\/p>\n<p>P\u00ebr votimin e Rezolut\u00ebs nga VV-ja, Glauku e meriton vot\u00ebn e PDK. P\u00ebrve\u00e7 k\u00ebsaj, ai vjen nga nj\u00eb familje me kontribute t\u00eb larta komb\u00ebtare!<\/p>\n","protected":false},"excerpt":{"rendered":"<p>Shkruan\u00a0Syl\u00eb Ukshini, ish-ambasadori i Kosov\u00ebs n\u00eb Shqip\u00ebri Votimi i Glauk Konjufc\u00ebs p\u00ebr President t\u00eb Republik\u00ebs do t\u00eb ishte zgjidhja m\u00eb e mir\u00eb p\u00ebr vendin. Nga p\u00ebrvoja ime e shkurt\u00ebr e bashk\u00ebpunimit me t\u00eb si Minist\u00ebr i Jasht\u00ebm n\u00eb vitin 2020 jam bindur se \u00ebsht\u00eb politikan q\u00eb di t\u00eb b\u00ebj\u00eb pun\u00eb t\u00eb mir\u00eb ekipore. Prandaj vota [&hellip;]<\/p>\n","protected":false},"author":1,"featured_media":9060,"comment_status":"closed","ping_status":"closed","sticky":false,"template":"","format":"standard","meta":{"footnotes":""},"categories":[9],"tags":[],"class_list":{"0":"post-9059","1":"post","2":"type-post","3":"status-publish","4":"format-standard","5":"has-post-thumbnail","7":"category-vendi"},"_links":{"self":[{"href":"https:\/\/syri.tv\/index.php?rest_route=\/wp\/v2\/posts\/9059","targetHints":{"allow":["GET"]}}],"collection":[{"href":"https:\/\/syri.tv\/index.php?rest_route=\/wp\/v2\/posts"}],"about":[{"href":"https:\/\/syri.tv\/index.php?rest_route=\/wp\/v2\/types\/post"}],"author":[{"embeddable":true,"href":"https:\/\/syri.tv\/index.php?rest_route=\/wp\/v2\/users\/1"}],"replies":[{"embeddable":true,"href":"https:\/\/syri.tv\/index.php?rest_route=%2Fwp%2Fv2%2Fcomments&post=9059"}],"version-history":[{"count":1,"href":"https:\/\/syri.tv\/index.php?rest_route=\/wp\/v2\/posts\/9059\/revisions"}],"predecessor-version":[{"id":9061,"href":"https:\/\/syri.tv\/index.php?rest_route=\/wp\/v2\/posts\/9059\/revisions\/9061"}],"wp:featuredmedia":[{"embeddable":true,"href":"https:\/\/syri.tv\/index.php?rest_route=\/wp\/v2\/media\/9060"}],"wp:attachment":[{"href":"https:\/\/syri.tv\/index.php?rest_route=%2Fwp%2Fv2%2Fmedia&parent=9059"}],"wp:term":[{"taxonomy":"category","embeddable":true,"href":"https:\/\/syri.tv\/index.php?rest_route=%2Fwp%2Fv2%2Fcategories&post=9059"},{"taxonomy":"post_tag","embeddable":true,"href":"https:\/\/syri.tv\/index.php?rest_route=%2Fwp%2Fv2%2Ftags&post=9059"}],"curies":[{"name":"wp","href":"https:\/\/api.w.org\/{rel}","templated":true}]}}