{"id":9055,"date":"2026-03-04T11:22:41","date_gmt":"2026-03-04T11:22:41","guid":{"rendered":"https:\/\/syri.tv\/?p=9055"},"modified":"2026-03-04T11:22:41","modified_gmt":"2026-03-04T11:22:41","slug":"takim-kortezie-ne-berne-ambasadori-latifi-pret-ambasadorin-e-ri-te-shqiperise-ermal-dredha","status":"publish","type":"post","link":"https:\/\/syri.tv\/?p=9055","title":{"rendered":"Takim kortezie n\u00eb Bern\u00eb Ambasadori Latifi pret ambasadorin e ri t\u00eb Shqip\u00ebris\u00eb Ermal Dredha"},"content":{"rendered":"<p>Bern\u00eb, Zvic\u00ebr \u2014 Ambasadori i Republik\u00ebs s\u00eb Kosov\u00ebs n\u00eb Zvic\u00ebr, Mentor Latifi, ka pritur n\u00eb nj\u00eb takim kortezie ambasadorin e ri t\u00eb Republik\u00ebs s\u00eb Shqip\u00ebris\u00eb n\u00eb Bern\u00eb, Ermal Dredha, me rastin e marrjes s\u00eb detyr\u00ebs s\u00eb tij diplomatike.<\/p>\n<p>Gjat\u00eb takimit u theksua bashk\u00ebpunimi i ngusht\u00eb mes dy shteteve, si dhe p\u00ebrkushtimi i p\u00ebrbashk\u00ebt p\u00ebr t\u2019i sh\u00ebrbyer dhe mb\u00ebshtetur diaspor\u00ebn shqiptare n\u00eb Zvic\u00ebr, e cila p\u00ebrb\u00ebn nj\u00eb komunitet t\u00eb fuqish\u00ebm, t\u00eb organizuar dhe me ndikim t\u00eb r\u00ebnd\u00ebsish\u00ebm n\u00eb jet\u00ebn shoq\u00ebrore dhe ekonomike t\u00eb vendit prit\u00ebs.<\/p>\n<p>Sipas njoftimit t\u00eb Ambasad\u00ebs s\u00eb Kosov\u00ebs n\u00eb Bern\u00eb, atmosfera e takimit ishte miq\u00ebsore dhe v\u00ebllaz\u00ebrore, duke reflektuar marr\u00ebdh\u00ebniet e q\u00ebndrueshme dhe historike mes Kosov\u00ebs dhe Shqip\u00ebris\u00eb. T\u00eb dy ambasador\u00ebt shpreh\u00ebn gatishm\u00ebrin\u00eb p\u00ebr t\u00eb thelluar koordinimin institucional dhe p\u00ebr t\u00eb forcuar prezenc\u00ebn e p\u00ebrbashk\u00ebt diplomatike n\u00eb funksion t\u00eb interesave t\u00eb qytetar\u00ebve.<\/p>\n<p>Takimi sh\u00ebnon fillimin e bashk\u00ebpunimit zyrtar mes dy diplomat\u00ebve n\u00eb Bern\u00eb, n\u00eb nj\u00eb koh\u00eb kur diaspora shqiptare n\u00eb Zvic\u00ebr vazhdon t\u00eb jet\u00eb nj\u00eb ur\u00eb e fort\u00eb lidh\u00ebse mes dy vendeve.<\/p>\n","protected":false},"excerpt":{"rendered":"<p>Bern\u00eb, Zvic\u00ebr \u2014 Ambasadori i Republik\u00ebs s\u00eb Kosov\u00ebs n\u00eb Zvic\u00ebr, Mentor Latifi, ka pritur n\u00eb nj\u00eb takim kortezie ambasadorin e ri t\u00eb Republik\u00ebs s\u00eb Shqip\u00ebris\u00eb n\u00eb Bern\u00eb, Ermal Dredha, me rastin e marrjes s\u00eb detyr\u00ebs s\u00eb tij diplomatike. Gjat\u00eb takimit u theksua bashk\u00ebpunimi i ngusht\u00eb mes dy shteteve, si dhe p\u00ebrkushtimi i p\u00ebrbashk\u00ebt p\u00ebr t\u2019i [&hellip;]<\/p>\n","protected":false},"author":7,"featured_media":9056,"comment_status":"closed","ping_status":"closed","sticky":false,"template":"","format":"standard","meta":{"footnotes":""},"categories":[2],"tags":[],"class_list":{"0":"post-9055","1":"post","2":"type-post","3":"status-publish","4":"format-standard","5":"has-post-thumbnail","7":"category-zvicer"},"_links":{"self":[{"href":"https:\/\/syri.tv\/index.php?rest_route=\/wp\/v2\/posts\/9055","targetHints":{"allow":["GET"]}}],"collection":[{"href":"https:\/\/syri.tv\/index.php?rest_route=\/wp\/v2\/posts"}],"about":[{"href":"https:\/\/syri.tv\/index.php?rest_route=\/wp\/v2\/types\/post"}],"author":[{"embeddable":true,"href":"https:\/\/syri.tv\/index.php?rest_route=\/wp\/v2\/users\/7"}],"replies":[{"embeddable":true,"href":"https:\/\/syri.tv\/index.php?rest_route=%2Fwp%2Fv2%2Fcomments&post=9055"}],"version-history":[{"count":1,"href":"https:\/\/syri.tv\/index.php?rest_route=\/wp\/v2\/posts\/9055\/revisions"}],"predecessor-version":[{"id":9057,"href":"https:\/\/syri.tv\/index.php?rest_route=\/wp\/v2\/posts\/9055\/revisions\/9057"}],"wp:featuredmedia":[{"embeddable":true,"href":"https:\/\/syri.tv\/index.php?rest_route=\/wp\/v2\/media\/9056"}],"wp:attachment":[{"href":"https:\/\/syri.tv\/index.php?rest_route=%2Fwp%2Fv2%2Fmedia&parent=9055"}],"wp:term":[{"taxonomy":"category","embeddable":true,"href":"https:\/\/syri.tv\/index.php?rest_route=%2Fwp%2Fv2%2Fcategories&post=9055"},{"taxonomy":"post_tag","embeddable":true,"href":"https:\/\/syri.tv\/index.php?rest_route=%2Fwp%2Fv2%2Ftags&post=9055"}],"curies":[{"name":"wp","href":"https:\/\/api.w.org\/{rel}","templated":true}]}}