{"id":8916,"date":"2026-01-21T13:04:36","date_gmt":"2026-01-21T13:04:36","guid":{"rendered":"https:\/\/syri.tv\/?p=8916"},"modified":"2026-01-21T13:04:36","modified_gmt":"2026-01-21T13:04:36","slug":"ne-vigjilje-te-shuarjes-se-rugovizmit","status":"publish","type":"post","link":"https:\/\/syri.tv\/?p=8916","title":{"rendered":"N\u00eb vigjilje t\u00eb shuarjes s\u00eb rugovizmit?"},"content":{"rendered":"<p>Nj\u00eb reflektim kritik dhe sentimental n\u00eb 20-vjetorin e ndarjes nga jeta t\u00eb Ibrahim Rugov\u00ebs<br class=\"html-br\" \/>Pse jam rugovist \u2013 nj\u00eb lexim teorik dhe moral i rugovizmit<br class=\"html-br\" \/>N\u00eb vende t\u00eb Perkujtimit<br class=\"html-br\" \/>Kur flasim p\u00ebr Ibrahim Rugov\u00ebn, nuk flasim vet\u00ebm p\u00ebr nj\u00eb figur\u00eb historike t\u00eb mbyllur n\u00eb libra kujtimesh apo n\u00eb ceremoni protokollare p\u00ebrkujtimi. Flasim p\u00ebr nj\u00eb koncept politik, p\u00ebr nj\u00eb etik\u00eb t\u00eb t\u00eb menduarit politik dhe p\u00ebr nj\u00eb model udh\u00ebheqjeje q\u00eb i rezistoi dhun\u00ebs me ide dhe harres\u00ebs me kujtes\u00eb.<\/p>\n<p>Rugova p\u00ebrfaq\u00ebson nj\u00eb moment t\u00eb rrall\u00eb kur politika shqiptare zgjodhi arsyen para forc\u00ebs, dialogun para hakmarrjes dhe vizionin afatgjat\u00eb para reagimit impulsiv. Pik\u00ebrisht n\u00eb k\u00ebt\u00eb horizont mendimi merr kuptim pyetja thelb\u00ebsore dhe sot gjithnj\u00eb e m\u00eb e rrall\u00eb: pse jam rugovist?<br class=\"html-br\" \/>T\u00eb jesh rugovist n\u00ebnkupton p\u00ebrkrahje t\u00eb nj\u00eb modeli politik q\u00eb e koncepton pushtetin si legjitimitet moral dhe institucional, e jo si monopol force, as si spektak\u00ebl emocional p\u00ebr konsum publik. Rugovizmi \u00ebsht\u00eb doktrin\u00eb e rezistenc\u00ebs paq\u00ebsore, por edhe e shtetnd\u00ebrtimit gradual \u2013 nj\u00eb filozofi q\u00eb k\u00ebrkon durim, vet\u00ebp\u00ebrmbajtje dhe besim n\u00eb institucione, virtyte k\u00ebto q\u00eb sot shpesh duken t\u00eb vjetruara ose t\u00eb pad\u00ebshiruara n\u00eb diskursin publik.<br class=\"html-br\" \/>N\u00eb tradit\u00ebn e rezistenc\u00ebs jo t\u00eb dhunshme, filozofia politike e Ibrahim Rugov\u00ebs mund t\u00eb lexohet n\u00eb dialog t\u00eb drejtp\u00ebrdrejt\u00eb me konceptin gandhian t\u00eb satyagraha-s, ku e v\u00ebrteta dhe durimi shnd\u00ebrrohen n\u00eb instrumente politike.<\/p>\n<p>Ashtu si Gandhi, Rugova e kuptoi se dhuna mund t\u00eb prodhoj\u00eb fitore t\u00eb shpejta, por rrall\u00ebher\u00eb prodhon legjitimitet t\u00eb q\u00ebndruesh\u00ebm. Rezistenca paq\u00ebsore e Kosov\u00ebs nuk ishte shenj\u00eb dob\u00ebsie, por nj\u00eb strategji e vet\u00ebdijshme p\u00ebr t\u00eb nd\u00ebrtuar kapital moral dhe p\u00ebr t\u00eb krijuar kushtet e nd\u00ebrkomb\u00ebtarizimit t\u00eb \u00e7\u00ebshtjes shqiptare.<\/p>\n<p>Ishte nj\u00eb zgjedhje q\u00eb k\u00ebrkonte m\u00eb shum\u00eb guxim sesa thirrjet e lehta p\u00ebr p\u00ebrplasje.<br class=\"html-br\" \/>Nga perspektiva e Hannah Arendt-it, e cila b\u00ebn dallimin thelb\u00ebsor mes pushtetit dhe dhun\u00ebs, rugovizmi shfaqet si form\u00eb e pushtetit t\u00eb nd\u00ebrtuar mbi konsensus shoq\u00ebror dhe veprim kolektiv.<\/p>\n<p>Sipas Arendt-it, pushteti lind aty ku njer\u00ebzit veprojn\u00eb s\u00eb bashku, nd\u00ebrsa dhuna shfaqet kur pushteti d\u00ebshton. Rugova, p\u00ebrmes institucioneve paralele, arsimit, kultur\u00ebs dhe mobilizimit qytetar, arriti t\u00eb ruaj\u00eb k\u00ebt\u00eb dimension t\u00eb pushtetit arendtian edhe n\u00eb rrethana okupimi, kur gjith\u00e7ka tjet\u00ebr rrezikonte t\u00eb shembej.<br class=\"html-br\" \/>N\u00eb aspektin e teoris\u00eb s\u00eb demokracis\u00eb, rugovizmi mund t\u00eb analizohet p\u00ebrmes modelit t\u00eb demokracis\u00eb konsociative t\u00eb Arend Lijphart-it. Strategjia e Rugov\u00ebs synonte ruajtjen e kohezionit shoq\u00ebror, menaxhimin e dallimeve t\u00eb brendshme dhe nd\u00ebrtimin e nj\u00eb konsensusi minimal komb\u00ebtar si parakusht p\u00ebr stabilitet politik dhe shtetnd\u00ebrtim funksional. Sot, kur fragmentimi politik dhe polarizimi shihen si shenja \u201cforce\u201d, mungesa e k\u00ebtij konsensusi na b\u00ebn t\u00eb kuptojm\u00eb sa i brisht\u00eb \u00ebsht\u00eb trash\u00ebgimi i tij.<br class=\"html-br\" \/>Jam rugovist sepse rugovizmi nuk e sheh lirin\u00eb si shp\u00ebrthim emocional, por si proces historik; jo si triumf momental, por si p\u00ebrgjegj\u00ebsi brezash. Ai na m\u00ebson se shtetet nuk nd\u00ebrtohen vet\u00ebm me sakrific\u00eb, por me vizion; jo vet\u00ebm me guxim, por me maturi politike.<\/p>\n<p>Dhe pik\u00ebrisht k\u00ebtu lind dimensioni kritik: sa larg jemi sot nga kjo maturi? Sa shpesh e kemi z\u00ebvend\u00ebsuar vizionin me zhurm\u00eb dhe p\u00ebrgjegj\u00ebsin\u00eb me retorik\u00eb?<br class=\"html-br\" \/>N\u00eb nj\u00eb koh\u00eb kur politika shpesh reduktohet n\u00eb konflikt t\u00eb p\u00ebrhersh\u00ebm, n\u00eb gjuh\u00eb p\u00ebrjashtuese dhe n\u00eb heroiz\u00ebm t\u00eb shpejt\u00eb, rugovizmi mbetet kujtes\u00eb se mendimi i qet\u00eb mund t\u00eb jet\u00eb akti m\u00eb radikal.<\/p>\n<p>Prandaj, t\u00eb jesh rugovist sot nuk \u00ebsht\u00eb nostalgji politike, por zgjedhje intelektuale dhe angazhim etik p\u00ebr nj\u00eb shoq\u00ebri demokratike, institucionale dhe t\u00eb denj\u00eb p\u00ebr t\u00eb ardhmen.<br class=\"html-br\" \/>Dhe k\u00ebshtu, kur kujtojm\u00eb Ibrahim Rugov\u00ebn n\u00eb k\u00ebt\u00eb 20-vjetor t\u00eb ndarjes nga jeta, nuk \u00ebsht\u00eb thjesht nj\u00eb figur\u00eb q\u00eb nderojm\u00eb, as nj\u00eb epok\u00eb q\u00eb mbyllim me ceremoniale.<\/p>\n<p>\u00cbsht\u00eb nj\u00eb leksion q\u00eb i flet \u00e7do brezi: t\u00eb jesh lider dhe t\u00eb jesh qytetar nuk do t\u00eb thot\u00eb t\u00eb ngrihesh me arm\u00eb, por t\u00eb ngrihesh me mendim; jo t\u00eb sundosh me frik\u00eb, por t\u00eb udh\u00ebheq\u00ebsh me besim.<br class=\"html-br\" \/>\u201cPaqja nuk \u00ebsht\u00eb dob\u00ebsi, as munges\u00eb guximi; ajo \u00ebsht\u00eb forma m\u00eb e lart\u00eb e disiplin\u00ebs morale t\u00eb mendimit.\u201d<br class=\"html-br\" \/>Ky \u00ebsht\u00eb mesazhi q\u00eb Rugova na la \u2013 nj\u00eb thirrje p\u00ebr durim, p\u00ebr vizion dhe p\u00ebr p\u00ebrgjegj\u00ebsi ndaj historis\u00eb dhe t\u00eb ardhmes son\u00eb. N\u00ebse kjo thirrje po zbehet sot, faji nuk \u00ebsht\u00eb i koh\u00ebs, por i harres\u00ebs son\u00eb.<\/p>\n<p>Le ta mbajm\u00eb at\u00eb si busull morale p\u00ebr \u00e7do hap q\u00eb nd\u00ebrmarrim, si qytetar\u00eb dhe si komunitet, n\u00eb m\u00ebnyr\u00eb q\u00eb rugovizmi t\u00eb mos mbetet vet\u00ebm kujtim, por t\u00eb vazhdoj\u00eb t\u00eb jet\u00eb nd\u00ebrgjegje.<\/p>\n<p><br class=\"html-br\" \/>Dr. Shaqir Shala. 21.01.2026.Solothurn CH.<\/p>\n","protected":false},"excerpt":{"rendered":"<p>Nj\u00eb reflektim kritik dhe sentimental n\u00eb 20-vjetorin e ndarjes nga jeta t\u00eb Ibrahim Rugov\u00ebsPse jam rugovist \u2013 nj\u00eb lexim teorik dhe moral i rugovizmitN\u00eb vende t\u00eb PerkujtimitKur flasim p\u00ebr Ibrahim Rugov\u00ebn, nuk flasim vet\u00ebm p\u00ebr nj\u00eb figur\u00eb historike t\u00eb mbyllur n\u00eb libra kujtimesh apo n\u00eb ceremoni protokollare p\u00ebrkujtimi. Flasim p\u00ebr nj\u00eb koncept politik, p\u00ebr nj\u00eb [&hellip;]<\/p>\n","protected":false},"author":1,"featured_media":8917,"comment_status":"closed","ping_status":"closed","sticky":false,"template":"","format":"standard","meta":{"footnotes":""},"categories":[2],"tags":[],"class_list":{"0":"post-8916","1":"post","2":"type-post","3":"status-publish","4":"format-standard","5":"has-post-thumbnail","7":"category-zvicer"},"_links":{"self":[{"href":"https:\/\/syri.tv\/index.php?rest_route=\/wp\/v2\/posts\/8916","targetHints":{"allow":["GET"]}}],"collection":[{"href":"https:\/\/syri.tv\/index.php?rest_route=\/wp\/v2\/posts"}],"about":[{"href":"https:\/\/syri.tv\/index.php?rest_route=\/wp\/v2\/types\/post"}],"author":[{"embeddable":true,"href":"https:\/\/syri.tv\/index.php?rest_route=\/wp\/v2\/users\/1"}],"replies":[{"embeddable":true,"href":"https:\/\/syri.tv\/index.php?rest_route=%2Fwp%2Fv2%2Fcomments&post=8916"}],"version-history":[{"count":1,"href":"https:\/\/syri.tv\/index.php?rest_route=\/wp\/v2\/posts\/8916\/revisions"}],"predecessor-version":[{"id":8918,"href":"https:\/\/syri.tv\/index.php?rest_route=\/wp\/v2\/posts\/8916\/revisions\/8918"}],"wp:featuredmedia":[{"embeddable":true,"href":"https:\/\/syri.tv\/index.php?rest_route=\/wp\/v2\/media\/8917"}],"wp:attachment":[{"href":"https:\/\/syri.tv\/index.php?rest_route=%2Fwp%2Fv2%2Fmedia&parent=8916"}],"wp:term":[{"taxonomy":"category","embeddable":true,"href":"https:\/\/syri.tv\/index.php?rest_route=%2Fwp%2Fv2%2Fcategories&post=8916"},{"taxonomy":"post_tag","embeddable":true,"href":"https:\/\/syri.tv\/index.php?rest_route=%2Fwp%2Fv2%2Ftags&post=8916"}],"curies":[{"name":"wp","href":"https:\/\/api.w.org\/{rel}","templated":true}]}}