{"id":8886,"date":"2026-01-20T09:15:39","date_gmt":"2026-01-20T09:15:39","guid":{"rendered":"https:\/\/syri.tv\/?p=8886"},"modified":"2026-01-20T09:15:39","modified_gmt":"2026-01-20T09:15:39","slug":"danimarka-ndjeshem-me-pranine-e-saj-ushtarake-ne-groenlande-dergon-trupa-shtese-ne-ishull","status":"publish","type":"post","link":"https:\/\/syri.tv\/?p=8886","title":{"rendered":"Danimarka ndjesh\u00ebm me pranin\u00eb e saj ushtarake n\u00eb Groenland\u00eb, d\u00ebrgon trupa shtes\u00eb n\u00eb ishull"},"content":{"rendered":"<p>Danimarka po p\u00ebrgatitet t\u00eb rris\u00eb pranin\u00eb e saj ushtarake n\u00eb Groenland\u00eb, mes nj\u00eb krize me Shtetet e Bashkuara dhe k\u00ebrc\u00ebnimeve t\u00eb Donald Trump p\u00ebr t\u00eb aneksuar ishullin.<\/p>\n<p>Rrjeti danez TV2 raportoi se nj\u00eb \u201cforc\u00eb e konsiderueshme\u201d ushtar\u00ebsh danez\u00eb pritet t\u00eb mb\u00ebrrij\u00eb t\u00eb h\u00ebn\u00ebn n\u00eb mbr\u00ebmje n\u00eb Kangerlussuaq, ku ndodhet aeroporti kryesor nd\u00ebrkomb\u00ebtar i Groenland\u00ebs.<\/p>\n<p>Komandanti m\u00eb i lart\u00eb ushtarak i Danimark\u00ebs n\u00eb Arktik, Gjeneral Major Andersen, tha se rreth 100 ushtar\u00eb danez\u00eb kan\u00eb mb\u00ebrritur tashm\u00eb n\u00eb Nuuk, kryeqytetin e Groenland\u00ebs, dhe nj\u00eb num\u00ebr i ngjash\u00ebm n\u00eb Kangerlussuaq, n\u00eb Groenland\u00ebn per\u00ebndimore.<\/p>\n<p>Politico raporton se misioni do t\u00eb jet\u00eb afatgjat\u00eb. Ushtar\u00ebt do t\u00eb marrin pjes\u00eb n\u00eb st\u00ebrvitjen Arctic Endurance. Andersen tha jav\u00ebn e kaluar se misioni \u00ebsht\u00eb nj\u00eb p\u00ebrgjigje ndaj k\u00ebrc\u00ebnimeve ruse, jo ndaj Trump.<\/p>\n<p>Nd\u00ebrkoh\u00eb, si\u00e7 v\u00ebren Politico, Kopenhageni k\u00ebrkoi nj\u00eb mision t\u00eb NATO-s n\u00eb Groenland\u00eb t\u00eb h\u00ebn\u00ebn, nj\u00eb k\u00ebrkes\u00eb q\u00eb u \u201cvu n\u00eb dukje\u201d nga Sekretari i P\u00ebrgjithsh\u00ebm i NATO-s.<\/p>\n<p><em>N\u00eb deklarata, ministri danez i Mbrojtjes Trolls Lund Poulsen d\u00ebnoi k\u00ebrc\u00ebnimet e Trump kund\u00ebr Groenland\u00ebs si \u201cjasht\u00ebzakonisht t\u00eb d\u00ebmshme\u201d, por paralajm\u00ebroi se Aleanca \u201cende nuk mund t\u00eb p\u00ebrballoj\u00eb nd\u00ebrprerjen e marr\u00ebdh\u00ebnieve t\u00eb saj me Uashingtonin\u201d.<\/em>\u00a0\/Panorama<\/p>\n","protected":false},"excerpt":{"rendered":"<p>Danimarka po p\u00ebrgatitet t\u00eb rris\u00eb pranin\u00eb e saj ushtarake n\u00eb Groenland\u00eb, mes nj\u00eb krize me Shtetet e Bashkuara dhe k\u00ebrc\u00ebnimeve t\u00eb Donald Trump p\u00ebr t\u00eb aneksuar ishullin. Rrjeti danez TV2 raportoi se nj\u00eb \u201cforc\u00eb e konsiderueshme\u201d ushtar\u00ebsh danez\u00eb pritet t\u00eb mb\u00ebrrij\u00eb t\u00eb h\u00ebn\u00ebn n\u00eb mbr\u00ebmje n\u00eb Kangerlussuaq, ku ndodhet aeroporti kryesor nd\u00ebrkomb\u00ebtar i Groenland\u00ebs. Komandanti [&hellip;]<\/p>\n","protected":false},"author":1,"featured_media":8887,"comment_status":"closed","ping_status":"closed","sticky":false,"template":"","format":"standard","meta":{"footnotes":""},"categories":[10],"tags":[],"class_list":{"0":"post-8886","1":"post","2":"type-post","3":"status-publish","4":"format-standard","5":"has-post-thumbnail","7":"category-bota"},"_links":{"self":[{"href":"https:\/\/syri.tv\/index.php?rest_route=\/wp\/v2\/posts\/8886","targetHints":{"allow":["GET"]}}],"collection":[{"href":"https:\/\/syri.tv\/index.php?rest_route=\/wp\/v2\/posts"}],"about":[{"href":"https:\/\/syri.tv\/index.php?rest_route=\/wp\/v2\/types\/post"}],"author":[{"embeddable":true,"href":"https:\/\/syri.tv\/index.php?rest_route=\/wp\/v2\/users\/1"}],"replies":[{"embeddable":true,"href":"https:\/\/syri.tv\/index.php?rest_route=%2Fwp%2Fv2%2Fcomments&post=8886"}],"version-history":[{"count":1,"href":"https:\/\/syri.tv\/index.php?rest_route=\/wp\/v2\/posts\/8886\/revisions"}],"predecessor-version":[{"id":8888,"href":"https:\/\/syri.tv\/index.php?rest_route=\/wp\/v2\/posts\/8886\/revisions\/8888"}],"wp:featuredmedia":[{"embeddable":true,"href":"https:\/\/syri.tv\/index.php?rest_route=\/wp\/v2\/media\/8887"}],"wp:attachment":[{"href":"https:\/\/syri.tv\/index.php?rest_route=%2Fwp%2Fv2%2Fmedia&parent=8886"}],"wp:term":[{"taxonomy":"category","embeddable":true,"href":"https:\/\/syri.tv\/index.php?rest_route=%2Fwp%2Fv2%2Fcategories&post=8886"},{"taxonomy":"post_tag","embeddable":true,"href":"https:\/\/syri.tv\/index.php?rest_route=%2Fwp%2Fv2%2Ftags&post=8886"}],"curies":[{"name":"wp","href":"https:\/\/api.w.org\/{rel}","templated":true}]}}