{"id":8880,"date":"2026-01-19T19:54:18","date_gmt":"2026-01-19T19:54:18","guid":{"rendered":"https:\/\/syri.tv\/?p=8880"},"modified":"2026-01-19T19:54:18","modified_gmt":"2026-01-19T19:54:18","slug":"statovci-vjosa-osmani-e-meriton-te-jete-serish-presidente-pres-sjellje-konstruktive-nga-opozita","status":"publish","type":"post","link":"https:\/\/syri.tv\/?p=8880","title":{"rendered":"Statovci: Vjosa Osmani e meriton t\u00eb jet\u00eb s\u00ebrish presidente, pres sjellje konstruktive nga opozita"},"content":{"rendered":"<p>Kandidatja e list\u00ebs s\u00eb VV-s\u00eb p\u00ebr deputete, nga partia Guxo, Jeta Statovci, \u00ebsht\u00eb deklaruar p\u00ebr \u00e7\u00ebshtjen e presidentit, tem\u00eb kjo e shum\u00ebp\u00ebrfolur pas zgjedhjeve t\u00eb 28 dhjetorit.<\/p>\n<p>E ftuar n\u00eb DPT te Fidani, Statovci, tha se nj\u00eb mandat i radh\u00ebs p\u00ebr Vjosa Osmanin, presidenten aktuale, do t\u00eb ishte i mir\u00ebpritur.<\/p>\n<p>\u201cEdhe n\u00eb kuad\u00ebr t\u00eb pun\u00ebs q\u00eb ka b\u00ebr\u00eb, t\u00eb raporteve q\u00eb i ka mir\u00ebmbajt e i ka zgjeru, angazhimit t\u00eb saj n\u00eb fuqizimin e shtetit n\u00eb aren\u00ebn nd\u00ebrkomb\u00ebtare.\u201d<\/p>\n<p>Sipas saj, se bllokada dhe bojktoti nuk sjell\u00eb vot\u00eb u d\u00ebshmua n\u00eb zgjedhjet e 28 dhjetorit, prandaj tha se pret q\u00eb Kosova t\u00eb ket\u00eb president n\u00eb mars.<\/p>\n<p>\u201cUn\u00eb pres nj\u00eb sjellje konstruktive, nga tabori opozitar, q\u00eb secila pal\u00eb t\u00eb veproj\u00eb dhe t\u00eb vazhdojm\u00eb tutje. Un\u00eb besoj se do t\u00eb kemi president.\u201d \u2013 tha Statovci.<\/p>\n","protected":false},"excerpt":{"rendered":"<p>Kandidatja e list\u00ebs s\u00eb VV-s\u00eb p\u00ebr deputete, nga partia Guxo, Jeta Statovci, \u00ebsht\u00eb deklaruar p\u00ebr \u00e7\u00ebshtjen e presidentit, tem\u00eb kjo e shum\u00ebp\u00ebrfolur pas zgjedhjeve t\u00eb 28 dhjetorit. E ftuar n\u00eb DPT te Fidani, Statovci, tha se nj\u00eb mandat i radh\u00ebs p\u00ebr Vjosa Osmanin, presidenten aktuale, do t\u00eb ishte i mir\u00ebpritur. \u201cEdhe n\u00eb kuad\u00ebr t\u00eb pun\u00ebs [&hellip;]<\/p>\n","protected":false},"author":1,"featured_media":8881,"comment_status":"closed","ping_status":"closed","sticky":false,"template":"","format":"standard","meta":{"footnotes":""},"categories":[9],"tags":[],"class_list":{"0":"post-8880","1":"post","2":"type-post","3":"status-publish","4":"format-standard","5":"has-post-thumbnail","7":"category-vendi"},"_links":{"self":[{"href":"https:\/\/syri.tv\/index.php?rest_route=\/wp\/v2\/posts\/8880","targetHints":{"allow":["GET"]}}],"collection":[{"href":"https:\/\/syri.tv\/index.php?rest_route=\/wp\/v2\/posts"}],"about":[{"href":"https:\/\/syri.tv\/index.php?rest_route=\/wp\/v2\/types\/post"}],"author":[{"embeddable":true,"href":"https:\/\/syri.tv\/index.php?rest_route=\/wp\/v2\/users\/1"}],"replies":[{"embeddable":true,"href":"https:\/\/syri.tv\/index.php?rest_route=%2Fwp%2Fv2%2Fcomments&post=8880"}],"version-history":[{"count":1,"href":"https:\/\/syri.tv\/index.php?rest_route=\/wp\/v2\/posts\/8880\/revisions"}],"predecessor-version":[{"id":8882,"href":"https:\/\/syri.tv\/index.php?rest_route=\/wp\/v2\/posts\/8880\/revisions\/8882"}],"wp:featuredmedia":[{"embeddable":true,"href":"https:\/\/syri.tv\/index.php?rest_route=\/wp\/v2\/media\/8881"}],"wp:attachment":[{"href":"https:\/\/syri.tv\/index.php?rest_route=%2Fwp%2Fv2%2Fmedia&parent=8880"}],"wp:term":[{"taxonomy":"category","embeddable":true,"href":"https:\/\/syri.tv\/index.php?rest_route=%2Fwp%2Fv2%2Fcategories&post=8880"},{"taxonomy":"post_tag","embeddable":true,"href":"https:\/\/syri.tv\/index.php?rest_route=%2Fwp%2Fv2%2Ftags&post=8880"}],"curies":[{"name":"wp","href":"https:\/\/api.w.org\/{rel}","templated":true}]}}