{"id":8869,"date":"2026-01-19T15:52:19","date_gmt":"2026-01-19T15:52:19","guid":{"rendered":"https:\/\/syri.tv\/?p=8869"},"modified":"2026-01-19T15:52:19","modified_gmt":"2026-01-19T15:52:19","slug":"kryeministri-ne-detyre-albin-kurti-niset-per-ne-davos-per-forumin-ekonomik-boteror","status":"publish","type":"post","link":"https:\/\/syri.tv\/?p=8869","title":{"rendered":"Kryeministri n\u00eb detyr\u00eb Albin Kurti niset p\u00ebr n\u00eb Davos p\u00ebr Forumin Ekonomik Bot\u00ebror"},"content":{"rendered":"<p>Kryeministri n\u00eb detyr\u00eb i Republik\u00ebs s\u00eb Kosov\u00ebs, Albin Kurti, ka udh\u00ebtuar p\u00ebr n\u00eb Davos t\u00eb Zvicr\u00ebs, ku do t\u00eb marr\u00eb pjes\u00eb n\u00eb Forumin Ekonomik Bot\u00ebror (WEF) mes lider\u00ebve t\u00eb shumt\u00eb nga e gjith\u00eb bota, ka njoftuar Zyra e Kryeministrit t\u00eb h\u00ebn\u00ebn.<\/p>\n<p>N\u00eb kuad\u00ebr t\u00eb WEF, Kosova do ta ket\u00eb p\u00ebr t\u00eb dytin vit hap\u00ebsir\u00ebn e dedikuar p\u00ebrfaq\u00ebsuese, t\u00eb quajtur \u201cSht\u00ebpia e Kosov\u00ebs\u201d.<\/p>\n<p>Kurti thuhet se do t\u00eb marr\u00eb pjes\u00eb n\u00eb ngjarjet dhe panelet e diskutimit q\u00eb organizohen n\u00eb Sht\u00ebpin\u00eb e Kosov\u00ebs, krahas edhe takimeve zyrtare bilaterale me udh\u00ebheq\u00ebs t\u00eb lart\u00eb dhe investitor\u00eb n\u00eb margjina t\u00eb Forumit Ekonomik Bot\u00ebror.<\/p>\n","protected":false},"excerpt":{"rendered":"<p>Kryeministri n\u00eb detyr\u00eb i Republik\u00ebs s\u00eb Kosov\u00ebs, Albin Kurti, ka udh\u00ebtuar p\u00ebr n\u00eb Davos t\u00eb Zvicr\u00ebs, ku do t\u00eb marr\u00eb pjes\u00eb n\u00eb Forumin Ekonomik Bot\u00ebror (WEF) mes lider\u00ebve t\u00eb shumt\u00eb nga e gjith\u00eb bota, ka njoftuar Zyra e Kryeministrit t\u00eb h\u00ebn\u00ebn. N\u00eb kuad\u00ebr t\u00eb WEF, Kosova do ta ket\u00eb p\u00ebr t\u00eb dytin vit hap\u00ebsir\u00ebn e [&hellip;]<\/p>\n","protected":false},"author":1,"featured_media":8870,"comment_status":"closed","ping_status":"closed","sticky":false,"template":"","format":"standard","meta":{"footnotes":""},"categories":[105],"tags":[],"class_list":{"0":"post-8869","1":"post","2":"type-post","3":"status-publish","4":"format-standard","5":"has-post-thumbnail","7":"category-europa"},"_links":{"self":[{"href":"https:\/\/syri.tv\/index.php?rest_route=\/wp\/v2\/posts\/8869","targetHints":{"allow":["GET"]}}],"collection":[{"href":"https:\/\/syri.tv\/index.php?rest_route=\/wp\/v2\/posts"}],"about":[{"href":"https:\/\/syri.tv\/index.php?rest_route=\/wp\/v2\/types\/post"}],"author":[{"embeddable":true,"href":"https:\/\/syri.tv\/index.php?rest_route=\/wp\/v2\/users\/1"}],"replies":[{"embeddable":true,"href":"https:\/\/syri.tv\/index.php?rest_route=%2Fwp%2Fv2%2Fcomments&post=8869"}],"version-history":[{"count":1,"href":"https:\/\/syri.tv\/index.php?rest_route=\/wp\/v2\/posts\/8869\/revisions"}],"predecessor-version":[{"id":8871,"href":"https:\/\/syri.tv\/index.php?rest_route=\/wp\/v2\/posts\/8869\/revisions\/8871"}],"wp:featuredmedia":[{"embeddable":true,"href":"https:\/\/syri.tv\/index.php?rest_route=\/wp\/v2\/media\/8870"}],"wp:attachment":[{"href":"https:\/\/syri.tv\/index.php?rest_route=%2Fwp%2Fv2%2Fmedia&parent=8869"}],"wp:term":[{"taxonomy":"category","embeddable":true,"href":"https:\/\/syri.tv\/index.php?rest_route=%2Fwp%2Fv2%2Fcategories&post=8869"},{"taxonomy":"post_tag","embeddable":true,"href":"https:\/\/syri.tv\/index.php?rest_route=%2Fwp%2Fv2%2Ftags&post=8869"}],"curies":[{"name":"wp","href":"https:\/\/api.w.org\/{rel}","templated":true}]}}