{"id":8853,"date":"2026-01-19T09:57:44","date_gmt":"2026-01-19T09:57:44","guid":{"rendered":"https:\/\/syri.tv\/?p=8853"},"modified":"2026-01-19T09:59:24","modified_gmt":"2026-01-19T09:59:24","slug":"cigaret-elektronike-jane-shkak-i-semundjeve-te-mushkerive-thone-ekspertet","status":"publish","type":"post","link":"https:\/\/syri.tv\/?p=8853","title":{"rendered":"Cigaret elektronike jan\u00eb shkak i s\u00ebmundjeve t\u00eb mushk\u00ebrive thon\u00eb ekspert\u00ebt"},"content":{"rendered":"<p>Zyrtar\u00ebt e sh\u00ebndetiti n\u00eb Virxhinia t\u00eb ShBA-ve jan\u00eb duke dyshuar se s\u00eb paku tre raste me s\u00ebmundje t\u00eb mushk\u00ebrive jan\u00eb t\u00eb lidhura me cigaret elektronike.<\/p>\n<p>Cigaret elektronike jan\u00eb n\u00eb treg qe nj\u00eb dekad\u00eb, mir\u00ebpo efektet negative q\u00eb ato kan\u00eb jan\u00eb t\u00eb tmerrshme. Sipas informacioneve, numri i t\u00eb rinj\u00ebve q\u00eb jan\u00eb duke u diagnostikuar me s\u00ebmundje t\u00eb mushk\u00ebrive \u00ebsht\u00eb duke u rritur, prandaj dyshohet se shkaktari jan\u00eb cigaret elektronike.<\/p>\n<p>Disa nga simptomat e s\u00ebmundjeve t\u00eb mush\u00ebkrive jan\u00eb: kollitje e vazhdueshme, vjellje si dhe v\u00ebshtir\u00ebsi n\u00eb frym\u00ebmarrje. T\u00eb rinjt\u00eb q\u00eb p\u00ebrjetojn\u00eb k\u00ebto simptoma dhe p\u00ebrdorin cigare elektronike duhet t\u00eb vet\u00ebdij\u00ebsohen se jan\u00eb duke e rritur rrezikun e prekjes nga s\u00ebmundjet e mushk\u00ebrive.<\/p>\n<p>Trajtimi i k\u00ebtyre problemeve zakonisht b\u00ebhet me an\u00eb t\u00eb antibiotik\u00ebve, mir\u00ebpo kur mushk\u00ebrit\u00eb jan\u00eb shum\u00eb t\u00eb d\u00ebmtuara at\u00ebher\u00eb duhet nderhyrje kirurgjike apo trajtime m\u00eb specifike.<\/p>\n","protected":false},"excerpt":{"rendered":"<p>Zyrtar\u00ebt e sh\u00ebndetiti n\u00eb Virxhinia t\u00eb ShBA-ve jan\u00eb duke dyshuar se s\u00eb paku tre raste me s\u00ebmundje t\u00eb mushk\u00ebrive jan\u00eb t\u00eb lidhura me cigaret elektronike. Cigaret elektronike jan\u00eb n\u00eb treg qe nj\u00eb dekad\u00eb, mir\u00ebpo efektet negative q\u00eb ato kan\u00eb jan\u00eb t\u00eb tmerrshme. Sipas informacioneve, numri i t\u00eb rinj\u00ebve q\u00eb jan\u00eb duke u diagnostikuar me s\u00ebmundje [&hellip;]<\/p>\n","protected":false},"author":1,"featured_media":8854,"comment_status":"closed","ping_status":"closed","sticky":false,"template":"","format":"standard","meta":{"footnotes":""},"categories":[110],"tags":[],"class_list":{"0":"post-8853","1":"post","2":"type-post","3":"status-publish","4":"format-standard","5":"has-post-thumbnail","7":"category-shendeti"},"_links":{"self":[{"href":"https:\/\/syri.tv\/index.php?rest_route=\/wp\/v2\/posts\/8853","targetHints":{"allow":["GET"]}}],"collection":[{"href":"https:\/\/syri.tv\/index.php?rest_route=\/wp\/v2\/posts"}],"about":[{"href":"https:\/\/syri.tv\/index.php?rest_route=\/wp\/v2\/types\/post"}],"author":[{"embeddable":true,"href":"https:\/\/syri.tv\/index.php?rest_route=\/wp\/v2\/users\/1"}],"replies":[{"embeddable":true,"href":"https:\/\/syri.tv\/index.php?rest_route=%2Fwp%2Fv2%2Fcomments&post=8853"}],"version-history":[{"count":3,"href":"https:\/\/syri.tv\/index.php?rest_route=\/wp\/v2\/posts\/8853\/revisions"}],"predecessor-version":[{"id":8857,"href":"https:\/\/syri.tv\/index.php?rest_route=\/wp\/v2\/posts\/8853\/revisions\/8857"}],"wp:featuredmedia":[{"embeddable":true,"href":"https:\/\/syri.tv\/index.php?rest_route=\/wp\/v2\/media\/8854"}],"wp:attachment":[{"href":"https:\/\/syri.tv\/index.php?rest_route=%2Fwp%2Fv2%2Fmedia&parent=8853"}],"wp:term":[{"taxonomy":"category","embeddable":true,"href":"https:\/\/syri.tv\/index.php?rest_route=%2Fwp%2Fv2%2Fcategories&post=8853"},{"taxonomy":"post_tag","embeddable":true,"href":"https:\/\/syri.tv\/index.php?rest_route=%2Fwp%2Fv2%2Ftags&post=8853"}],"curies":[{"name":"wp","href":"https:\/\/api.w.org\/{rel}","templated":true}]}}