{"id":8847,"date":"2026-01-19T08:31:52","date_gmt":"2026-01-19T08:31:52","guid":{"rendered":"https:\/\/syri.tv\/?p=8847"},"modified":"2026-01-19T08:31:52","modified_gmt":"2026-01-19T08:31:52","slug":"plage-qe-flasin","status":"publish","type":"post","link":"https:\/\/syri.tv\/?p=8847","title":{"rendered":"PLAG\u00cb Q\u00cb FLASIN"},"content":{"rendered":"<div class=\"xdj266r x14z9mp xat24cr x1lziwak x1vvkbs x126k92a\">\n<div dir=\"auto\">PLAG\u00cb Q\u00cb FLASIN<\/div>\n<div dir=\"auto\"><\/div>\n<\/div>\n<div class=\"x14z9mp xat24cr x1lziwak x1vvkbs xtlvy1s x126k92a\">\n<div dir=\"auto\">Mbi hart\u00ebn e shpirtit ton\u00eb komb\u00ebtar<\/div>\n<div dir=\"auto\">jan\u00eb sh\u00ebnuar plag\u00eb me gjak,<\/div>\n<div dir=\"auto\">jo me boj\u00eb,<\/div>\n<div dir=\"auto\">plag\u00eb q\u00eb s\u2019i mbyll as koha,<\/div>\n<div dir=\"auto\">as harresa,<\/div>\n<div dir=\"auto\">as pluhuri i shekujve.<\/div>\n<\/div>\n<div class=\"x14z9mp xat24cr x1lziwak x1vvkbs xtlvy1s x126k92a\">\n<div dir=\"auto\">Ato flasin<\/div>\n<div dir=\"auto\">sa her\u00eb toka merr frym\u00eb,<\/div>\n<div dir=\"auto\">sa her\u00eb emri Re\u00e7ak shqiptohet,<\/div>\n<div dir=\"auto\">sa her\u00eb nj\u00eb n\u00ebn\u00eb shikon qiellin<\/div>\n<div dir=\"auto\">e pret djalin q\u00eb s\u2019u kthye kurr\u00eb.<\/div>\n<\/div>\n<div class=\"x14z9mp xat24cr x1lziwak x1vvkbs xtlvy1s x126k92a\">\n<div dir=\"auto\">Kjo dhimbje nuk \u00ebsht\u00eb lot \u2026<\/div>\n<div dir=\"auto\">\u00ebsht\u00eb rrufe n\u00eb damar\u00eb,<\/div>\n<div dir=\"auto\">\u00ebsht\u00eb thirrje n\u00eb gur\u00eb,<\/div>\n<div dir=\"auto\">\u00ebsht\u00eb z\u00eb q\u00eb s\u2019dua ta hesht\u00eb<\/div>\n<div dir=\"auto\">as un\u00eb,<\/div>\n<div dir=\"auto\">as biri im,<\/div>\n<div dir=\"auto\">as nipi q\u00eb ende fle n\u00eb preh\u00ebr t\u00eb koh\u00ebs.<\/div>\n<\/div>\n<div class=\"x14z9mp xat24cr x1lziwak x1vvkbs xtlvy1s x126k92a\">\n<div dir=\"auto\">Sepse e keqja q\u00eb mbulohet me harres\u00eb<\/div>\n<div dir=\"auto\">kthehet si hije,<\/div>\n<div dir=\"auto\">si bish\u00eb pa em\u00ebr,<\/div>\n<div dir=\"auto\">si nat\u00eb pa agim.<\/div>\n<\/div>\n<div class=\"x14z9mp xat24cr x1lziwak x1vvkbs xtlvy1s x126k92a\">\n<div dir=\"auto\">Prandaj dhimbjen nuk e fsheh \u2026<\/div>\n<div dir=\"auto\">e mbaj si flamur,<\/div>\n<div dir=\"auto\">si plag\u00eb q\u00eb ruan kujtes\u00ebn,<\/div>\n<div dir=\"auto\">si zjarr q\u00eb ndri\u00e7on rrug\u00ebn e brezave.<\/div>\n<\/div>\n<div class=\"x14z9mp xat24cr x1lziwak x1vvkbs xtlvy1s x126k92a\">\n<div dir=\"auto\">Me sa z\u00eb q\u00eb kam,<\/div>\n<div dir=\"auto\">me sa mushk\u00ebri m\u00eb ka dh\u00ebn\u00eb kjo tok\u00eb,<\/div>\n<div dir=\"auto\">b\u00ebrtas p\u00ebrtej koh\u00ebs \u2026<\/div>\n<\/div>\n<div class=\"x14z9mp xat24cr x1lziwak x1vvkbs xtlvy1s x126k92a\">\n<div dir=\"auto\">Duajeni LIRIN\u00cb \u2026<\/div>\n<div dir=\"auto\">ajo \u00ebsht\u00eb fryma e k\u00ebtij dheu!<\/div>\n<div dir=\"auto\">Nderoni \u00c7LIRIMTAR\u00cbT \u2026<\/div>\n<div dir=\"auto\">ata jan\u00eb rr\u00ebnj\u00ebt e drit\u00ebs!<\/div>\n<div dir=\"auto\">Ruajeni SHQIPTARIZM\u00cbN \u2026<\/div>\n<div dir=\"auto\">se \u00ebsht\u00eb gjaku q\u00eb s\u2019thahet,<\/div>\n<div dir=\"auto\">gjuha q\u00eb s\u2019vdes,<\/div>\n<div dir=\"auto\">besa q\u00eb nuk thyhet!<\/div>\n<\/div>\n<div class=\"x14z9mp xat24cr x1lziwak x1vvkbs xtlvy1s x126k92a\">\n<div dir=\"auto\">Sepse ky komb nuk rron nga harresa,<\/div>\n<div dir=\"auto\">por nga kujtesa q\u00eb digjet<\/div>\n<div dir=\"auto\">dhe nuk shnd\u00ebrrohet kurr\u00eb n\u00eb hi.<\/div>\n<\/div>\n<div class=\"x14z9mp xat24cr x1lziwak x1vvkbs xtlvy1s x126k92a\">\n<div dir=\"auto\">Dan KOSUMI &#8211; Poet<\/div>\n<\/div>\n","protected":false},"excerpt":{"rendered":"<p>PLAG\u00cb Q\u00cb FLASIN Mbi hart\u00ebn e shpirtit ton\u00eb komb\u00ebtar jan\u00eb sh\u00ebnuar plag\u00eb me gjak, jo me boj\u00eb, plag\u00eb q\u00eb s\u2019i mbyll as koha, as harresa, as pluhuri i shekujve. Ato flasin sa her\u00eb toka merr frym\u00eb, sa her\u00eb emri Re\u00e7ak shqiptohet, sa her\u00eb nj\u00eb n\u00ebn\u00eb shikon qiellin e pret djalin q\u00eb s\u2019u kthye kurr\u00eb. Kjo [&hellip;]<\/p>\n","protected":false},"author":1,"featured_media":8848,"comment_status":"closed","ping_status":"closed","sticky":false,"template":"","format":"standard","meta":{"footnotes":""},"categories":[2],"tags":[],"class_list":{"0":"post-8847","1":"post","2":"type-post","3":"status-publish","4":"format-standard","5":"has-post-thumbnail","7":"category-zvicer"},"_links":{"self":[{"href":"https:\/\/syri.tv\/index.php?rest_route=\/wp\/v2\/posts\/8847","targetHints":{"allow":["GET"]}}],"collection":[{"href":"https:\/\/syri.tv\/index.php?rest_route=\/wp\/v2\/posts"}],"about":[{"href":"https:\/\/syri.tv\/index.php?rest_route=\/wp\/v2\/types\/post"}],"author":[{"embeddable":true,"href":"https:\/\/syri.tv\/index.php?rest_route=\/wp\/v2\/users\/1"}],"replies":[{"embeddable":true,"href":"https:\/\/syri.tv\/index.php?rest_route=%2Fwp%2Fv2%2Fcomments&post=8847"}],"version-history":[{"count":1,"href":"https:\/\/syri.tv\/index.php?rest_route=\/wp\/v2\/posts\/8847\/revisions"}],"predecessor-version":[{"id":8849,"href":"https:\/\/syri.tv\/index.php?rest_route=\/wp\/v2\/posts\/8847\/revisions\/8849"}],"wp:featuredmedia":[{"embeddable":true,"href":"https:\/\/syri.tv\/index.php?rest_route=\/wp\/v2\/media\/8848"}],"wp:attachment":[{"href":"https:\/\/syri.tv\/index.php?rest_route=%2Fwp%2Fv2%2Fmedia&parent=8847"}],"wp:term":[{"taxonomy":"category","embeddable":true,"href":"https:\/\/syri.tv\/index.php?rest_route=%2Fwp%2Fv2%2Fcategories&post=8847"},{"taxonomy":"post_tag","embeddable":true,"href":"https:\/\/syri.tv\/index.php?rest_route=%2Fwp%2Fv2%2Ftags&post=8847"}],"curies":[{"name":"wp","href":"https:\/\/api.w.org\/{rel}","templated":true}]}}