{"id":8819,"date":"2026-01-16T17:33:15","date_gmt":"2026-01-16T17:33:15","guid":{"rendered":"https:\/\/syri.tv\/?p=8819"},"modified":"2026-01-17T20:09:38","modified_gmt":"2026-01-17T20:09:38","slug":"ambasadori-latifi-pritet-nga-presidenti-zviceran-parmelin-ne-pritjen-tradicionale-te-vitit-te-ri","status":"publish","type":"post","link":"https:\/\/syri.tv\/?p=8819","title":{"rendered":"Ambasadori Latifi pritet nga Presidenti zviceran Parmelin n\u00eb pritjen tradicionale t\u00eb Vitit t\u00eb Ri"},"content":{"rendered":"<p>Ambasadori i Republik\u00ebs s\u00eb Kosov\u00ebs n\u00eb Zvic\u00ebr, z. Mentor Latifi, mori pjes\u00eb n\u00eb pritjen tradicionale t\u00eb Vitit t\u00eb Ri p\u00ebr trupin diplomatik t\u00eb akredituar n\u00eb Bern\u00eb, organizuar nga Presidenti i Konfederat\u00ebs Zvicerane, Guy Parmelin.<\/p>\n<p><img loading=\"lazy\" loading=\"lazy\" decoding=\"async\" class=\"alignnone size-medium wp-image-8821\" src=\"https:\/\/syri.tv\/wp-content\/uploads\/2026\/01\/FB_IMG_1768584691131-300x195.jpg\" alt=\"\" width=\"300\" height=\"195\" srcset=\"https:\/\/syri.tv\/wp-content\/uploads\/2026\/01\/FB_IMG_1768584691131-300x195.jpg 300w, https:\/\/syri.tv\/wp-content\/uploads\/2026\/01\/FB_IMG_1768584691131-1024x666.jpg 1024w, https:\/\/syri.tv\/wp-content\/uploads\/2026\/01\/FB_IMG_1768584691131-768x500.jpg 768w, https:\/\/syri.tv\/wp-content\/uploads\/2026\/01\/FB_IMG_1768584691131-1536x999.jpg 1536w, https:\/\/syri.tv\/wp-content\/uploads\/2026\/01\/FB_IMG_1768584691131-860x560.jpg 860w, https:\/\/syri.tv\/wp-content\/uploads\/2026\/01\/FB_IMG_1768584691131.jpg 1600w\" sizes=\"auto, (max-width: 300px) 100vw, 300px\" \/><\/p>\n<p>Gjat\u00eb takimit, Ambasadori Latifi e fal\u00ebnderoi Presidentin Parmelin p\u00ebr miratimin e fundit t\u00eb Marr\u00ebveshjes s\u00eb EFTA\u2011s nga K\u00ebshilli Komb\u00ebtar, duke e vler\u00ebsuar k\u00ebt\u00eb hap si nj\u00eb moment t\u00eb r\u00ebnd\u00ebsish\u00ebm p\u00ebr marr\u00ebdh\u00ebniet ekonomike dhe tregtare nd\u00ebrmjet Kosov\u00ebs dhe vendeve an\u00ebtare t\u00eb EFTA\u2011s.<\/p>\n<p>Ambasadori i p\u00ebrcolli gjithashtu Presidentit Parmelin urimet m\u00eb t\u00eb mira p\u00ebr vitin 2026, duke theksuar gatishm\u00ebrin\u00eb e Kosov\u00ebs p\u00ebr t\u00eb thelluar bashk\u00ebpunimin bilateral me Zvicr\u00ebn n\u00eb fusha me interes t\u00eb nd\u00ebrsjell\u00eb.<\/p>\n<p>Lajmi \u00ebsht\u00eb shp\u00ebrndar\u00eb nga Ambasada e Kosov\u00ebs n\u00eb Bern, e cila publikoi edhe dy fotografi nga pritja zyrtare.<\/p>\n","protected":false},"excerpt":{"rendered":"<p>Ambasadori i Republik\u00ebs s\u00eb Kosov\u00ebs n\u00eb Zvic\u00ebr, z. Mentor Latifi, mori pjes\u00eb n\u00eb pritjen tradicionale t\u00eb Vitit t\u00eb Ri p\u00ebr trupin diplomatik t\u00eb akredituar n\u00eb Bern\u00eb, organizuar nga Presidenti i Konfederat\u00ebs Zvicerane, Guy Parmelin. Gjat\u00eb takimit, Ambasadori Latifi e fal\u00ebnderoi Presidentin Parmelin p\u00ebr miratimin e fundit t\u00eb Marr\u00ebveshjes s\u00eb EFTA\u2011s nga K\u00ebshilli Komb\u00ebtar, duke e [&hellip;]<\/p>\n","protected":false},"author":7,"featured_media":8820,"comment_status":"closed","ping_status":"closed","sticky":false,"template":"","format":"standard","meta":{"footnotes":""},"categories":[2],"tags":[],"class_list":{"0":"post-8819","1":"post","2":"type-post","3":"status-publish","4":"format-standard","5":"has-post-thumbnail","7":"category-zvicer"},"_links":{"self":[{"href":"https:\/\/syri.tv\/index.php?rest_route=\/wp\/v2\/posts\/8819","targetHints":{"allow":["GET"]}}],"collection":[{"href":"https:\/\/syri.tv\/index.php?rest_route=\/wp\/v2\/posts"}],"about":[{"href":"https:\/\/syri.tv\/index.php?rest_route=\/wp\/v2\/types\/post"}],"author":[{"embeddable":true,"href":"https:\/\/syri.tv\/index.php?rest_route=\/wp\/v2\/users\/7"}],"replies":[{"embeddable":true,"href":"https:\/\/syri.tv\/index.php?rest_route=%2Fwp%2Fv2%2Fcomments&post=8819"}],"version-history":[{"count":2,"href":"https:\/\/syri.tv\/index.php?rest_route=\/wp\/v2\/posts\/8819\/revisions"}],"predecessor-version":[{"id":8834,"href":"https:\/\/syri.tv\/index.php?rest_route=\/wp\/v2\/posts\/8819\/revisions\/8834"}],"wp:featuredmedia":[{"embeddable":true,"href":"https:\/\/syri.tv\/index.php?rest_route=\/wp\/v2\/media\/8820"}],"wp:attachment":[{"href":"https:\/\/syri.tv\/index.php?rest_route=%2Fwp%2Fv2%2Fmedia&parent=8819"}],"wp:term":[{"taxonomy":"category","embeddable":true,"href":"https:\/\/syri.tv\/index.php?rest_route=%2Fwp%2Fv2%2Fcategories&post=8819"},{"taxonomy":"post_tag","embeddable":true,"href":"https:\/\/syri.tv\/index.php?rest_route=%2Fwp%2Fv2%2Ftags&post=8819"}],"curies":[{"name":"wp","href":"https:\/\/api.w.org\/{rel}","templated":true}]}}