{"id":8813,"date":"2026-01-15T15:08:18","date_gmt":"2026-01-15T15:08:18","guid":{"rendered":"https:\/\/syri.tv\/?p=8813"},"modified":"2026-01-15T15:08:18","modified_gmt":"2026-01-15T15:08:18","slug":"komuniteti-musliman-shqiptar-ne-zvicer-reagon-pas-raportimeve-mediatike-personi-i-permendur-nuk-eshte-imam-yne","status":"publish","type":"post","link":"https:\/\/syri.tv\/?p=8813","title":{"rendered":"Komuniteti Musliman Shqiptar n\u00eb Zvic\u00ebr reagon pas raportimeve mediatike: \u201cPersoni i p\u00ebrmendur nuk \u00ebsht\u00eb imam yn\u00eb\u201d"},"content":{"rendered":"<p>Cyrih, 15 janar 2026 \u2014 Komuniteti Musliman Shqiptar n\u00eb Zvic\u00ebr (KMSHZ) ka publikuar nj\u00eb deklarat\u00eb zyrtare pas lajmeve t\u00eb qarkulluara n\u00eb disa media lidhur me nisjen e nj\u00eb procesi gjyq\u00ebsor ndaj nj\u00eb personi t\u00eb cil\u00ebsuar si \u201cimam shqiptar\u201d. Sipas komunitetit, etiketime t\u00eb tilla jan\u00eb t\u00eb pav\u00ebrteta dhe d\u00ebmtojn\u00eb padrejt\u00ebsisht imazhin e institucioneve fetare shqiptare n\u00eb Zvic\u00ebr.<\/p>\n<p><img loading=\"lazy\" loading=\"lazy\" decoding=\"async\" class=\"alignnone wp-image-8815\" src=\"https:\/\/syri.tv\/wp-content\/uploads\/2026\/01\/FB_IMG_1768489192763-150x150.jpg\" alt=\"\" width=\"220\" height=\"250\" srcset=\"https:\/\/syri.tv\/wp-content\/uploads\/2026\/01\/FB_IMG_1768489192763-264x300.jpg 264w, https:\/\/syri.tv\/wp-content\/uploads\/2026\/01\/FB_IMG_1768489192763-902x1024.jpg 902w, https:\/\/syri.tv\/wp-content\/uploads\/2026\/01\/FB_IMG_1768489192763-768x872.jpg 768w, https:\/\/syri.tv\/wp-content\/uploads\/2026\/01\/FB_IMG_1768489192763-860x977.jpg 860w, https:\/\/syri.tv\/wp-content\/uploads\/2026\/01\/FB_IMG_1768489192763.jpg 1335w\" sizes=\"auto, (max-width: 220px) 100vw, 220px\" \/><\/p>\n<p>N\u00eb reagimin e tyre, KMSHZ thekson se personi i p\u00ebrmendur n\u00eb raportime nuk ka asnj\u00eb lidhje institucionale apo funksionale me komunitetin:<\/p>\n<p>&gt; \u201cPersoni n\u00eb fjal\u00eb nuk \u00ebsht\u00eb imam i Komunitetit Musliman Shqiptar n\u00eb Zvic\u00ebr, nuk mban asnj\u00eb funksion fetar n\u00eb strukturat tona dhe nuk sh\u00ebrben n\u00eb asnj\u00eb xhami shqiptare n\u00eb Zvic\u00ebr. \u00c7do lidhje e tij me institucionet tona fetare \u00ebsht\u00eb e pav\u00ebrtet\u00eb dhe e pasakt\u00eb.\u201d<\/p>\n<p>Komuniteti n\u00ebnvizon se distancohet plot\u00ebsisht nga \u00e7do veprim i kund\u00ebrligjsh\u00ebm dhe se parimet mbi t\u00eb cilat funksionon jan\u00eb t\u00eb bazuara n\u00eb ndershm\u00ebri, p\u00ebrgjegj\u00ebsi morale dhe respektim t\u00eb ligjit zviceran. P\u00ebrmes deklarat\u00ebs, KMSHZ i b\u00ebn thirrje mediave q\u00eb t\u00eb tregojn\u00eb kujdes n\u00eb raportim, duke shmangur keqinterpretimet q\u00eb mund t\u00eb krijojn\u00eb perceptime t\u00eb rreme ndaj komunitetit musliman shqiptar.<\/p>\n<p>&gt; \u201cFtojm\u00eb mediat q\u00eb n\u00eb raportimet e tyre t\u00eb tregojn\u00eb kujdes dhe p\u00ebrgjegj\u00ebsi, n\u00eb m\u00ebnyr\u00eb q\u00eb t\u00eb mos krijohen keqkuptime apo d\u00ebmtohet padrejt\u00ebsisht imazhi i komunitetit musliman shqiptar, i cili prej dekadash kontribuon pozitivisht n\u00eb shoq\u00ebrin\u00eb zvicerane.\u201d<\/p>\n<p>Komuniteti Musliman Shqiptar n\u00eb Zvic\u00ebr \u00ebsht\u00eb nj\u00eb prej organizatave m\u00eb t\u00eb konsoliduara t\u00eb diaspor\u00ebs shqiptare, me nj\u00eb rol t\u00eb r\u00ebnd\u00ebsish\u00ebm n\u00eb jet\u00ebn fetare, kulturore dhe sociale t\u00eb mij\u00ebra besimtar\u00ebve. P\u00ebrfaq\u00ebsuesit e tij theksojn\u00eb se do t\u00eb vazhdojn\u00eb t\u00eb mbrojn\u00eb integritetin e komunitetit dhe t\u00eb reagojn\u00eb ndaj \u00e7do keqinformimi q\u00eb prek reputacion in e tyre.<\/p>\n","protected":false},"excerpt":{"rendered":"<p>Cyrih, 15 janar 2026 \u2014 Komuniteti Musliman Shqiptar n\u00eb Zvic\u00ebr (KMSHZ) ka publikuar nj\u00eb deklarat\u00eb zyrtare pas lajmeve t\u00eb qarkulluara n\u00eb disa media lidhur me nisjen e nj\u00eb procesi gjyq\u00ebsor ndaj nj\u00eb personi t\u00eb cil\u00ebsuar si \u201cimam shqiptar\u201d. Sipas komunitetit, etiketime t\u00eb tilla jan\u00eb t\u00eb pav\u00ebrteta dhe d\u00ebmtojn\u00eb padrejt\u00ebsisht imazhin e institucioneve fetare shqiptare n\u00eb [&hellip;]<\/p>\n","protected":false},"author":7,"featured_media":8814,"comment_status":"closed","ping_status":"closed","sticky":false,"template":"","format":"standard","meta":{"footnotes":""},"categories":[2],"tags":[],"class_list":{"0":"post-8813","1":"post","2":"type-post","3":"status-publish","4":"format-standard","5":"has-post-thumbnail","7":"category-zvicer"},"_links":{"self":[{"href":"https:\/\/syri.tv\/index.php?rest_route=\/wp\/v2\/posts\/8813","targetHints":{"allow":["GET"]}}],"collection":[{"href":"https:\/\/syri.tv\/index.php?rest_route=\/wp\/v2\/posts"}],"about":[{"href":"https:\/\/syri.tv\/index.php?rest_route=\/wp\/v2\/types\/post"}],"author":[{"embeddable":true,"href":"https:\/\/syri.tv\/index.php?rest_route=\/wp\/v2\/users\/7"}],"replies":[{"embeddable":true,"href":"https:\/\/syri.tv\/index.php?rest_route=%2Fwp%2Fv2%2Fcomments&post=8813"}],"version-history":[{"count":3,"href":"https:\/\/syri.tv\/index.php?rest_route=\/wp\/v2\/posts\/8813\/revisions"}],"predecessor-version":[{"id":8818,"href":"https:\/\/syri.tv\/index.php?rest_route=\/wp\/v2\/posts\/8813\/revisions\/8818"}],"wp:featuredmedia":[{"embeddable":true,"href":"https:\/\/syri.tv\/index.php?rest_route=\/wp\/v2\/media\/8814"}],"wp:attachment":[{"href":"https:\/\/syri.tv\/index.php?rest_route=%2Fwp%2Fv2%2Fmedia&parent=8813"}],"wp:term":[{"taxonomy":"category","embeddable":true,"href":"https:\/\/syri.tv\/index.php?rest_route=%2Fwp%2Fv2%2Fcategories&post=8813"},{"taxonomy":"post_tag","embeddable":true,"href":"https:\/\/syri.tv\/index.php?rest_route=%2Fwp%2Fv2%2Ftags&post=8813"}],"curies":[{"name":"wp","href":"https:\/\/api.w.org\/{rel}","templated":true}]}}