{"id":8786,"date":"2026-01-10T09:26:09","date_gmt":"2026-01-10T09:26:09","guid":{"rendered":"https:\/\/syri.tv\/?p=8786"},"modified":"2026-01-10T09:26:09","modified_gmt":"2026-01-10T09:26:09","slug":"leter-e-hapur-drejtuar-blendi-fevziu-kunder-baton-haxhiut","status":"publish","type":"post","link":"https:\/\/syri.tv\/?p=8786","title":{"rendered":"LET\u00cbR E HAPUR Drejtuar Blendi Fevziu kund\u00ebr Baton Haxhiut"},"content":{"rendered":"<p><a class=\"x1i10hfl xjbqb8w x1ejq31n x18oe1m7 x1sy0etr xstzfhl x972fbf x10w94by x1qhh985 x14e42zd x9f619 x1ypdohk xt0psk2 x3ct3a4 xdj266r x14z9mp xat24cr x1lziwak xexx8yu xyri2b x18d9i69 x1c1uobl x16tdsg8 x1hl2dhg xggy1nq x1a2a7pz xkrqix3 x1sur9pj xzsf02u x1s688f\" tabindex=\"0\" role=\"link\" href=\"https:\/\/www.facebook.com\/kamer.bajrami?__cft__[0]=AZapelgsDnwZRnEmRighwMU1y5SwKDcJ-FeFw-IhuOW5yb6aTvSqr6RGF6TnzVqjYemb8eqXEwT6dRZNTHGCWuFRHYJCFIktutdnKPggDXSX6p5R4P_RevejHlO6wkbOJ4KrnbrxEkYBXLxEi9QzybV9yKgyF_u8W5hPTRT8EpAQBvu-t9ipNsM8b_sIAGDbjz_MrqA0hFwCvU4Sg_Ag1EVckwBQVmsgo0C1GZPXOYIouw&amp;__tn__=-UC%2CP-y-R\"><b class=\"html-b xdj266r x14z9mp xat24cr x1lziwak xexx8yu xyri2b x18d9i69 x1c1uobl x1hl2dhg x16tdsg8 x1vvkbs x1s688f\"><span class=\"html-span xdj266r x14z9mp xat24cr x1lziwak xexx8yu xyri2b x18d9i69 x1c1uobl x1hl2dhg x16tdsg8 x1vvkbs\">Shkruan: Fran Frroku<\/span><\/b><\/a><\/p>\n<div dir=\"auto\">Kjo nuk \u00ebsht\u00eb m\u00eb \u00e7\u00ebshtje shijesh, debatesh apo \u201cbalancash mediatike\u201d. Kjo \u00ebsht\u00eb \u00e7\u00ebshtje p\u00ebrgjegj\u00ebsie komb\u00ebtare.<\/div>\n<div dir=\"auto\">Ftesat e p\u00ebrs\u00ebritura q\u00eb i b\u00ebni Baton Haxhiut (Stanishiqit) jan\u00eb nj\u00eb turp publik. Ky person \u00ebsht\u00eb simbol i q\u00ebndrimeve kund\u00ebr shtetit t\u00eb Kosov\u00ebs, kund\u00ebr institucioneve t\u00eb saj dhe kund\u00ebr vet\u00eb sakrific\u00ebs s\u00eb shqiptar\u00ebve. Ai nuk \u00ebsht\u00eb analist. Ai \u00ebsht\u00eb nj\u00eb propagandist i maskuar, i cili p\u00ebrdor ekranet shqiptare p\u00ebr t\u00eb helmuar opinionin publik.<\/div>\n<div dir=\"auto\">Pyetja nuk \u00ebsht\u00eb m\u00eb pse e ftoni. Pyetja \u00ebsht\u00eb:<\/div>\n<div dir=\"auto\">\u00e7far\u00eb interesi po i sh\u00ebrbeni duke e ftuar?<\/div>\n<div dir=\"auto\">A po i sh\u00ebrbeni axhend\u00ebs s\u00eb qeveris\u00eb s\u00eb Edi Ram\u00ebs?<\/div>\n<div dir=\"auto\">A po i sh\u00ebrbeni lidhjeve personale dhe klienteliste?<\/div>\n<div dir=\"auto\">Apo thjesht keni humbur \u00e7do sens t\u00eb p\u00ebrgjegj\u00ebsis\u00eb morale dhe komb\u00ebtare?<\/div>\n<div dir=\"auto\">Z. Fevziu, ju i dini shum\u00eb mir\u00eb deklaratat e Baton Haxhiut kund\u00ebr Kosov\u00ebs. I keni d\u00ebgjuar. I keni lexuar. I keni par\u00eb reagimet e qytetar\u00ebve kosovar\u00eb. Dhe megjithat\u00eb, vazhdoni t\u2019i hapni studion. Kjo nuk \u00ebsht\u00eb padije. Kjo \u00ebsht\u00eb zgjedhje e vet\u00ebdijshme.<\/div>\n<div dir=\"auto\">Mos u fshihni pas justifikimit t\u00eb \u201cpluralizmit\u201d.<\/div>\n<div dir=\"auto\">Pluraliz\u00ebm nuk \u00ebsht\u00eb t\u2019i jap\u00ebsh z\u00eb dikujt q\u00eb punon kund\u00ebr interesit komb\u00ebtar.<\/div>\n<div dir=\"auto\">Pluraliz\u00ebm nuk \u00ebsht\u00eb t\u00eb normalizosh nj\u00eb figur\u00eb q\u00eb p\u00ebr\u00e7an shqiptar\u00ebt.<\/div>\n<div dir=\"auto\">Kjo quhet legjitimim i antishqiptarizmit n\u00eb prime time.<\/div>\n<div dir=\"auto\">\u00c7do her\u00eb q\u00eb Baton Haxhiu ulet n\u00eb studion tuaj, ju mbani p\u00ebrgjegj\u00ebsi direkte p\u00ebr d\u00ebmin q\u00eb i b\u00ebhet Kosov\u00ebs dhe unitetit shqiptar. Media nuk \u00ebsht\u00eb neutrale kur zgjedh t\u00eb promovoj\u00eb figura t\u00eb tilla. Media b\u00ebhet pal\u00eb.<\/div>\n<div dir=\"auto\">Historia nuk do t\u2019ju gjykoj\u00eb si moderator.<\/div>\n<div dir=\"auto\">Do t\u2019ju gjykoj\u00eb si njeri q\u00eb kishte mikrofonin dhe zgjodhi ta p\u00ebrdorte gabim.<\/div>\n<div dir=\"auto\">N\u00ebse vazhdoni n\u00eb k\u00ebt\u00eb rrug\u00eb, emri juaj nuk do t\u00eb kujtohet p\u00ebr gazetari, por p\u00ebr bashk\u00ebpunim moral me narrativa q\u00eb godasin Kosov\u00ebn.<\/div>\n<div dir=\"auto\">Koha e justifikimeve ka mbaruar.<\/div>\n<div dir=\"auto\">Koha e llogaridh\u00ebnies ka ardhur.<\/div>\n","protected":false},"excerpt":{"rendered":"<p>Shkruan: Fran Frroku Kjo nuk \u00ebsht\u00eb m\u00eb \u00e7\u00ebshtje shijesh, debatesh apo \u201cbalancash mediatike\u201d. Kjo \u00ebsht\u00eb \u00e7\u00ebshtje p\u00ebrgjegj\u00ebsie komb\u00ebtare. Ftesat e p\u00ebrs\u00ebritura q\u00eb i b\u00ebni Baton Haxhiut (Stanishiqit) jan\u00eb nj\u00eb turp publik. Ky person \u00ebsht\u00eb simbol i q\u00ebndrimeve kund\u00ebr shtetit t\u00eb Kosov\u00ebs, kund\u00ebr institucioneve t\u00eb saj dhe kund\u00ebr vet\u00eb sakrific\u00ebs s\u00eb shqiptar\u00ebve. Ai nuk \u00ebsht\u00eb analist. [&hellip;]<\/p>\n","protected":false},"author":1,"featured_media":8787,"comment_status":"closed","ping_status":"closed","sticky":false,"template":"","format":"standard","meta":{"footnotes":""},"categories":[9],"tags":[],"class_list":{"0":"post-8786","1":"post","2":"type-post","3":"status-publish","4":"format-standard","5":"has-post-thumbnail","7":"category-vendi"},"_links":{"self":[{"href":"https:\/\/syri.tv\/index.php?rest_route=\/wp\/v2\/posts\/8786","targetHints":{"allow":["GET"]}}],"collection":[{"href":"https:\/\/syri.tv\/index.php?rest_route=\/wp\/v2\/posts"}],"about":[{"href":"https:\/\/syri.tv\/index.php?rest_route=\/wp\/v2\/types\/post"}],"author":[{"embeddable":true,"href":"https:\/\/syri.tv\/index.php?rest_route=\/wp\/v2\/users\/1"}],"replies":[{"embeddable":true,"href":"https:\/\/syri.tv\/index.php?rest_route=%2Fwp%2Fv2%2Fcomments&post=8786"}],"version-history":[{"count":1,"href":"https:\/\/syri.tv\/index.php?rest_route=\/wp\/v2\/posts\/8786\/revisions"}],"predecessor-version":[{"id":8788,"href":"https:\/\/syri.tv\/index.php?rest_route=\/wp\/v2\/posts\/8786\/revisions\/8788"}],"wp:featuredmedia":[{"embeddable":true,"href":"https:\/\/syri.tv\/index.php?rest_route=\/wp\/v2\/media\/8787"}],"wp:attachment":[{"href":"https:\/\/syri.tv\/index.php?rest_route=%2Fwp%2Fv2%2Fmedia&parent=8786"}],"wp:term":[{"taxonomy":"category","embeddable":true,"href":"https:\/\/syri.tv\/index.php?rest_route=%2Fwp%2Fv2%2Fcategories&post=8786"},{"taxonomy":"post_tag","embeddable":true,"href":"https:\/\/syri.tv\/index.php?rest_route=%2Fwp%2Fv2%2Ftags&post=8786"}],"curies":[{"name":"wp","href":"https:\/\/api.w.org\/{rel}","templated":true}]}}