{"id":8767,"date":"2026-01-08T11:36:42","date_gmt":"2026-01-08T11:36:42","guid":{"rendered":"https:\/\/syri.tv\/?p=8767"},"modified":"2026-01-08T11:38:41","modified_gmt":"2026-01-08T11:38:41","slug":"dy-vellezerit-bakaj-ne-nje-ring-me-nje-zemer-shqiptare-kuq-e-zi","status":"publish","type":"post","link":"https:\/\/syri.tv\/?p=8767","title":{"rendered":"Dy v\u00ebllez\u00ebrit Bakaj n\u00eb nj\u00eb ring me nj\u00eb zem\u00ebr shqiptare kuq e zi"},"content":{"rendered":"<p><strong>Me 17 Janar 2026 n\u00eb BBC ARENA n\u00eb Schaffhausen<\/strong><\/p>\n<p>Roberto dhe Amarildo Bakaj jan\u00eb dy v\u00ebllez\u00ebr shqiptar\u00eb q\u00eb prej vitesh merren me boks dhe gjithmon\u00eb demonstrojn\u00eb ndeshje me shum\u00eb karakter komb\u00ebtar dhe nj\u00eb mb\u00ebshtetje nga komuniteti jone anek\u00ebnd globit.<\/p>\n<p>Q\u00eb t\u00eb dy jan\u00eb fitues t\u00eb shum\u00eb titujve, t\u00eb cil\u00ebt me shum\u00eb mund dhe disiplin\u00eb t\u00eb mb\u00ebshtetur sidomos\u00a0 nga familja dhe rrethi i tyre q\u00eb ju besojn\u00eb, jan\u00eb p\u00ebrkushtuar t\u00eb nd\u00ebrtojn\u00eb karrier\u00ebn e tyre t\u00eb suksesshme n\u00eb sportin luftarak.<\/p>\n<p>D\u00ebshmia \u00ebsht\u00eb se sidomos vitet e fundit kan\u00eb dh\u00ebn\u00eb simpati t\u00eb ve\u00e7ant\u00eb edhe te p\u00ebrkrah\u00ebsit e tyre dhe n\u00eb media gjithandej ku flitet shqip.<\/p>\n<p>Edhe mediumet e huaja, duke v\u00ebrejtur potencialin dhe dhuntin\u00eb q\u00eb posedojn\u00eb, krye faqet n\u00eb gjuh\u00eb t\u00eb ndryshme ngritin lart\u00eb t\u00eb arriturat e tyre.<\/p>\n<p>Me 17 Janar 2026 n\u00eb BBC ARENA n\u00eb Schaffhausen do t\u00eb ken\u00eb mund\u00ebsin\u00eb edhe komuniteti shqiptar n\u00eb Zvic\u00ebr t\u00eb jet\u00eb prezent n\u00eb k\u00ebt\u00eb eveniment madh\u00ebshtor\u00eb dhe p\u00ebr s\u00eb af\u00ebrmi t\u00eb p\u00ebrcjell\u00eb dhe mb\u00ebshtes\u00eb v\u00ebllez\u00ebrit Bakaj.<\/p>\n<p>Roberto Bakaj p\u00ebr kund\u00ebrshtar ka nj\u00eb boksier shum\u00eb me p\u00ebrvoj\u00eb dhe tejet i pap\u00ebrshtatsh\u00ebm p\u00ebr kund\u00ebrshtarin i cili me 14 fitore tregon gatishm\u00ebrin\u00eb e tije n\u00eb ring.<\/p>\n<p>Pavar\u00ebsisht kund\u00ebrshtarit un\u00eb jam i gatsh\u00ebm \u00e7do her\u00eb p\u00ebr fitore prandaj edhe me 17 Janar un\u00eb do t\u00eb godas Kuq e Zi si gjithmon\u00eb e q\u00eb p\u00ebr kund\u00ebrshtarin tim \u00ebsht\u00eb e qart\u00eb \u00e7ka e pret.<\/p>\n<p>Amarildo ndeshet me Morandi q\u00eb sipas mb\u00ebshtet\u00ebsve Italian llogaritet t\u00eb triumfoj\u00eb kund\u00ebr Amarildos.\u00a0\u00a0 N\u00eb faqet e rrjeteve sociale shprehet Amarildo se do te shoh\u00eb Italiani sa t\u00eb fort\u00eb dhe t\u00eb shkath\u00ebt jan\u00eb shqiptar\u00ebt dhe synon patjet\u00ebr fitore.<\/p>\n<p>V\u00ebllez\u00ebrit Bakaj dhe organizator\u00ebt e k\u00ebtij evenimenti madh\u00ebshtor\u00eb ftojn\u00eb komunitetin tone dhe gjith\u00eb adhuruesit e sportit luftarak t\u00eb na bashkohen dhe t\u00eb festojm\u00eb kuq e zi.<\/p>\n<p>&nbsp;<\/p>\n<p>&nbsp;<\/p>\n","protected":false},"excerpt":{"rendered":"<p>Me 17 Janar 2026 n\u00eb BBC ARENA n\u00eb Schaffhausen Roberto dhe Amarildo Bakaj jan\u00eb dy v\u00ebllez\u00ebr shqiptar\u00eb q\u00eb prej vitesh merren me boks dhe gjithmon\u00eb demonstrojn\u00eb ndeshje me shum\u00eb karakter komb\u00ebtar dhe nj\u00eb mb\u00ebshtetje nga komuniteti jone anek\u00ebnd globit. Q\u00eb t\u00eb dy jan\u00eb fitues t\u00eb shum\u00eb titujve, t\u00eb cil\u00ebt me shum\u00eb mund dhe disiplin\u00eb t\u00eb [&hellip;]<\/p>\n","protected":false},"author":1,"featured_media":8768,"comment_status":"closed","ping_status":"closed","sticky":false,"template":"","format":"standard","meta":{"footnotes":""},"categories":[106],"tags":[],"class_list":{"0":"post-8767","1":"post","2":"type-post","3":"status-publish","4":"format-standard","5":"has-post-thumbnail","7":"category-sport"},"_links":{"self":[{"href":"https:\/\/syri.tv\/index.php?rest_route=\/wp\/v2\/posts\/8767","targetHints":{"allow":["GET"]}}],"collection":[{"href":"https:\/\/syri.tv\/index.php?rest_route=\/wp\/v2\/posts"}],"about":[{"href":"https:\/\/syri.tv\/index.php?rest_route=\/wp\/v2\/types\/post"}],"author":[{"embeddable":true,"href":"https:\/\/syri.tv\/index.php?rest_route=\/wp\/v2\/users\/1"}],"replies":[{"embeddable":true,"href":"https:\/\/syri.tv\/index.php?rest_route=%2Fwp%2Fv2%2Fcomments&post=8767"}],"version-history":[{"count":2,"href":"https:\/\/syri.tv\/index.php?rest_route=\/wp\/v2\/posts\/8767\/revisions"}],"predecessor-version":[{"id":8770,"href":"https:\/\/syri.tv\/index.php?rest_route=\/wp\/v2\/posts\/8767\/revisions\/8770"}],"wp:featuredmedia":[{"embeddable":true,"href":"https:\/\/syri.tv\/index.php?rest_route=\/wp\/v2\/media\/8768"}],"wp:attachment":[{"href":"https:\/\/syri.tv\/index.php?rest_route=%2Fwp%2Fv2%2Fmedia&parent=8767"}],"wp:term":[{"taxonomy":"category","embeddable":true,"href":"https:\/\/syri.tv\/index.php?rest_route=%2Fwp%2Fv2%2Fcategories&post=8767"},{"taxonomy":"post_tag","embeddable":true,"href":"https:\/\/syri.tv\/index.php?rest_route=%2Fwp%2Fv2%2Ftags&post=8767"}],"curies":[{"name":"wp","href":"https:\/\/api.w.org\/{rel}","templated":true}]}}