{"id":8761,"date":"2026-01-07T11:22:54","date_gmt":"2026-01-07T11:22:54","guid":{"rendered":"https:\/\/syri.tv\/?p=8761"},"modified":"2026-01-07T11:22:54","modified_gmt":"2026-01-07T11:22:54","slug":"viti-2026-si-duket-po-fillon-me-mrekulli-per-kosoven","status":"publish","type":"post","link":"https:\/\/syri.tv\/?p=8761","title":{"rendered":"Viti 2026 si duket po fillon me mrekulli p\u00ebr Kosov\u00ebn!"},"content":{"rendered":"<p>Sipas burimeve informale n\u00eb Washington DC Presidenti i Amerik\u00ebs Donald J. Trump dhe Kryministri n\u00eb Detyr\u00eb i Kosov\u00ebs Albin Z. Kurti jan\u00eb duke punuar n\u00eb hartimin e planit t\u00eb kthimit n\u00eb Kosov\u00eb t\u00eb \u00e7do votuesi nga Diaspora q\u00eb ka votuar n\u00eb zgjedhjet me 28 dhjetor 2025.<\/p>\n<div class=\"x14z9mp xat24cr x1lziwak x1vvkbs xtlvy1s x126k92a\">\n<div dir=\"auto\">Burimet n\u00eb fjal\u00eb thon\u00eb q\u00eb k\u00ebt\u00eb vit popullsia e Kosov\u00ebs do t\u00eb rritet p\u00ebr 15% pasi q\u00eb do t\u00eb riatdhesohen 210 000 votues n\u00eb Kosov\u00eb sipas Planit Trump-Kurti.<\/div>\n<\/div>\n<div class=\"x14z9mp xat24cr x1lziwak x1vvkbs xtlvy1s x126k92a\">\n<div dir=\"auto\">Tashm\u00eb jan\u00eb dor\u00ebzuar listat e atyre q\u00eb kan\u00eb votuar dhe jetojn\u00eb si emigrant\u00eb n\u00eb Gjermani, Zvic\u00ebr, Austri, Franc\u00eb dhe Itali.<\/div>\n<\/div>\n<div class=\"x14z9mp xat24cr x1lziwak x1vvkbs xtlvy1s x126k92a\">\n<div dir=\"auto\">Deri m\u00eb 10 janar priten t\u00eb kompletohen listat e shqiptar\u00ebve q\u00eb kan\u00eb votuar nga ShBA dhe Kanadaja.<\/div>\n<\/div>\n<div class=\"x14z9mp xat24cr x1lziwak x1vvkbs xtlvy1s x126k92a\">\n<div dir=\"auto\">Presidenti Trump dhe KM Kurti jan\u00eb t\u00eb bindur q\u00eb pjestar\u00eat e Diaspor\u00ebs do t\u00eb kthehen n\u00eb atdhe me k\u00ebng\u00eb dhe duke festuar\u2014 27 vjet pas p\u00ebrfundimit t\u00eb luft\u00ebs \u00e7lirimtare.<\/div>\n<\/div>\n<div class=\"x14z9mp xat24cr x1lziwak x1vvkbs xtlvy1s x126k92a\">\n<div dir=\"auto\">\u201cVota nuk mjafton. Duhet kontribut i p\u00ebrditsh\u00ebm n\u00eb rind\u00ebrtimin dhe zhvillimin e vendit.\u201d\u2014 ka deklaruar Presidenti Trump.<\/div>\n<\/div>\n<div class=\"x14z9mp xat24cr x1lziwak x1vvkbs xtlvy1s x126k92a\">\n<div dir=\"auto\">KM Kurti, dy hapa larg Trumpit, ka folur shkurt duke th\u00ebn\u00eb vet\u00ebm nj\u00eb fjal\u00eb: \u201cPajtohem!\u201d<\/div>\n<\/div>\n<div class=\"x14z9mp xat24cr x1lziwak x1vvkbs xtlvy1s x126k92a\">\n<div dir=\"auto\">Pas kthimit masiv t\u00eb Diaspor\u00ebs p\u00ebr t\u00eb jetuar e kontribuar n\u00eb Kosov\u00eb p\u00ebrgjithmon\u00eb, burimet e nj\u00ebjta kan\u00eb informuar q\u00eb shum\u00eb shpejt do t\u00eb fillohet puna n\u00eb Planin Trump-Rama, i cili plan do t\u00eb kthej\u00eb 1 milion\u00eb shqiptar\u00eb n\u00eb Republik\u00ebn e Shqip\u00ebris\u00eb p\u00ebr periudh\u00ebn 2026-2027.<\/div>\n<\/div>\n<div class=\"x14z9mp xat24cr x1lziwak x1vvkbs xtlvy1s x126k92a\">\n<div dir=\"auto\">Mir\u00eb se na vjen o Viti i Ri!<\/div>\n<div dir=\"auto\">Uk Lushi<\/div>\n<\/div>\n","protected":false},"excerpt":{"rendered":"<p>Sipas burimeve informale n\u00eb Washington DC Presidenti i Amerik\u00ebs Donald J. Trump dhe Kryministri n\u00eb Detyr\u00eb i Kosov\u00ebs Albin Z. Kurti jan\u00eb duke punuar n\u00eb hartimin e planit t\u00eb kthimit n\u00eb Kosov\u00eb t\u00eb \u00e7do votuesi nga Diaspora q\u00eb ka votuar n\u00eb zgjedhjet me 28 dhjetor 2025. Burimet n\u00eb fjal\u00eb thon\u00eb q\u00eb k\u00ebt\u00eb vit popullsia e [&hellip;]<\/p>\n","protected":false},"author":1,"featured_media":8762,"comment_status":"closed","ping_status":"closed","sticky":false,"template":"","format":"standard","meta":{"footnotes":""},"categories":[9],"tags":[],"class_list":{"0":"post-8761","1":"post","2":"type-post","3":"status-publish","4":"format-standard","5":"has-post-thumbnail","7":"category-vendi"},"_links":{"self":[{"href":"https:\/\/syri.tv\/index.php?rest_route=\/wp\/v2\/posts\/8761","targetHints":{"allow":["GET"]}}],"collection":[{"href":"https:\/\/syri.tv\/index.php?rest_route=\/wp\/v2\/posts"}],"about":[{"href":"https:\/\/syri.tv\/index.php?rest_route=\/wp\/v2\/types\/post"}],"author":[{"embeddable":true,"href":"https:\/\/syri.tv\/index.php?rest_route=\/wp\/v2\/users\/1"}],"replies":[{"embeddable":true,"href":"https:\/\/syri.tv\/index.php?rest_route=%2Fwp%2Fv2%2Fcomments&post=8761"}],"version-history":[{"count":1,"href":"https:\/\/syri.tv\/index.php?rest_route=\/wp\/v2\/posts\/8761\/revisions"}],"predecessor-version":[{"id":8763,"href":"https:\/\/syri.tv\/index.php?rest_route=\/wp\/v2\/posts\/8761\/revisions\/8763"}],"wp:featuredmedia":[{"embeddable":true,"href":"https:\/\/syri.tv\/index.php?rest_route=\/wp\/v2\/media\/8762"}],"wp:attachment":[{"href":"https:\/\/syri.tv\/index.php?rest_route=%2Fwp%2Fv2%2Fmedia&parent=8761"}],"wp:term":[{"taxonomy":"category","embeddable":true,"href":"https:\/\/syri.tv\/index.php?rest_route=%2Fwp%2Fv2%2Fcategories&post=8761"},{"taxonomy":"post_tag","embeddable":true,"href":"https:\/\/syri.tv\/index.php?rest_route=%2Fwp%2Fv2%2Ftags&post=8761"}],"curies":[{"name":"wp","href":"https:\/\/api.w.org\/{rel}","templated":true}]}}