{"id":8753,"date":"2026-01-07T10:37:47","date_gmt":"2026-01-07T10:37:47","guid":{"rendered":"https:\/\/syri.tv\/?p=8753"},"modified":"2026-01-07T10:38:41","modified_gmt":"2026-01-07T10:38:41","slug":"manipulimi-i-radhes-nga-grupi-i-stanishiqit","status":"publish","type":"post","link":"https:\/\/syri.tv\/?p=8753","title":{"rendered":"MANIPULIMI I RADH\u00cbS NGA \u201e GRUPI I STANISHIQIT!\u201c"},"content":{"rendered":"<div class=\"x14z9mp xat24cr x1lziwak x1vvkbs xtlvy1s x126k92a\">\n<div dir=\"auto\">Fatmir Brajshori-Tushi<\/div>\n<div dir=\"auto\">&#8212;&#8212;&#8212;&#8212;&#8212;&#8212;&#8212;&#8212;&#8212;-<\/div>\n<div dir=\"auto\">N\u00ebse opozita d\u00ebshiron me reflektuar dhe t\u00eb fitoj besimin e qytetar\u00ebve, duhet t\u00eb distancohet nga \u201e mediat e Sputnikut\u201c t\u00eb cilave u intereson t\u00eb arsyetojn pagat q\u00eb marrin nga \u201e Sputniku\u201c me seli n\u00eb Nish, dhe kurrsesi opozita politike e Kosov\u00ebs, e cila m\u00eb s\u00eb shumti, po d\u00ebmtohet nga manipulimet q\u00eb po i b\u00ebhen opinionit, nga \u201e grupi i Stanishiqit\u201c. Grup i cili dit\u00ebn duket q\u00eb \u00ebsht\u00eb m\u00eb af\u00ebr PDK- LDK dhe nat\u00ebn po i gropos k\u00ebto dy subjekte politike\u2026<\/div>\n<\/div>\n<div class=\"x14z9mp xat24cr x1lziwak x1vvkbs xtlvy1s x126k92a\">\n<div dir=\"auto\">Nuk ka pas kurrfar\u00eb takimi sekret n\u00eb Solothurn n\u00eb mes Bislimit dhe Gjuriq dhe k\u00ebt\u00eb gj\u00eb nuk e thot\u00eb as gazeta zvicerane NZZ ( Neue Z\u00fcrcher Zeitung = Gazeta e Re e Cyrihut)\u2026<\/div>\n<\/div>\n<div class=\"x14z9mp xat24cr x1lziwak x1vvkbs xtlvy1s x126k92a\">\n<div dir=\"auto\">Tekstin e NZZ e p\u00ebrktheva t\u00eb t\u00ebrin dhe mund ta lexoni dhe vet pastaj krijoni opinionet e juaja.<\/div>\n<\/div>\n<div class=\"x14z9mp xat24cr x1lziwak x1vvkbs xtlvy1s x126k92a\">\n<div dir=\"auto\">Ky \u00ebsht\u00eb TEKSTI:<\/div>\n<\/div>\n<div class=\"x14z9mp xat24cr x1lziwak x1vvkbs xtlvy1s x126k92a\">\n<div dir=\"auto\">P\u00ebrfaq\u00ebsues t\u00eb BE-s\u00eb dhe t\u00eb shteteve t\u00eb r\u00ebnd\u00ebsishme t\u00eb Bashkimit Evropian jan\u00eb t\u00eb p\u00ebrfshir\u00eb. Italia, q\u00eb nga viti i kaluar, merr p\u00ebrsip\u00ebr rreth 20 p\u00ebr qind t\u00eb kostove. Roma \u00ebsht\u00eb historikisht e lidhur ngusht\u00eb me rajonin.<\/div>\n<\/div>\n<div class=\"x14z9mp xat24cr x1lziwak x1vvkbs xtlvy1s x126k92a\">\n<div dir=\"auto\">Zvicra i organizon k\u00ebto bisedime prej m\u00eb shum\u00eb se nj\u00ebmb\u00ebdhjet\u00eb vjet\u00ebsh. Q\u00ebllimi kurr\u00eb nuk ka qen\u00eb p\u00ebrmbyllja e nj\u00eb marr\u00ebveshjeje t\u00eb madhe paqeje. Por dialogu diskret ndihmoi n\u00eb nd\u00ebrtimin e besimit. Politikan\u00ebt pjes\u00ebmarr\u00ebs kuptojn\u00eb se \u00e7far\u00eb mendon pala tjet\u00ebr. Ata njihen mes vete dhe i kan\u00eb numrat e telefonit t\u00eb nj\u00ebri-tjetrit. Kjo ndihmon q\u00eb, n\u00eb faza kritike, t\u00eb b\u00ebhet de-eskalimi i situat\u00ebs.<\/div>\n<\/div>\n<div class=\"x14z9mp xat24cr x1lziwak x1vvkbs xtlvy1s x126k92a\">\n<div dir=\"auto\">Por a mjafton kjo pas gati nj\u00eb dekade? Pengesat q\u00eb duhet t\u00eb kap\u00ebrcehen p\u00ebr t\u00eb normalizuar marr\u00ebdh\u00ebniet mes Serbis\u00eb dhe Kosov\u00ebs jan\u00eb t\u00eb m\u00ebdha, thot\u00eb Salvisberg. \u201c\u00cbsht\u00eb e qart\u00eb se kjo k\u00ebrkon shum\u00eb durim.\u201d<\/div>\n<\/div>\n<div class=\"x14z9mp xat24cr x1lziwak x1vvkbs xtlvy1s x126k92a\">\n<div dir=\"auto\">Pavar\u00ebsisht konflikteve t\u00eb pazgjidhura, n\u00eb Ballkanin Per\u00ebndimor ka edhe zhvillime pozitive. Kroacia e p\u00ebrshtati politik\u00ebn e saj nacionaliste p\u00ebr t\u2019u b\u00ebr\u00eb an\u00ebtare e BE-s\u00eb n\u00eb vitin 2013. Arrestimi i ish-gjeneralit Ante Gotovina n\u00eb fund t\u00eb vitit 2005 hapi rrug\u00ebn p\u00ebr negociatat e an\u00ebtar\u00ebsimit. Q\u00eb at\u00ebher\u00eb, megjithat\u00eb, procesi i zgjerimit t\u00eb Bashkimit Evropian ka ngecur. \u00c7\u00ebshtjet e hapura kufitare mes Serbis\u00eb dhe Kosov\u00ebs jan\u00eb vet\u00ebm nj\u00eb nga pengesat p\u00ebr an\u00ebtar\u00ebsim n\u00eb BE. T\u00eb pakt\u00ebn, Zvicra jep nj\u00eb kontribut t\u00eb vog\u00ebl n\u00eb Solothurn, q\u00eb konflikti t\u00eb mos dal\u00eb jasht\u00eb kontrollit.<\/div>\n<\/div>\n","protected":false},"excerpt":{"rendered":"<p>Fatmir Brajshori-Tushi &#8212;&#8212;&#8212;&#8212;&#8212;&#8212;&#8212;&#8212;&#8212;- N\u00ebse opozita d\u00ebshiron me reflektuar dhe t\u00eb fitoj besimin e qytetar\u00ebve, duhet t\u00eb distancohet nga \u201e mediat e Sputnikut\u201c t\u00eb cilave u intereson t\u00eb arsyetojn pagat q\u00eb marrin nga \u201e Sputniku\u201c me seli n\u00eb Nish, dhe kurrsesi opozita politike e Kosov\u00ebs, e cila m\u00eb s\u00eb shumti, po d\u00ebmtohet nga manipulimet q\u00eb po [&hellip;]<\/p>\n","protected":false},"author":1,"featured_media":8754,"comment_status":"closed","ping_status":"closed","sticky":false,"template":"","format":"standard","meta":{"footnotes":""},"categories":[2],"tags":[],"class_list":{"0":"post-8753","1":"post","2":"type-post","3":"status-publish","4":"format-standard","5":"has-post-thumbnail","7":"category-zvicer"},"_links":{"self":[{"href":"https:\/\/syri.tv\/index.php?rest_route=\/wp\/v2\/posts\/8753","targetHints":{"allow":["GET"]}}],"collection":[{"href":"https:\/\/syri.tv\/index.php?rest_route=\/wp\/v2\/posts"}],"about":[{"href":"https:\/\/syri.tv\/index.php?rest_route=\/wp\/v2\/types\/post"}],"author":[{"embeddable":true,"href":"https:\/\/syri.tv\/index.php?rest_route=\/wp\/v2\/users\/1"}],"replies":[{"embeddable":true,"href":"https:\/\/syri.tv\/index.php?rest_route=%2Fwp%2Fv2%2Fcomments&post=8753"}],"version-history":[{"count":2,"href":"https:\/\/syri.tv\/index.php?rest_route=\/wp\/v2\/posts\/8753\/revisions"}],"predecessor-version":[{"id":8756,"href":"https:\/\/syri.tv\/index.php?rest_route=\/wp\/v2\/posts\/8753\/revisions\/8756"}],"wp:featuredmedia":[{"embeddable":true,"href":"https:\/\/syri.tv\/index.php?rest_route=\/wp\/v2\/media\/8754"}],"wp:attachment":[{"href":"https:\/\/syri.tv\/index.php?rest_route=%2Fwp%2Fv2%2Fmedia&parent=8753"}],"wp:term":[{"taxonomy":"category","embeddable":true,"href":"https:\/\/syri.tv\/index.php?rest_route=%2Fwp%2Fv2%2Fcategories&post=8753"},{"taxonomy":"post_tag","embeddable":true,"href":"https:\/\/syri.tv\/index.php?rest_route=%2Fwp%2Fv2%2Ftags&post=8753"}],"curies":[{"name":"wp","href":"https:\/\/api.w.org\/{rel}","templated":true}]}}