{"id":8745,"date":"2026-01-06T08:57:18","date_gmt":"2026-01-06T08:57:18","guid":{"rendered":"https:\/\/syri.tv\/?p=8745"},"modified":"2026-01-06T08:57:18","modified_gmt":"2026-01-06T08:57:18","slug":"kamberi-kerkon-nga-qeveria-e-kosoves-qe-lugina-e-presheves-te-shpallet-ceshtje-me-rendesi-kombetare","status":"publish","type":"post","link":"https:\/\/syri.tv\/?p=8745","title":{"rendered":"Kamberi k\u00ebrkon nga Qeveria e Kosov\u00ebs q\u00eb Lugina e Preshev\u00ebs t\u00eb shpallet \u00e7\u00ebshtje me r\u00ebnd\u00ebsi komb\u00ebtare"},"content":{"rendered":"<p>Deputeti shqiptar n\u00eb Parlamentin e Serbis\u00eb, Shaip Kamberi, ka th\u00ebn\u00eb se presidenti serb Aleksandar Vu\u00e7iq po mbijeton n\u00eb pushtet me \u201cfrym\u00ebmarrje artificiale\u201d. Sipas Kamberit, viti 2026 \u00ebsht\u00eb vit i zgjedhjeve n\u00eb Serbi dhe t\u00eb nj\u00ebjtat mund t\u00eb sh\u00ebnojn\u00eb fundin e pushtetit t\u00eb Vu\u00e7iqit.<br class=\"html-br\" \/><br class=\"html-br\" \/>\u201cNd\u00ebrkoh\u00eb q\u00eb duke qen\u00eb i p\u00ebrballur me kriz\u00ebn e brendshme, Vu\u00e7iq aktualisht po p\u00ebrballet edhe me kriz\u00ebn e jashtme. Dhe me shum\u00eb gjas\u00eb viti 2026 do t\u00eb jet\u00eb vit i zgjedhjeve n\u00eb Serbi. Zgjedhje q\u00eb si\u00e7 paralajm\u00ebron ai do t\u00eb jen\u00eb udh\u00ebkryq, por me shum\u00eb gjas\u00eb Vu\u00e7iq n\u00eb k\u00ebto zgjedhje do humb pushtetin. P\u00ebr t\u00eb bile, sipas vler\u00ebsimit tim do t\u00eb jet\u00eb edhe m\u00eb e v\u00ebshtir\u00eb n\u00ebse arrin t\u2019i fitoj\u00eb zgjedhjet me manipulimet e zakonshme q\u00eb i ka b\u00ebr\u00eb deri m\u00eb tani dhe kjo do t\u00eb na sjell\u00eb n\u00eb nj\u00eb situat\u00eb ku askush, as opozita, as L\u00ebvizja Studentore, as segmentet tjera t\u00eb shoq\u00ebris\u00eb nuk do t\u00eb ja njohin ato zgjedhje. Ky \u00ebsht\u00eb nj\u00eb hap q\u00eb Serbin\u00eb do ta fut edhe n\u00eb nj\u00eb kriz\u00eb edhe me t\u00eb thell\u00eb. Nuk mund t\u00eb themi se do t\u00eb ket\u00eb nj\u00eb stabilitet as n\u00eb vitin 2026 dhe kjo natyrisht flet qart\u00eb se Serbia nuk do t\u00eb ket\u00eb edhe koh\u00eb edhe mund\u00ebsi t\u00eb merret me procesin e integrimeve\u201d, shtoi ai.<br class=\"html-br\" \/><br class=\"html-br\" \/>Sipas Kamberit, Vu\u00e7iqi e ka futur Serbin\u00eb n\u00eb nj\u00eb kriz\u00eb t\u00eb thell\u00eb politike e cila \u00ebsht\u00eb m\u00eb e r\u00ebnda q\u00eb prej vitit 2003 kur \u00ebsht\u00eb vrar\u00eb kryeministri i at\u00ebhersh\u00ebm serb.<br class=\"html-br\" \/><br class=\"html-br\" \/>Gjithashtu ai thot\u00eb se edhe n\u00eb raport me politik\u00ebn e jashtme, Vu\u00e7iqi po p\u00ebson degradim total.<br class=\"html-br\" \/><br class=\"html-br\" \/>\u201cShum\u00ebkush ka pritur q\u00eb me nj\u00eb vit protestash, pushteti i Aleksand\u00ebr Vu\u00e7iqit do t\u00eb bie. Por, thjesht ai po mbahet, po mbijeton. Po mbijeton me nj\u00eb frym\u00ebmarrje artificiale, me at\u00eb q\u00eb ka fut Serbin\u00eb me nj\u00eb kriz\u00eb nd\u00ebr m\u00eb t\u00eb thellat politike prej vitit 2003 kur \u00ebsht\u00eb vrar\u00eb kryeministri i at\u00ebhersh\u00ebm. \u00cbsht\u00eb b\u00ebr\u00eb nj\u00eb delegjitimim total i pushtetit t\u00eb Vu\u00e7iqit, se k\u00ebto q\u00eb po ndodhin dit\u00ebve t\u00eb fundit po d\u00ebshmojn\u00eb q\u00eb politika e jashtme e Vu\u00e7iqit, e balancimit, e ekuilibrimit, e bazuar n\u00eb kat\u00ebr shtylla, n\u00eb Kin\u00eb, n\u00eb Mosk\u00eb, n\u00eb Uashigton e Bruksel, po p\u00ebson degradim total sepse tashm\u00eb mund t\u00eb thuhet shum\u00eb konkret pas aprovimit t\u00eb Raportit t\u00eb Progresit p\u00ebr Serbin\u00eb p\u00ebr vitin 2025, Bashkimi Evropian ka dh\u00ebn\u00eb v\u00ebrejtjet m\u00eb seriozet deri m\u00eb tani, n\u00eb raport me ngecjen e Serbis\u00eb. Se ligji q\u00eb aprovuan s\u00eb fundmi Shtetet e Bashkuara t\u00eb Amerik\u00ebs dhe q\u00eb ka n\u00ebnshkruar presidenti Trump flet qart\u00eb p\u00ebr ngecjet n\u00eb demokraci n\u00eb Serbi. Dhe Serbia etiketohet si i vetmi vend n\u00eb Ballkan me em\u00ebr q\u00eb ka ngecje t\u00eb demokracis\u00eb\u201d, deklaroi Kamberi.<br class=\"html-br\" \/><br class=\"html-br\" \/>Kamberi ka k\u00ebrkuar nga Qeveria e ardhshme e Kosov\u00ebs q\u00eb t\u00eb shpall Lugin\u00ebn e Preshev\u00ebs si \u00e7\u00ebshtje me r\u00ebnd\u00ebsi komb\u00ebtare.<br class=\"html-br\" \/><br class=\"html-br\" \/>Gjat\u00eb vitit t\u00eb kaluar, deputeti i vet\u00ebm shqiptar n\u00eb parlamentin e Serbis\u00eb thot\u00eb se ka b\u00ebr\u00eb disa propozime p\u00ebr mbrojtjen e t\u00eb drejtave dhe lirive t\u00eb pakicave. K\u00ebtu, ai p\u00ebrmend k\u00ebrkes\u00ebn q\u00eb Presheva e Bujanoci t\u00eb ken\u00eb nj\u00eb prokurori, sepse aktualisht \u00ebsht\u00eb n\u00eb Vranj\u00eb, por gjithashtu edhe Gjykat\u00ebn e Apelit. T\u00eb gjitha k\u00ebto, ai thot\u00eb se nuk po p\u00ebrfillen nga institucionet n\u00eb Serbi.<br class=\"html-br\" \/><br class=\"html-br\" \/>\u201cParlamenti p\u00ebr vite me radh\u00eb, sidomos n\u00eb k\u00ebto pes\u00eb vitet e fundit \u00ebsht\u00eb nj\u00eb ambient toksik. Nj\u00eb ambient n\u00eb t\u00eb cilin shumic\u00ebn absolute e kan\u00eb, e ka Vu\u00e7i\u00e7i me partit\u00eb e tij satelite, duke mos p\u00ebrjashtuar SPS-in dhe disa parti t\u00eb vogla t\u00eb tjera, ka arritur t&#8217;i bind\u00eb edhe disa pakica si\u00e7 jan\u00eb hungarez\u00ebt dhe nj\u00eb pjes\u00eb e boshnjak\u00ebve q\u00eb ta mbajn\u00eb n\u00eb an\u00ebn e tij. Dhe n\u00eb kuad\u00ebr t\u00eb asaj mund\u00ebsie, bashk\u00eb me deputet\u00ebt e SDA-s\u00eb ose, ose vet\u00eb si deputet, kam nisur disa iniciativa q\u00eb jan\u00eb t\u00eb r\u00ebnd\u00ebsishme, por q\u00eb mjerisht nuk po hasin n\u00eb mir\u00ebkuptim n\u00eb Beogradin zyrtar. N\u00eb radh\u00eb t\u00eb par\u00eb, jo vet\u00ebm p\u00ebr t&#8217;i krijuar shqiptar\u00ebve hap\u00ebsir\u00eb m\u00eb t\u00eb mir\u00eb t\u00eb veprimit, t\u00eb drejtave, por edhe p\u00ebr t\u00eb p\u00ebrshpejtuar procesin e integrimit t\u00eb Serbis\u00eb n\u00eb Bashkimin Evropian. Por duket se Serbia nuk \u00ebsht\u00eb akoma e gatshme t\u00eb marr\u00eb hapat gjigand drejt an\u00ebtar\u00ebsimit n\u00eb BE, sepse ajo vet\u00eb po i prolongon\u201d, thot\u00eb ai.<br class=\"html-br\" \/><br class=\"html-br\" \/>Ai paralajm\u00ebron se p\u00ebr shkak t\u00eb mosrekrutimit t\u00eb shqiptar\u00ebve n\u00eb polici q\u00eb nga viti 2016, Lugina e Preshev\u00ebs rrezikon t\u00eb mbetet pa polic\u00eb shqiptar\u00eb n\u00eb dekad\u00ebn e ardhshme.<br class=\"html-br\" \/><br class=\"html-br\" \/>\u201cNe kemi nj\u00eb situat\u00eb ku Kosova si shteti m\u00eb i ri, si demokracia m\u00eb e re n\u00eb Ballkanin Per\u00ebndimor p\u00ebr pakicat atje ofron standarde q\u00eb nuk i ka asnj\u00eb shtet, jo vet\u00ebm i Ballkanit, por mund t\u00eb them lirisht edhe shum\u00eb shtete n\u00eb Evrop\u00eb nuk i kan\u00eb k\u00ebto standarde. Nd\u00ebrkoh\u00eb, q\u00eb duke k\u00ebrkuar p\u00ebr serb\u00ebt di\u00e7ka q\u00eb nuk \u00ebsht\u00eb e gatshme t\u2019i jap pakicave brenda territorit t\u00eb vet, Serbia luan sa i p\u00ebrket sfer\u00ebs s\u00eb t\u00eb drejtave t\u00eb pakicave, me standarde t\u00eb dyfishta dhe kjo duhet t\u00eb nd\u00ebrprehet. Ne nuk mund t\u00eb pajtohemi me Beogradin, vet\u00ebm t\u00eb financoj\u00eb ndonj\u00eb projekt infrastrukturor, nd\u00ebrkoh\u00eb q\u00eb t\u00eb heshtim sa i p\u00ebrket p\u00ebrfaq\u00ebsimit ton\u00eb n\u00eb gjykat\u00eb, n\u00eb polici, sepse ne e dim\u00eb \u00e7far\u00eb solli situata kur n\u00eb Polici kishte pak ose aspak shqiptar\u00eb. Me trendin aktual, duke marr\u00eb parasysh q\u00eb Ministria e Pun\u00ebve t\u00eb Brendshme nuk rekruton shqiptar\u00eb n\u00eb policin\u00eb lokale prej vitit 2016, ne p\u00ebr dhjet\u00eb vitet e ardhshme do t\u00eb mbesim pa polic\u00eb shqiptar k\u00ebtu. Dhe kjo na kthen me automatiz\u00ebm n\u00eb situat\u00ebn 1999-2000, ku nuk kishte polic\u00eb shqiptar\u00eb\u201d, ka deklaruar Kamberi.<br class=\"html-br\" \/><br class=\"html-br\" \/>N\u00eb Preshev\u00eb, Bujanoc e Medvegj\u00eb gjat\u00eb vitit 2024 jan\u00eb organizuar tri protesta gjith\u00ebpopullore me thirrjet \u201cKthema adres\u00ebn\u201d dhe kund\u00ebr veprimeve diskriminuese t\u00eb autoriteteve t\u00eb Serbis\u00eb ndaj shqiptar\u00ebve.<br class=\"html-br\" \/><br class=\"html-br\" \/>Sipas regjistrimit t\u00eb fundit t\u00eb popullsis\u00eb n\u00eb vitin 2022, mbi 60 mij\u00eb shqiptar\u00eb jetojn\u00eb n\u00eb Serbi.\/KSP<\/p>\n","protected":false},"excerpt":{"rendered":"<p>Deputeti shqiptar n\u00eb Parlamentin e Serbis\u00eb, Shaip Kamberi, ka th\u00ebn\u00eb se presidenti serb Aleksandar Vu\u00e7iq po mbijeton n\u00eb pushtet me \u201cfrym\u00ebmarrje artificiale\u201d. Sipas Kamberit, viti 2026 \u00ebsht\u00eb vit i zgjedhjeve n\u00eb Serbi dhe t\u00eb nj\u00ebjtat mund t\u00eb sh\u00ebnojn\u00eb fundin e pushtetit t\u00eb Vu\u00e7iqit.\u201cNd\u00ebrkoh\u00eb q\u00eb duke qen\u00eb i p\u00ebrballur me kriz\u00ebn e brendshme, Vu\u00e7iq aktualisht po [&hellip;]<\/p>\n","protected":false},"author":1,"featured_media":8746,"comment_status":"closed","ping_status":"closed","sticky":false,"template":"","format":"standard","meta":{"footnotes":""},"categories":[9],"tags":[],"class_list":{"0":"post-8745","1":"post","2":"type-post","3":"status-publish","4":"format-standard","5":"has-post-thumbnail","7":"category-vendi"},"_links":{"self":[{"href":"https:\/\/syri.tv\/index.php?rest_route=\/wp\/v2\/posts\/8745","targetHints":{"allow":["GET"]}}],"collection":[{"href":"https:\/\/syri.tv\/index.php?rest_route=\/wp\/v2\/posts"}],"about":[{"href":"https:\/\/syri.tv\/index.php?rest_route=\/wp\/v2\/types\/post"}],"author":[{"embeddable":true,"href":"https:\/\/syri.tv\/index.php?rest_route=\/wp\/v2\/users\/1"}],"replies":[{"embeddable":true,"href":"https:\/\/syri.tv\/index.php?rest_route=%2Fwp%2Fv2%2Fcomments&post=8745"}],"version-history":[{"count":1,"href":"https:\/\/syri.tv\/index.php?rest_route=\/wp\/v2\/posts\/8745\/revisions"}],"predecessor-version":[{"id":8747,"href":"https:\/\/syri.tv\/index.php?rest_route=\/wp\/v2\/posts\/8745\/revisions\/8747"}],"wp:featuredmedia":[{"embeddable":true,"href":"https:\/\/syri.tv\/index.php?rest_route=\/wp\/v2\/media\/8746"}],"wp:attachment":[{"href":"https:\/\/syri.tv\/index.php?rest_route=%2Fwp%2Fv2%2Fmedia&parent=8745"}],"wp:term":[{"taxonomy":"category","embeddable":true,"href":"https:\/\/syri.tv\/index.php?rest_route=%2Fwp%2Fv2%2Fcategories&post=8745"},{"taxonomy":"post_tag","embeddable":true,"href":"https:\/\/syri.tv\/index.php?rest_route=%2Fwp%2Fv2%2Ftags&post=8745"}],"curies":[{"name":"wp","href":"https:\/\/api.w.org\/{rel}","templated":true}]}}