{"id":8727,"date":"2026-01-01T14:53:55","date_gmt":"2026-01-01T14:53:55","guid":{"rendered":"https:\/\/syri.tv\/?p=8727"},"modified":"2026-01-01T14:53:55","modified_gmt":"2026-01-01T14:53:55","slug":"tragjedia-ne-resortin-e-skive-ne-zvicer-flasin-deshmitaret-zjarri-nisi-nga-fishekzjarret-e-vendosura-te-shampanja-kamarieret","status":"publish","type":"post","link":"https:\/\/syri.tv\/?p=8727","title":{"rendered":"Tragjedia n\u00eb resortin e skive n\u00eb Zvic\u00ebr\/ Flasin d\u00ebshmitar\u00ebt: Zjarri nisi nga fishekzjarret e vendosura te shampanja, kamarieret\u2026"},"content":{"rendered":"<p>Dhjet\u00ebra njer\u00ebz kan\u00eb mbetur t\u00eb vdekur dhe rreth 100 t\u00eb tjer\u00eb t\u00eb plagosur n\u00eb nj\u00eb zjarr n\u00eb nj\u00eb fest\u00eb t\u00eb Vitit t\u00eb Ri n\u00eb nj\u00eb vendpushim skish zviceran, n\u00eb nj\u00eb nga vendet m\u00eb ekskluzive t\u00eb Zvicr\u00ebs, Crans-Montana.<\/p>\n<p>Zyrtar\u00ebt po e trajtojn\u00eb tragjedin\u00eb si pasoj\u00eb e nj\u00eb zjarri, jo si sulm terrorist, tha nj\u00eb prokuror, duke shtuar se do t\u00eb duhet koh\u00eb p\u00ebr t\u00eb p\u00ebrcaktuar shkakun.<\/p>\n<p>CNN raporton se sipas dy d\u00ebshmitar\u00ebve, zjarri vdekjeprur\u00ebs n\u00eb Crans-Montana u shkaktua nga fishekzjarr\u00ebt e vendosur n\u00eb shishet e shampanjave.<\/p>\n<p>\u201c<em>Kishte kamariere q\u00eb mbanin shishe shampanje me fishekzjarr\u00eb mbi to, dhe i \u00e7uan ato af\u00ebr tavanit, gj\u00eb q\u00eb b\u00ebri q\u00eb ai t\u00eb merrte flak\u00eb\u201d<\/em>, tha nj\u00eb d\u00ebshmitar.<\/p>\n<p>\u201cNj\u00eb kamariere q\u00ebndronte mbi supet e nj\u00eb kamariereje tjet\u00ebr, dhe shishja dhe flak\u00ebt ishin vet\u00ebm disa centimetra larg tavanit\u201d, shtoi d\u00ebshmitari tjet\u00ebr.<\/p>\n<p>\u00abSapo tavani u p\u00ebrfshi nga flak\u00ebt, brenda rreth dhjet\u00eb sekondash i gjith\u00eb klubi i nat\u00ebs u p\u00ebrfshi nga flak\u00ebt\u201d, tha d\u00ebshmitari i par\u00eb. \u201cNe t\u00eb gjith\u00eb vrapuam jasht\u00eb duke b\u00ebrtitur dhe kur u kthyem, kishte flak\u00eb\u201d.<\/p>\n<p>T\u00eb dy d\u00ebshmitar\u00ebt i than\u00eb rrjetit francez BFMTV se brenda lokalit ndodheshin t\u00eb pakt\u00ebn 200 persona.<\/p>\n","protected":false},"excerpt":{"rendered":"<p>Dhjet\u00ebra njer\u00ebz kan\u00eb mbetur t\u00eb vdekur dhe rreth 100 t\u00eb tjer\u00eb t\u00eb plagosur n\u00eb nj\u00eb zjarr n\u00eb nj\u00eb fest\u00eb t\u00eb Vitit t\u00eb Ri n\u00eb nj\u00eb vendpushim skish zviceran, n\u00eb nj\u00eb nga vendet m\u00eb ekskluzive t\u00eb Zvicr\u00ebs, Crans-Montana. Zyrtar\u00ebt po e trajtojn\u00eb tragjedin\u00eb si pasoj\u00eb e nj\u00eb zjarri, jo si sulm terrorist, tha nj\u00eb prokuror, duke [&hellip;]<\/p>\n","protected":false},"author":1,"featured_media":8728,"comment_status":"closed","ping_status":"closed","sticky":false,"template":"","format":"standard","meta":{"footnotes":""},"categories":[2],"tags":[],"class_list":{"0":"post-8727","1":"post","2":"type-post","3":"status-publish","4":"format-standard","5":"has-post-thumbnail","7":"category-zvicer"},"_links":{"self":[{"href":"https:\/\/syri.tv\/index.php?rest_route=\/wp\/v2\/posts\/8727","targetHints":{"allow":["GET"]}}],"collection":[{"href":"https:\/\/syri.tv\/index.php?rest_route=\/wp\/v2\/posts"}],"about":[{"href":"https:\/\/syri.tv\/index.php?rest_route=\/wp\/v2\/types\/post"}],"author":[{"embeddable":true,"href":"https:\/\/syri.tv\/index.php?rest_route=\/wp\/v2\/users\/1"}],"replies":[{"embeddable":true,"href":"https:\/\/syri.tv\/index.php?rest_route=%2Fwp%2Fv2%2Fcomments&post=8727"}],"version-history":[{"count":1,"href":"https:\/\/syri.tv\/index.php?rest_route=\/wp\/v2\/posts\/8727\/revisions"}],"predecessor-version":[{"id":8729,"href":"https:\/\/syri.tv\/index.php?rest_route=\/wp\/v2\/posts\/8727\/revisions\/8729"}],"wp:featuredmedia":[{"embeddable":true,"href":"https:\/\/syri.tv\/index.php?rest_route=\/wp\/v2\/media\/8728"}],"wp:attachment":[{"href":"https:\/\/syri.tv\/index.php?rest_route=%2Fwp%2Fv2%2Fmedia&parent=8727"}],"wp:term":[{"taxonomy":"category","embeddable":true,"href":"https:\/\/syri.tv\/index.php?rest_route=%2Fwp%2Fv2%2Fcategories&post=8727"},{"taxonomy":"post_tag","embeddable":true,"href":"https:\/\/syri.tv\/index.php?rest_route=%2Fwp%2Fv2%2Ftags&post=8727"}],"curies":[{"name":"wp","href":"https:\/\/api.w.org\/{rel}","templated":true}]}}