{"id":8723,"date":"2026-01-01T14:35:24","date_gmt":"2026-01-01T14:35:24","guid":{"rendered":"https:\/\/syri.tv\/?p=8723"},"modified":"2026-01-01T14:35:24","modified_gmt":"2026-01-01T14:35:24","slug":"nje-jete-ne-sherbim-te-unitetit-dhe-shtetit","status":"publish","type":"post","link":"https:\/\/syri.tv\/?p=8723","title":{"rendered":"Nj\u00eb jet\u00eb n\u00eb sh\u00ebrbim t\u00eb unitetit dhe shtetit"},"content":{"rendered":"<div dir=\"auto\">Me dhimbje t\u00eb thell\u00eb mora lajmin p\u00ebr ndarjen nga jeta t\u00eb Prof.<\/div>\n<div dir=\"auto\">Nexhat Daci, ish-Kryetar i Parlamentit, me t\u00eb cilin kem pasur raporte t\u00eb ve\u00e7anta njer\u00ebzore dhe bashk\u00ebpunimi.<\/div>\n<div dir=\"auto\"><img loading=\"lazy\" loading=\"lazy\" decoding=\"async\" class=\"alignnone size-large wp-image-8724\" src=\"https:\/\/syri.tv\/wp-content\/uploads\/2026\/01\/ms-1024x954.jpg\" alt=\"\" width=\"1024\" height=\"954\" srcset=\"https:\/\/syri.tv\/wp-content\/uploads\/2026\/01\/ms-1024x954.jpg 1024w, https:\/\/syri.tv\/wp-content\/uploads\/2026\/01\/ms-300x279.jpg 300w, https:\/\/syri.tv\/wp-content\/uploads\/2026\/01\/ms-768x715.jpg 768w, https:\/\/syri.tv\/wp-content\/uploads\/2026\/01\/ms-860x801.jpg 860w, https:\/\/syri.tv\/wp-content\/uploads\/2026\/01\/ms.jpg 1439w\" sizes=\"auto, (max-width: 1024px) 100vw, 1024px\" \/><\/div>\n<div dir=\"auto\">Prof. Daci ishte faktor num\u00ebr nj\u00eb n\u00eb nd\u00ebrtimin e bashk\u00ebpunimit dhe unitetit politik, duke dh\u00ebn\u00eb nj\u00eb kontribut t\u00eb \u00e7muar me urt\u00ebsi, maturi dhe vizion n\u00eb momente ky\u00e7e p\u00ebr vendin.<\/div>\n<div dir=\"auto\">Takimet dhe momentet e ve\u00e7anta q\u00eb kemi pasur mbeten kujtime t\u00eb paharruara, ku gjithmon\u00eb spikaste p\u00ebrkushtimi i tij p\u00ebr dialog, mir\u00ebkuptim dhe interesin e p\u00ebrgjithsh\u00ebm komb\u00ebtar.<\/div>\n<div dir=\"auto\">Ngush\u00ebllimet m\u00eb t\u00eb sinqerta i shpreh bashk\u00ebshortes s\u00eb tij, znj. Zeneta Daci, familjes Daci dhe gjith\u00eb familjar\u00ebve, duke u d\u00ebshiruar forc\u00eb dhe durim p\u00ebr ta p\u00ebrballuar k\u00ebt\u00eb humbje t\u00eb madhe.<\/div>\n<div dir=\"auto\">Kujtimi dhe vepra e tij do t\u00eb mbeten t\u00eb gjalla nd\u00ebr ne.<\/div>\n<div dir=\"auto\">U prehsh n\u00eb paqe n\u00eb tok\u00ebn e Dardanis\u00eb antike, Prof.<\/div>\n<div dir=\"auto\">Musa Sylejmani<\/div>\n","protected":false},"excerpt":{"rendered":"<p>Me dhimbje t\u00eb thell\u00eb mora lajmin p\u00ebr ndarjen nga jeta t\u00eb Prof. Nexhat Daci, ish-Kryetar i Parlamentit, me t\u00eb cilin kem pasur raporte t\u00eb ve\u00e7anta njer\u00ebzore dhe bashk\u00ebpunimi. Prof. Daci ishte faktor num\u00ebr nj\u00eb n\u00eb nd\u00ebrtimin e bashk\u00ebpunimit dhe unitetit politik, duke dh\u00ebn\u00eb nj\u00eb kontribut t\u00eb \u00e7muar me urt\u00ebsi, maturi dhe vizion n\u00eb momente ky\u00e7e [&hellip;]<\/p>\n","protected":false},"author":1,"featured_media":8725,"comment_status":"closed","ping_status":"closed","sticky":false,"template":"","format":"standard","meta":{"footnotes":""},"categories":[2],"tags":[],"class_list":{"0":"post-8723","1":"post","2":"type-post","3":"status-publish","4":"format-standard","5":"has-post-thumbnail","7":"category-zvicer"},"_links":{"self":[{"href":"https:\/\/syri.tv\/index.php?rest_route=\/wp\/v2\/posts\/8723","targetHints":{"allow":["GET"]}}],"collection":[{"href":"https:\/\/syri.tv\/index.php?rest_route=\/wp\/v2\/posts"}],"about":[{"href":"https:\/\/syri.tv\/index.php?rest_route=\/wp\/v2\/types\/post"}],"author":[{"embeddable":true,"href":"https:\/\/syri.tv\/index.php?rest_route=\/wp\/v2\/users\/1"}],"replies":[{"embeddable":true,"href":"https:\/\/syri.tv\/index.php?rest_route=%2Fwp%2Fv2%2Fcomments&post=8723"}],"version-history":[{"count":1,"href":"https:\/\/syri.tv\/index.php?rest_route=\/wp\/v2\/posts\/8723\/revisions"}],"predecessor-version":[{"id":8726,"href":"https:\/\/syri.tv\/index.php?rest_route=\/wp\/v2\/posts\/8723\/revisions\/8726"}],"wp:featuredmedia":[{"embeddable":true,"href":"https:\/\/syri.tv\/index.php?rest_route=\/wp\/v2\/media\/8725"}],"wp:attachment":[{"href":"https:\/\/syri.tv\/index.php?rest_route=%2Fwp%2Fv2%2Fmedia&parent=8723"}],"wp:term":[{"taxonomy":"category","embeddable":true,"href":"https:\/\/syri.tv\/index.php?rest_route=%2Fwp%2Fv2%2Fcategories&post=8723"},{"taxonomy":"post_tag","embeddable":true,"href":"https:\/\/syri.tv\/index.php?rest_route=%2Fwp%2Fv2%2Ftags&post=8723"}],"curies":[{"name":"wp","href":"https:\/\/api.w.org\/{rel}","templated":true}]}}