{"id":8720,"date":"2026-01-01T14:31:09","date_gmt":"2026-01-01T14:31:09","guid":{"rendered":"https:\/\/syri.tv\/?p=8720"},"modified":"2026-01-01T14:31:09","modified_gmt":"2026-01-01T14:31:09","slug":"telegram-ngushellimi-per-familjen-daci-zonja-zineta-daci-gjithe-institucioneve-shtetrore-presidentes-se-kosoves-vjosa-osmani","status":"publish","type":"post","link":"https:\/\/syri.tv\/?p=8720","title":{"rendered":"Telegram ngush\u00ebllimi p\u00ebr familjen Daci, zonja Zineta Daci, gjith\u00eb institucioneve shtetrore, Presidentes se  Kosov\u00ebs, Vjosa osmani !"},"content":{"rendered":"<div class=\"x14z9mp xat24cr x1lziwak x1vvkbs xtlvy1s x126k92a\">\n<div dir=\"auto\">Lajmi i hidhur me tronditi thell\u00eb n\u00eb shpirt, n\u00eb k\u00ebt\u00eb fillim viti, t\u00eb Janarit i cili kurr\u00eb nuk e kurseu popullin shqiptar, duke ua marr\u00eb figurat n\u00eb t\u00eb shquara t\u00eb kombit ton\u00eb shqiptar\u00eb. Ky pra Janari q\u00eb ngriu prap vendin ton\u00eb, prap rr\u00ebmbeu nj\u00eb tjet\u00ebr figur\u00eb t\u00eb spikatur intelektuale, politikanin dhe Akademikun ton\u00eb, Nexhat Danin.<\/div>\n<div dir=\"auto\">Po n\u00eb Janar, ish kryeparlamentari, Akademik Daci, humbi bashkp\u00ebpun\u00ebtirin e tij, Presidentin ton\u00eb historik, Dr. Ibrahim Rugova. Iku njeriu e bashkpun\u00ebtori i Presidentit historik, Dr. Ibrahim Rugova, p\u00ebr t\u00eb cilin luftoj fort q\u00eb ceromonia e varrimit t\u00eb Presidentit Rugova t\u00eb b\u00ebh\u00ebt sipas protokolit t\u00eb Rep. se Kosov\u00ebs, kur e them k\u00ebt\u00eb, jam e sigurt\u00eb duke e ditur se Akademik, Nexhat Daci, u b\u00eb kurban i proceseve, dhe kjo u pa ne organizimin madheshtor q\u00eb ia b\u00ebri varrimit t\u00eb Presidentit<\/div>\n<div dir=\"auto\">Historik, gj\u00eb q\u00eb e pat\u00ebn deshmuar mase 100 vende te botes te cilat i kishin \u00eb delegacionet e tyre n\u00eb diten mortore.<\/div>\n<div dir=\"auto\">Prandaj si m\u00ebrgimtare dhe bashkpun\u00ebtore shum\u00eb e af\u00ebrt e Akademik. Nexhat Dacit, k\u00ebrkoj nga Presidentja, Vjosa Osmani, q\u00eb ceremoni e varrimit t\u2018 i b\u00ebh\u00ebt sipas protokolit presidencial t\u00eb Repuplik\u00ebs s\u00eb Kosov\u00ebs !<\/div>\n<div dir=\"auto\">Kurse nes\u00ebr t\u00eb shpallet dit\u00eb zie shtetrore !<\/div>\n<div dir=\"auto\">Zize Pepshi !<\/div>\n<\/div>\n<div class=\"x14z9mp xat24cr x1lziwak x1vvkbs xtlvy1s x126k92a\">\n<div dir=\"auto\">E nderuara familja, Daci, e nderuara zonja Zineta Daci, pranoni ngush\u00ebllimet tona nga m\u00ebrgimi, m\u00ebrgata shqiptare e ka vler\u00ebsuar lart gjith\u00eb veprimtarine intelektuale dhe politike t\u00eb Akad. Nexhat Dacit, prandaj sot ne jemi thell\u00ebsisht t\u00eb tronditur nga kjo humbje e madhe, t\u00eb ish Kryeparlamentarit t\u00eb par\u00eb pas liris\u00eb s\u00eb Rep. se Kosov\u00ebs, p\u00ebr Akademin\u00eb e Kosov\u00ebs dhe popullit dardan n\u00eb p\u00ebrgjith\u00ebsi !<\/div>\n<div dir=\"auto\">Pusho n\u00eb paqe Akademiku jon\u00eb, Nexhat Daci !<\/div>\n<div dir=\"auto\">Zize Pepshi !<\/div>\n<\/div>\n","protected":false},"excerpt":{"rendered":"<p>Lajmi i hidhur me tronditi thell\u00eb n\u00eb shpirt, n\u00eb k\u00ebt\u00eb fillim viti, t\u00eb Janarit i cili kurr\u00eb nuk e kurseu popullin shqiptar, duke ua marr\u00eb figurat n\u00eb t\u00eb shquara t\u00eb kombit ton\u00eb shqiptar\u00eb. Ky pra Janari q\u00eb ngriu prap vendin ton\u00eb, prap rr\u00ebmbeu nj\u00eb tjet\u00ebr figur\u00eb t\u00eb spikatur intelektuale, politikanin dhe Akademikun ton\u00eb, Nexhat Danin. [&hellip;]<\/p>\n","protected":false},"author":1,"featured_media":8721,"comment_status":"closed","ping_status":"closed","sticky":false,"template":"","format":"standard","meta":{"footnotes":""},"categories":[2],"tags":[],"class_list":{"0":"post-8720","1":"post","2":"type-post","3":"status-publish","4":"format-standard","5":"has-post-thumbnail","7":"category-zvicer"},"_links":{"self":[{"href":"https:\/\/syri.tv\/index.php?rest_route=\/wp\/v2\/posts\/8720","targetHints":{"allow":["GET"]}}],"collection":[{"href":"https:\/\/syri.tv\/index.php?rest_route=\/wp\/v2\/posts"}],"about":[{"href":"https:\/\/syri.tv\/index.php?rest_route=\/wp\/v2\/types\/post"}],"author":[{"embeddable":true,"href":"https:\/\/syri.tv\/index.php?rest_route=\/wp\/v2\/users\/1"}],"replies":[{"embeddable":true,"href":"https:\/\/syri.tv\/index.php?rest_route=%2Fwp%2Fv2%2Fcomments&post=8720"}],"version-history":[{"count":1,"href":"https:\/\/syri.tv\/index.php?rest_route=\/wp\/v2\/posts\/8720\/revisions"}],"predecessor-version":[{"id":8722,"href":"https:\/\/syri.tv\/index.php?rest_route=\/wp\/v2\/posts\/8720\/revisions\/8722"}],"wp:featuredmedia":[{"embeddable":true,"href":"https:\/\/syri.tv\/index.php?rest_route=\/wp\/v2\/media\/8721"}],"wp:attachment":[{"href":"https:\/\/syri.tv\/index.php?rest_route=%2Fwp%2Fv2%2Fmedia&parent=8720"}],"wp:term":[{"taxonomy":"category","embeddable":true,"href":"https:\/\/syri.tv\/index.php?rest_route=%2Fwp%2Fv2%2Fcategories&post=8720"},{"taxonomy":"post_tag","embeddable":true,"href":"https:\/\/syri.tv\/index.php?rest_route=%2Fwp%2Fv2%2Ftags&post=8720"}],"curies":[{"name":"wp","href":"https:\/\/api.w.org\/{rel}","templated":true}]}}