{"id":8717,"date":"2025-12-31T01:21:11","date_gmt":"2025-12-31T01:21:11","guid":{"rendered":"https:\/\/syri.tv\/?p=8717"},"modified":"2025-12-31T01:21:11","modified_gmt":"2025-12-31T01:21:11","slug":"zgjedhjet-e-parakohshme-parlamentare-te-28-dhjetorit-2025-ne-kosove","status":"publish","type":"post","link":"https:\/\/syri.tv\/?p=8717","title":{"rendered":"Zgjedhjet e parakohshme parlamentare t\u00eb 28 dhjetorit 2025 n\u00eb Kosov\u00eb:"},"content":{"rendered":"<div class=\"x14z9mp xat24cr x1lziwak x1vvkbs xtlvy1s x126k92a\">\n<div dir=\"auto\">nj\u00eb analiz\u00eb kritike:<\/div>\n<div dir=\"auto\">Data: 31.12.2025<\/div>\n<div dir=\"auto\">Nga Salih Sefa<\/div>\n<div dir=\"auto\">CH<\/div>\n<\/div>\n<div class=\"x14z9mp xat24cr x1lziwak x1vvkbs xtlvy1s x126k92a\">\n<div dir=\"auto\">Zgjedhjet e parakohshme parlamentare t\u00eb 28 dhjetorit 2025 n\u00eb Kosov\u00eb u zhvilluan n\u00eb nj\u00eb kontekst t\u00eb ve\u00e7ant\u00eb politik dhe shoq\u00ebror, t\u00eb karakterizuar e t\u00eb dalura nga nj\u00eb bllokad\u00eb institucionale af\u00ebrsisht nj\u00ebvje\u00e7are, polarizim i thell\u00eb politik dhe debat intensiv mbi legjitimitetin e aktor\u00ebve qeveris\u00ebs. Ky proces zgjedhor ngriti disa \u00e7\u00ebshtje ky\u00e7e p\u00ebr analiz\u00eb:<\/div>\n<div dir=\"auto\">\u2022 Sjellja nd\u00ebshkuese (ose jo) e votuesit rezident<\/div>\n<div dir=\"auto\">\u2022 Skenari strategjik i nd\u00ebrtuar menj\u00ebher\u00eb pas rezultateve t\u00eb 9 shkurtit dhe p\u00ebrcaktimi i dat\u00ebs 28 dhjetor me ndihm\u00ebn e Presidentes s\u00eb \u201cndegjueshme\u201d<\/div>\n<div dir=\"auto\">\u2022 Ndikimi i pjes\u00ebmarrjes s\u00eb m\u00ebrgat\u00ebs n\u00eb kompensimin e mosvotimit vendor!<\/div>\n<\/div>\n<div class=\"x14z9mp xat24cr x1lziwak x1vvkbs xtlvy1s x126k92a\">\n<div dir=\"auto\">T\u00eb dh\u00ebna statistikore:<\/div>\n<\/div>\n<div class=\"x14z9mp xat24cr x1lziwak x1vvkbs xtlvy1s x126k92a\">\n<div dir=\"auto\">Zgjedhjet e 9 shkurtit 2025<\/div>\n<div dir=\"auto\">\u2022 T\u00eb drejt\u00eb vote: 2.075.868<\/div>\n<div dir=\"auto\">\u2022 Kan\u00eb votuar: 966.283 votues<\/div>\n<div dir=\"auto\">\u2022 Pjes\u00ebmarrja: 46,54%<\/div>\n<\/div>\n<div class=\"x14z9mp xat24cr x1lziwak x1vvkbs xtlvy1s x126k92a\">\n<div dir=\"auto\">N\u00eb k\u00ebt\u00eb periudh\u00eb, m\u00ebrgata nuk ishte n\u00eb pushime dhe, rrjedhimisht, nuk erdhi p\u00ebr t\u00eb votuar.<\/div>\n<\/div>\n<div class=\"x14z9mp xat24cr x1lziwak x1vvkbs xtlvy1s x126k92a\">\n<div dir=\"auto\">Zgjedhjet e 28 dhjetorit 2025<\/div>\n<div dir=\"auto\">\u2022 T\u00eb drejt\u00eb vote: 1.999.204<\/div>\n<div dir=\"auto\">\u2022 Ulje krahasuar me shkurtin: \u201376.664 votues<\/div>\n<div dir=\"auto\">\u2022 Plus: votues t\u00eb rinj sipas mosh\u00ebs<\/div>\n<div dir=\"auto\">\u2022 Plus: votues nga m\u00ebrgata, e vler\u00ebsuar rreth 250.000 persona me t\u00eb drejt\u00eb vote<\/div>\n<\/div>\n<div class=\"x14z9mp xat24cr x1lziwak x1vvkbs xtlvy1s x126k92a\">\n<div dir=\"auto\">K\u00ebt\u00eb her\u00eb, m\u00ebrgata erdhi mir\u00eb e organizuar dhe u prit me ceremoni festive, madje edhe nga p\u00ebrfaq\u00ebsues qeveritar\u00eb, duke festuar s\u00eb bashku. Nj\u00eb pritje e till\u00eb \u00ebsht\u00eb e admirueshme p\u00ebr m\u00ebrgat\u00ebn \u2014 por jo vet\u00ebm n\u00eb momentet kur ka nevoj\u00eb p\u00ebr vot\u00ebn e saj.<\/div>\n<\/div>\n<div class=\"x14z9mp xat24cr x1lziwak x1vvkbs xtlvy1s x126k92a\">\n<div dir=\"auto\">Si\u00e7 shihet nga shifrat, pjes\u00ebmarrja e m\u00ebrgat\u00ebs e kompensoi nd\u00ebshkimin e votuesit rezident, duke e \u00e7uar numrin e p\u00ebrgjithsh\u00ebm t\u00eb votuesve n\u00eb Kosov\u00eb n\u00eb 906.754. Kjo n\u00ebnkupton se vota rezidente nuk i kalon rreth 650.000 votues. Nj\u00eb r\u00ebnie kaq e theksuar n\u00eb literatur\u00ebn politike njihet si \u201cFenomeni i Abstenimit Protestues\u201d.<\/div>\n<\/div>\n<div class=\"x14z9mp xat24cr x1lziwak x1vvkbs xtlvy1s x126k92a\">\n<div dir=\"auto\">Shifrat p\u00ebrfundimtare t\u00eb 28 dhjetorit 2025<\/div>\n<div dir=\"auto\">\u2022 T\u00eb drejt\u00eb vote: 1.999.204<\/div>\n<div dir=\"auto\">\u2022 Kan\u00eb votuar: 906.754<\/div>\n<div dir=\"auto\">\u2022 Pjes\u00ebmarrja: 45,36%<\/div>\n<div dir=\"auto\">\u2022 Ulje e pjes\u00ebmarrjes krahasuar me 9 shkurtin: \u20131,18% p\u00ebrkund\u00ebr pjes\u00ebmarrjes s\u00eb madhe t\u00eb m\u00ebrgat\u00ebs!<\/div>\n<\/div>\n<div class=\"x14z9mp xat24cr x1lziwak x1vvkbs xtlvy1s x126k92a\">\n<div dir=\"auto\">Nga interpretimi i k\u00ebtyre shifrave rezulton se pjes\u00ebmarrja e lart\u00eb e votuesve nga m\u00ebrgata ndryshoi n\u00eb mas\u00eb t\u00eb konsiderueshme rezultatin zgjedhor, duke u bazuar n\u00eb supozimin se votuesi rezident dhe ai nga m\u00ebrgata kan\u00eb profile, p\u00ebrvoja dhe pritshm\u00ebri t\u00eb ndryshme politike.<\/div>\n<\/div>\n<div class=\"x14z9mp xat24cr x1lziwak x1vvkbs xtlvy1s x126k92a\">\n<div dir=\"auto\">Ky shkrim synon t\u00eb ofroj\u00eb nj\u00eb analiz\u00eb kritike t\u00eb k\u00ebtyre dimensioneve, duke u mb\u00ebshtetur n\u00eb qasje teorike t\u00eb shkencave politike dhe studimeve zgjedhore.<\/div>\n<div dir=\"auto\">1. A e nd\u00ebshkoi votuesi rezident bllokad\u00ebn nj\u00ebvje\u00e7are?<\/div>\n<div dir=\"auto\">Po \u2014 dy her\u00eb po.<\/div>\n<\/div>\n<div class=\"x14z9mp xat24cr x1lziwak x1vvkbs xtlvy1s x126k92a\">\n<div dir=\"auto\">N\u00eb teorin\u00eb e p\u00ebrgjegjshm\u00ebris\u00eb demokratike, zgjedhjet konsiderohen mekanizmi kryesor p\u00ebrmes t\u00eb cilit qytetar\u00ebt vler\u00ebsojn\u00eb performanc\u00ebn e qeverisjes. N\u00eb k\u00ebt\u00eb kuptim, nj\u00eb bllokad\u00eb institucionale e sterzgjatur, kudo n\u00eb bot\u00eb, pritet t\u00eb prodhoj\u00eb sjellje nd\u00ebshkuese ndaj aktor\u00ebve q\u00eb perceptohen si p\u00ebrgjegj\u00ebs.<\/div>\n<\/div>\n<div class=\"x14z9mp xat24cr x1lziwak x1vvkbs xtlvy1s x126k92a\">\n<div dir=\"auto\">Megjithat\u00eb, n\u00eb kontekstin kosovar, sjellja e votuesit rezident rezulton m\u00eb komplekse. Nj\u00eb pjes\u00eb e elektoratit nuk e p\u00ebrktheu bllokad\u00ebn si d\u00ebshtim ekskluziv t\u00eb nj\u00eb subjekti politik, por si produkt t\u00eb konfliktit nd\u00ebrinstitucional dhe munges\u00ebs s\u00eb kompromisit nd\u00ebrpartiak. Kjo shp\u00ebrndarje e faj\u00ebsis\u00eb e zbut efektin nd\u00ebshkues klasik dhe shpjegon pse vota rezidente nuk reflektoi n\u00eb m\u00ebnyr\u00eb lineare pak\u00ebnaq\u00ebsin\u00eb ndaj stagnimit politik. P\u00ebrndryshe, pjes\u00ebmarrja do t\u00eb kishte qen\u00eb edhe m\u00eb e ul\u00ebt q\u00eb lidhet me:<\/div>\n<div dir=\"auto\">2. Mosvotimin rezident :<\/div>\n<div dir=\"auto\">a.Mos plot\u00ebsimi i premtimeve t\u00eb qeveris\u00ebse!<\/div>\n<div dir=\"auto\">b.PDK fushat\u00eb jo vitale dhe thirrje vet\u00ebm n\u00eb vlerat e U\u00c7Ks\u00eb !<\/div>\n<div dir=\"auto\">c. Nj\u00eb LDK q\u00eb thrret n\u00eb vlera Rugovjane por nuk gjason askund me k\u00ebto vlera!<\/div>\n<div dir=\"auto\">e.AAK,nj\u00eb fushat\u00eb programore dhe e frytshme e pozitive!<\/div>\n<\/div>\n<div class=\"x14z9mp xat24cr x1lziwak x1vvkbs xtlvy1s x126k92a\">\n<div dir=\"auto\">K\u00ebto fakte i bashkohen k\u00ebti fenomeni bllokues e nd\u00ebshkues q\u00eb me nj\u00eb dimension tjet\u00ebr \u00ebsht\u00eb tep\u00ebr i r\u00ebnd\u00ebsish\u00ebm:<\/div>\n<div dir=\"auto\">pse ishte niveli relativisht i ul\u00ebt i pjes\u00ebmarrjes s\u00eb votuesve rezident\u00eb. Ky lloj mosvotimi nuk n\u00ebnkupton domosdoshm\u00ebrisht apati politike, por shpesh p\u00ebrfaq\u00ebson nj\u00eb refuzim simbolik t\u00eb ofert\u00ebs politike ekzistuese.<\/div>\n<\/div>\n<div class=\"x14z9mp xat24cr x1lziwak x1vvkbs xtlvy1s x126k92a\">\n<div dir=\"auto\">2.N\u00eb an\u00ebn tjet\u00ebr, pjes\u00ebmarrja e shtuar e m\u00ebrgat\u00ebs gjat\u00eb periudh\u00ebs zgjedhore veproi si faktor kompensues, si n\u00eb aspektin numerik ashtu edhe n\u00eb at\u00eb simbolik. Kjo ngre nj\u00eb pyetje thelb\u00ebsore mbi p\u00ebrfaq\u00ebsimin real: a pasqyron rezultati zgjedhor m\u00eb shum\u00eb vullnetin e elektoratit rezident, apo nj\u00eb kombinim asimetrik t\u00eb dy trupave votues, me p\u00ebrvoja dhe pritshm\u00ebri t\u00eb ndryshme politike?<\/div>\n<\/div>\n<div class=\"x14z9mp xat24cr x1lziwak x1vvkbs xtlvy1s x126k92a\">\n<div dir=\"auto\">Studimet mbi diaspor\u00ebn tregojn\u00eb se votuesit jasht\u00eb vendit priren t\u00eb jen\u00eb m\u00eb ideologjik\u00eb dhe m\u00eb pak t\u00eb ndikuar nga kostot e p\u00ebrditshme t\u00eb qeverisjes, \u00e7ka mund t\u00eb krijoj\u00eb nj\u00eb diskrepanc\u00eb midis praktik\u00ebs s\u00eb qeverisjes dhe mandatit elektoral.<\/div>\n<div dir=\"auto\">3. Data 28 dhjetor: zgjedhje strategjike apo rast\u00ebsi institucionale?<\/div>\n<\/div>\n<div class=\"x14z9mp xat24cr x1lziwak x1vvkbs xtlvy1s x126k92a\">\n<div dir=\"auto\">Caktimi i zgjedhjeve n\u00eb fund t\u00eb muajit dhjetor ka ngjallur debat t\u00eb konsideruesh\u00ebm. Nga perspektiva e teoris\u00eb s\u00eb zgjedhjeve strategjike, partit\u00eb n\u00eb pushtet shpesh p\u00ebrpiqen t\u00eb maksimizojn\u00eb avantazhin elektoral p\u00ebrmes p\u00ebrzgjedhjes s\u00eb koh\u00ebs s\u00eb votimit (electoral timing).<\/div>\n<\/div>\n<div class=\"x14z9mp xat24cr x1lziwak x1vvkbs xtlvy1s x126k92a\">\n<div dir=\"auto\">N\u00eb rastin konkret, data 28 dhjetor p\u00ebrkon me periudh\u00ebn e kthimit masiv t\u00eb m\u00ebrgat\u00ebs p\u00ebr festat e fundvitit, \u00e7ka objektivisht rrit potencialin e pjes\u00ebmarrjes s\u00eb k\u00ebtij segmenti t\u00eb elektoratit. Edhe n\u00ebse nuk mund t\u00eb provohet empirikisht se kjo dat\u00eb ishte planifikuar q\u00ebllimisht p\u00ebr k\u00ebt\u00eb efekt, perceptimi publik i nj\u00eb kalkulimi politik \u00ebsht\u00eb po aq i r\u00ebnd\u00ebsish\u00ebm sa vet\u00eb q\u00ebllimi real. N\u00eb politik\u00eb, perceptimi shpesh prodhon pasoja po aq t\u00eb fuqishme sa faktet.<\/div>\n<div dir=\"auto\">Zgjedhjet e 28 dhjetorit 2025 n\u00eb Kosov\u00eb nuk mund t\u00eb kuptohen thjesht si nj\u00eb proces elektoral rutin\u00eb. Ato p\u00ebrfaq\u00ebsojn\u00eb nj\u00eb rast studimi mbi kufijt\u00eb e nd\u00ebshkimit demokratik, rolin ambivalent t\u00eb m\u00ebrgat\u00ebs dhe p\u00ebrdorimin strategjik t\u00eb kalendarit zgjedhor, t\u00eb aprovuar nga Presidentja e \u201cndegjueshme\u201d.<\/div>\n<\/div>\n<div class=\"x14z9mp xat24cr x1lziwak x1vvkbs xtlvy1s x126k92a\">\n<div dir=\"auto\">Votuesi rezident shfaqi nj\u00eb kombinim t\u00eb nd\u00ebshkimit t\u00eb p\u00ebrgjithsh\u00ebm dhe abstenimit protestues, nd\u00ebrsa m\u00ebrgata ndikoi n\u00eb rivendosjen e ekuilibrave numerik\u00eb t\u00eb procesit zgjedhor. N\u00eb t\u00ebr\u00ebsi, k\u00ebto zgjedhje nxjerrin n\u00eb pah nevoj\u00ebn p\u00ebr reflektim m\u00eb t\u00eb thell\u00eb mbi funksionalitetin e demokracis\u00eb p\u00ebrfaq\u00ebsuese n\u00eb Kosov\u00eb, ve\u00e7an\u00ebrisht n\u00eb kushtet e krizave t\u00eb zgjatura institucionale.<\/div>\n<\/div>\n<div class=\"x14z9mp xat24cr x1lziwak x1vvkbs xtlvy1s x126k92a\">\n<div dir=\"auto\">Uroj q\u00eb kjo kriz\u00eb t\u00eb nd\u00ebrpritet, t\u00eb sh\u00ebrbej\u00eb si nj\u00eb moment reflektimi, duke i dh\u00ebn\u00eb jet\u00eb dhe funksionalitet t\u00eb plot\u00eb Shtetit t\u00eb Kosov\u00ebs.<\/div>\n<\/div>\n","protected":false},"excerpt":{"rendered":"<p>nj\u00eb analiz\u00eb kritike: Data: 31.12.2025 Nga Salih Sefa CH Zgjedhjet e parakohshme parlamentare t\u00eb 28 dhjetorit 2025 n\u00eb Kosov\u00eb u zhvilluan n\u00eb nj\u00eb kontekst t\u00eb ve\u00e7ant\u00eb politik dhe shoq\u00ebror, t\u00eb karakterizuar e t\u00eb dalura nga nj\u00eb bllokad\u00eb institucionale af\u00ebrsisht nj\u00ebvje\u00e7are, polarizim i thell\u00eb politik dhe debat intensiv mbi legjitimitetin e aktor\u00ebve qeveris\u00ebs. Ky proces zgjedhor [&hellip;]<\/p>\n","protected":false},"author":1,"featured_media":8718,"comment_status":"closed","ping_status":"closed","sticky":false,"template":"","format":"standard","meta":{"footnotes":""},"categories":[2],"tags":[],"class_list":{"0":"post-8717","1":"post","2":"type-post","3":"status-publish","4":"format-standard","5":"has-post-thumbnail","7":"category-zvicer"},"_links":{"self":[{"href":"https:\/\/syri.tv\/index.php?rest_route=\/wp\/v2\/posts\/8717","targetHints":{"allow":["GET"]}}],"collection":[{"href":"https:\/\/syri.tv\/index.php?rest_route=\/wp\/v2\/posts"}],"about":[{"href":"https:\/\/syri.tv\/index.php?rest_route=\/wp\/v2\/types\/post"}],"author":[{"embeddable":true,"href":"https:\/\/syri.tv\/index.php?rest_route=\/wp\/v2\/users\/1"}],"replies":[{"embeddable":true,"href":"https:\/\/syri.tv\/index.php?rest_route=%2Fwp%2Fv2%2Fcomments&post=8717"}],"version-history":[{"count":1,"href":"https:\/\/syri.tv\/index.php?rest_route=\/wp\/v2\/posts\/8717\/revisions"}],"predecessor-version":[{"id":8719,"href":"https:\/\/syri.tv\/index.php?rest_route=\/wp\/v2\/posts\/8717\/revisions\/8719"}],"wp:featuredmedia":[{"embeddable":true,"href":"https:\/\/syri.tv\/index.php?rest_route=\/wp\/v2\/media\/8718"}],"wp:attachment":[{"href":"https:\/\/syri.tv\/index.php?rest_route=%2Fwp%2Fv2%2Fmedia&parent=8717"}],"wp:term":[{"taxonomy":"category","embeddable":true,"href":"https:\/\/syri.tv\/index.php?rest_route=%2Fwp%2Fv2%2Fcategories&post=8717"},{"taxonomy":"post_tag","embeddable":true,"href":"https:\/\/syri.tv\/index.php?rest_route=%2Fwp%2Fv2%2Ftags&post=8717"}],"curies":[{"name":"wp","href":"https:\/\/api.w.org\/{rel}","templated":true}]}}