{"id":8707,"date":"2025-12-28T22:10:39","date_gmt":"2025-12-28T22:10:39","guid":{"rendered":"https:\/\/syri.tv\/?p=8707"},"modified":"2025-12-28T22:10:39","modified_gmt":"2025-12-28T22:10:39","slug":"diaspora-forca-qe-ndryshon-rezultatin-2","status":"publish","type":"post","link":"https:\/\/syri.tv\/?p=8707","title":{"rendered":"Diaspora \u2013 forca q\u00eb ndryshon rezultatin"},"content":{"rendered":"<p>Urime p\u00ebr fitoren!<\/p>\n<p>Kjo fitore \u00ebsht\u00eb z\u00ebri i qytetar\u00ebve dhe, n\u00eb m\u00ebnyr\u00eb t\u00eb padiskutueshme, edhe z\u00ebri i diaspor\u00ebs son\u00eb.<\/p>\n<p>M\u00ebrgata jon\u00eb nuk kontribuoi vet\u00ebm me fjal\u00eb, por me vot\u00eb, angazhim dhe sakrific\u00eb, duke d\u00ebshmuar edhe nj\u00eb her\u00eb se \u00ebsht\u00eb shtyll\u00eb e fort\u00eb e k\u00ebtij vendi.<\/p>\n<p>Ky kontribut ishte vendimtar dhe k\u00ebrkon respekt t\u00eb plot\u00eb, jo relativizim.<\/p>\n<p>Fitorja \u00ebsht\u00eb p\u00ebrgjegj\u00ebsi e madhe p\u00ebr ne q\u00eb ta nderojm\u00eb besimin me pun\u00eb t\u00eb ndershme dhe rezultate konkrete.<\/p>\n<p>Por \u00ebsht\u00eb edhe mesazh i qart\u00eb p\u00ebr opozit\u00ebn: vullneti i qytetar\u00ebve dhe i diaspor\u00ebs duhet respektuar pa asnj\u00eb hezitim.<\/p>\n<p>\u00c7do p\u00ebrpjekje p\u00ebr ta n\u00ebn\u00e7muar, delegjitimuar apo politizuar vot\u00ebn e m\u00ebrgat\u00ebs \u00ebsht\u00eb e papranueshme dhe d\u00ebmton vet\u00eb demokracin\u00eb.<\/p>\n<p>Diaspora \u00ebsht\u00eb pasuri komb\u00ebtare, jo justifikim p\u00ebr humbje politike.<\/p>\n<p>Z\u00ebri i saj \u00ebsht\u00eb i barabart\u00eb dhe i patjet\u00ebrsuesh\u00ebm. K\u00ebt\u00eb realitet duhet ta pranojn\u00eb t\u00eb gjith\u00eb.<\/p>\n<p>Kur diaspora flet me vot\u00eb, atdheu d\u00ebgjon me p\u00ebrgjegj\u00ebsi.<\/p>\n<p>Dr.Shaqir Shala Solothurn CH.<\/p>\n","protected":false},"excerpt":{"rendered":"<p>Urime p\u00ebr fitoren! Kjo fitore \u00ebsht\u00eb z\u00ebri i qytetar\u00ebve dhe, n\u00eb m\u00ebnyr\u00eb t\u00eb padiskutueshme, edhe z\u00ebri i diaspor\u00ebs son\u00eb. M\u00ebrgata jon\u00eb nuk kontribuoi vet\u00ebm me fjal\u00eb, por me vot\u00eb, angazhim dhe sakrific\u00eb, duke d\u00ebshmuar edhe nj\u00eb her\u00eb se \u00ebsht\u00eb shtyll\u00eb e fort\u00eb e k\u00ebtij vendi. Ky kontribut ishte vendimtar dhe k\u00ebrkon respekt t\u00eb plot\u00eb, jo [&hellip;]<\/p>\n","protected":false},"author":1,"featured_media":8708,"comment_status":"closed","ping_status":"closed","sticky":false,"template":"","format":"standard","meta":{"footnotes":""},"categories":[9],"tags":[],"class_list":{"0":"post-8707","1":"post","2":"type-post","3":"status-publish","4":"format-standard","5":"has-post-thumbnail","7":"category-vendi"},"_links":{"self":[{"href":"https:\/\/syri.tv\/index.php?rest_route=\/wp\/v2\/posts\/8707","targetHints":{"allow":["GET"]}}],"collection":[{"href":"https:\/\/syri.tv\/index.php?rest_route=\/wp\/v2\/posts"}],"about":[{"href":"https:\/\/syri.tv\/index.php?rest_route=\/wp\/v2\/types\/post"}],"author":[{"embeddable":true,"href":"https:\/\/syri.tv\/index.php?rest_route=\/wp\/v2\/users\/1"}],"replies":[{"embeddable":true,"href":"https:\/\/syri.tv\/index.php?rest_route=%2Fwp%2Fv2%2Fcomments&post=8707"}],"version-history":[{"count":1,"href":"https:\/\/syri.tv\/index.php?rest_route=\/wp\/v2\/posts\/8707\/revisions"}],"predecessor-version":[{"id":8709,"href":"https:\/\/syri.tv\/index.php?rest_route=\/wp\/v2\/posts\/8707\/revisions\/8709"}],"wp:featuredmedia":[{"embeddable":true,"href":"https:\/\/syri.tv\/index.php?rest_route=\/wp\/v2\/media\/8708"}],"wp:attachment":[{"href":"https:\/\/syri.tv\/index.php?rest_route=%2Fwp%2Fv2%2Fmedia&parent=8707"}],"wp:term":[{"taxonomy":"category","embeddable":true,"href":"https:\/\/syri.tv\/index.php?rest_route=%2Fwp%2Fv2%2Fcategories&post=8707"},{"taxonomy":"post_tag","embeddable":true,"href":"https:\/\/syri.tv\/index.php?rest_route=%2Fwp%2Fv2%2Ftags&post=8707"}],"curies":[{"name":"wp","href":"https:\/\/api.w.org\/{rel}","templated":true}]}}