{"id":8698,"date":"2025-12-27T20:17:04","date_gmt":"2025-12-27T20:17:04","guid":{"rendered":"https:\/\/syri.tv\/?p=8698"},"modified":"2025-12-27T20:17:04","modified_gmt":"2025-12-27T20:17:04","slug":"anetar-i-ldk-se-prej-36-vitesh-befason-vota-ime-eshte-per-albin-kurtin","status":"publish","type":"post","link":"https:\/\/syri.tv\/?p=8698","title":{"rendered":"An\u00ebtar i LDK-s\u00eb prej 36 vitesh befason: Vota ime \u00ebsht\u00eb p\u00ebr Albin Kurtin"},"content":{"rendered":"<p>An\u00ebtari i LDK-s\u00eb me mbi 36 vjet p\u00ebrvoj\u00eb politike, Qazim Bajgoraliu, ka b\u00ebr\u00eb t\u00eb ditur publikisht vendimin e tij p\u00ebr zgjedhjet e 28 dhjetorit 2025.<\/p>\n<p>Pas nj\u00eb analize t\u00eb kujdesshme t\u00eb zhvillimeve politike dhe t\u00eb pun\u00ebs s\u00eb lider\u00ebve t\u00eb partive n\u00eb Kosov\u00eb, Bajgoraliu ka deklaruar se alternativa m\u00eb e mir\u00eb p\u00ebr kat\u00ebr vitet e ardhshme \u00ebsht\u00eb kryeministri n\u00eb detyr\u00eb, Albin Kurti.<\/p>\n<p>\u201cVota ime shkon p\u00ebr Albin Kurtin\u201d, shkroi ai n\u00eb Facebook, p\u00ebrcjell \u201cBota sot\u201d.<\/p>\n<p>Shkrimi i plot\u00eb<\/p>\n<p>Vota ime 28.12.2025<\/p>\n<p>Un\u00eb Qazim Bajgoraliu, an\u00ebtar i LDK-s\u00eb qe 36 vite dhe n\u00eb vazhdim,<\/p>\n<p>Duke analizuar dhe vler\u00ebsuar zhvillimet politike e shtetndertuese, duke p\u00ebrcjell\u00eb me shum\u00eb kujdes paraqitjet dhe pun\u00ebn n\u00eb vazhdim t\u00eb lider\u00ebve t\u00eb partive politike t\u00eb Kosov\u00ebs, vler\u00ebsimi im \u00ebsht\u00eb, se, alternative m\u00eb e mir\u00eb e momentit p\u00ebr t\u00eb zgjedh\u00eb p\u00ebr 4 vitet ardh\u00ebshme, \u00ebsht\u00eb Albin Kurti.<\/p>\n<p>Vota ime shkon p\u00ebr Albin Kurtin.<\/p>\n<p><iframe loading=\"lazy\" src=\"https:\/\/www.facebook.com\/plugins\/post.php?href=https%3A%2F%2Fwww.facebook.com%2Fqazim.bajgoraliu%2Fposts%2Fpfbid0EkVCCbmbW7YTJ3oWhedqyeN8RJC9EZDuUQM5s6MXYm7Vk85jLBg8UfQtrNYykShAl&amp;show_text=true&amp;width=500\" width=\"500\" height=\"725\" frameborder=\"0\" scrolling=\"no\" allowfullscreen=\"allowfullscreen\" data-mce-fragment=\"1\"><\/iframe><\/p>\n","protected":false},"excerpt":{"rendered":"<p>An\u00ebtari i LDK-s\u00eb me mbi 36 vjet p\u00ebrvoj\u00eb politike, Qazim Bajgoraliu, ka b\u00ebr\u00eb t\u00eb ditur publikisht vendimin e tij p\u00ebr zgjedhjet e 28 dhjetorit 2025. Pas nj\u00eb analize t\u00eb kujdesshme t\u00eb zhvillimeve politike dhe t\u00eb pun\u00ebs s\u00eb lider\u00ebve t\u00eb partive n\u00eb Kosov\u00eb, Bajgoraliu ka deklaruar se alternativa m\u00eb e mir\u00eb p\u00ebr kat\u00ebr vitet e ardhshme [&hellip;]<\/p>\n","protected":false},"author":1,"featured_media":8699,"comment_status":"closed","ping_status":"closed","sticky":false,"template":"","format":"standard","meta":{"footnotes":""},"categories":[9],"tags":[],"class_list":{"0":"post-8698","1":"post","2":"type-post","3":"status-publish","4":"format-standard","5":"has-post-thumbnail","7":"category-vendi"},"_links":{"self":[{"href":"https:\/\/syri.tv\/index.php?rest_route=\/wp\/v2\/posts\/8698","targetHints":{"allow":["GET"]}}],"collection":[{"href":"https:\/\/syri.tv\/index.php?rest_route=\/wp\/v2\/posts"}],"about":[{"href":"https:\/\/syri.tv\/index.php?rest_route=\/wp\/v2\/types\/post"}],"author":[{"embeddable":true,"href":"https:\/\/syri.tv\/index.php?rest_route=\/wp\/v2\/users\/1"}],"replies":[{"embeddable":true,"href":"https:\/\/syri.tv\/index.php?rest_route=%2Fwp%2Fv2%2Fcomments&post=8698"}],"version-history":[{"count":1,"href":"https:\/\/syri.tv\/index.php?rest_route=\/wp\/v2\/posts\/8698\/revisions"}],"predecessor-version":[{"id":8700,"href":"https:\/\/syri.tv\/index.php?rest_route=\/wp\/v2\/posts\/8698\/revisions\/8700"}],"wp:featuredmedia":[{"embeddable":true,"href":"https:\/\/syri.tv\/index.php?rest_route=\/wp\/v2\/media\/8699"}],"wp:attachment":[{"href":"https:\/\/syri.tv\/index.php?rest_route=%2Fwp%2Fv2%2Fmedia&parent=8698"}],"wp:term":[{"taxonomy":"category","embeddable":true,"href":"https:\/\/syri.tv\/index.php?rest_route=%2Fwp%2Fv2%2Fcategories&post=8698"},{"taxonomy":"post_tag","embeddable":true,"href":"https:\/\/syri.tv\/index.php?rest_route=%2Fwp%2Fv2%2Ftags&post=8698"}],"curies":[{"name":"wp","href":"https:\/\/api.w.org\/{rel}","templated":true}]}}