{"id":8631,"date":"2025-12-12T15:10:26","date_gmt":"2025-12-12T15:10:26","guid":{"rendered":"https:\/\/syri.tv\/?p=8631"},"modified":"2025-12-12T15:59:31","modified_gmt":"2025-12-12T15:59:31","slug":"mbreme-ne-oerlikon-nen-patronazhin-e-shefit-te-misionit-konsullor-te-republikes-se-kosoves-ne-cyrih-z-vigan-berisha-ne-bashkepunim-me-shoqaten-parandalo-u-shenua-dita-nderkombet","status":"publish","type":"post","link":"https:\/\/syri.tv\/?p=8631","title":{"rendered":"Mbr\u00ebm\u00eb n\u00eb Oerlikon, Konsullata e Republik\u00ebs s\u00eb Kosov\u00ebs n\u00eb Cyrih, n\u00eb bashk\u00ebpunim me Shoqat\u00ebn \u201cParandalo\u201d, sh\u00ebnuan Dit\u00ebn Nd\u00ebrkomb\u00ebtare e t\u00eb Drejtave t\u00eb Njeriut,"},"content":{"rendered":"<div class=\"xdj266r x14z9mp xat24cr x1lziwak x1vvkbs x126k92a\">\n<div dir=\"auto\">Mbr\u00ebm\u00eb n\u00eb Oerlikon, n\u00ebn patronazhin e Shefit t\u00eb Misionit Konsullor t\u00eb Republik\u00ebs s\u00eb Kosov\u00ebs n\u00eb Cyrih, z. Vigan Berisha, n\u00eb bashk\u00ebpunim me Shoqat\u00ebn \u201cParandalo\u201d, u sh\u00ebnua Dita Nd\u00ebrkomb\u00ebtare e t\u00eb Drejtave t\u00eb Njeriut, me q\u00ebllim t\u00eb theksimit t\u00eb r\u00ebnd\u00ebsis\u00eb s\u00eb respektimit, promovimit dhe mbrojtjes s\u00eb t\u00eb drejtave themelore t\u00eb njeriut.<\/div>\n<div dir=\"auto\">Manifestimi u nderua me pranin\u00eb e:<\/div>\n<div dir=\"auto\">Z. Islam Alijaj, Deputet i Parlamentit t\u00eb Konfederat\u00ebs s\u00eb Zvicerane,<\/div>\n<div dir=\"auto\">Znj. Valdete Hoti, Kryetare e Shoqat\u00ebs Parandalo,<\/div>\n<div dir=\"auto\"><img loading=\"lazy\" loading=\"lazy\" decoding=\"async\" class=\"alignnone size-large wp-image-8633\" src=\"https:\/\/syri.tv\/wp-content\/uploads\/2025\/12\/v2-1024x768.jpg\" alt=\"\" width=\"1024\" height=\"768\" srcset=\"https:\/\/syri.tv\/wp-content\/uploads\/2025\/12\/v2-1024x768.jpg 1024w, https:\/\/syri.tv\/wp-content\/uploads\/2025\/12\/v2-300x225.jpg 300w, https:\/\/syri.tv\/wp-content\/uploads\/2025\/12\/v2-768x576.jpg 768w, https:\/\/syri.tv\/wp-content\/uploads\/2025\/12\/v2-860x645.jpg 860w, https:\/\/syri.tv\/wp-content\/uploads\/2025\/12\/v2.jpg 1440w\" sizes=\"auto, (max-width: 1024px) 100vw, 1024px\" \/><\/div>\n<div dir=\"auto\">Z. Orhan Spahiu, Kryetar i Organizat\u00ebs Kuvendi i Shqiptar\u00ebve t\u00eb Zvicr\u00ebs.<\/div>\n<div dir=\"auto\">Z. Ekrem Hasani, donator i ashensorit per personat me aft\u00ebsi t\u00eb ve\u00e7anta n\u00eb Konsullat\u00ebn e Republik\u00ebs s\u00eb Kosov\u00ebs n\u00eb Cyrih.<\/div>\n<div dir=\"auto\">Programi p\u00ebrfshiu edhe interpretime muzikore nga Znj. Flutura Bytyqi, t\u00eb cilat i dhan\u00eb manifestimit nj\u00eb dimension t\u00eb ve\u00e7ant\u00eb artistik dhe emocional.<\/div>\n<div dir=\"auto\">Aktiviteti mblodhi p\u00ebrfaq\u00ebsues t\u00eb institucioneve, shoqatave, ansambleve, mediave, artist, shkrimtar, mjeke, shkenctar, nd\u00ebrmarr\u00ebs, pjes\u00ebtar t\u00eb m\u00ebrgat\u00ebs shqiptare etj. Manifestimi sh\u00ebrbeu si nj\u00eb platform\u00eb p\u00ebr shk\u00ebmbim mendimesh, dialog dhe nd\u00ebrgjegj\u00ebsim mbi vlerat e barazis\u00eb, dinjitetit njer\u00ebzor, drejt\u00ebsis\u00eb dhe solidaritetit.<\/div>\n<div dir=\"auto\"><img loading=\"lazy\" loading=\"lazy\" decoding=\"async\" class=\"alignnone size-large wp-image-8634\" src=\"https:\/\/syri.tv\/wp-content\/uploads\/2025\/12\/v5-1024x768.jpg\" alt=\"\" width=\"1024\" height=\"768\" srcset=\"https:\/\/syri.tv\/wp-content\/uploads\/2025\/12\/v5-1024x768.jpg 1024w, https:\/\/syri.tv\/wp-content\/uploads\/2025\/12\/v5-300x225.jpg 300w, https:\/\/syri.tv\/wp-content\/uploads\/2025\/12\/v5-768x576.jpg 768w, https:\/\/syri.tv\/wp-content\/uploads\/2025\/12\/v5-860x645.jpg 860w, https:\/\/syri.tv\/wp-content\/uploads\/2025\/12\/v5.jpg 1440w\" sizes=\"auto, (max-width: 1024px) 100vw, 1024px\" \/><\/div>\n<div dir=\"auto\">Ky aktivitet theksoi r\u00ebnd\u00ebsin\u00eb e angazhimit t\u00eb p\u00ebrbashk\u00ebt n\u00eb nd\u00ebrtimin e nj\u00eb shoq\u00ebrie t\u00eb drejt\u00eb dhe gjith\u00ebp\u00ebrfshir\u00ebse, ku t\u00eb drejtat e njeriut respektohen dhe mbrohen pa diskriminim.<\/div>\n<\/div>\n<div class=\"x14z9mp xat24cr x1lziwak x1vvkbs xtlvy1s x126k92a\">\n<div dir=\"auto\"><span class=\"html-span xexx8yu xyri2b x18d9i69 x1c1uobl x1hl2dhg x16tdsg8 x1vvkbs x3nfvp2 x1j61x8r x1fcty0u xdj266r xat24cr xm2jcoa x1mpyi22 xxymvpz xlup9mm x1kky2od\"><img loading=\"lazy\" loading=\"lazy\" decoding=\"async\" class=\"xz74otr x15mokao x1ga7v0g x16uus16 xbiv7yw\" src=\"https:\/\/static.xx.fbcdn.net\/images\/emoji.php\/v9\/tde\/1\/16\/1f4f8.png\" alt=\"\ud83d\udcf8\" width=\"16\" height=\"16\" \/><\/span> credits Daut Luboja dhe Granit Merseli<\/div>\n<\/div>\n","protected":false},"excerpt":{"rendered":"<p>Mbr\u00ebm\u00eb n\u00eb Oerlikon, n\u00ebn patronazhin e Shefit t\u00eb Misionit Konsullor t\u00eb Republik\u00ebs s\u00eb Kosov\u00ebs n\u00eb Cyrih, z. Vigan Berisha, n\u00eb bashk\u00ebpunim me Shoqat\u00ebn \u201cParandalo\u201d, u sh\u00ebnua Dita Nd\u00ebrkomb\u00ebtare e t\u00eb Drejtave t\u00eb Njeriut, me q\u00ebllim t\u00eb theksimit t\u00eb r\u00ebnd\u00ebsis\u00eb s\u00eb respektimit, promovimit dhe mbrojtjes s\u00eb t\u00eb drejtave themelore t\u00eb njeriut. Manifestimi u nderua me pranin\u00eb [&hellip;]<\/p>\n","protected":false},"author":1,"featured_media":8632,"comment_status":"closed","ping_status":"closed","sticky":false,"template":"","format":"standard","meta":{"footnotes":""},"categories":[2],"tags":[],"class_list":{"0":"post-8631","1":"post","2":"type-post","3":"status-publish","4":"format-standard","5":"has-post-thumbnail","7":"category-zvicer"},"_links":{"self":[{"href":"https:\/\/syri.tv\/index.php?rest_route=\/wp\/v2\/posts\/8631","targetHints":{"allow":["GET"]}}],"collection":[{"href":"https:\/\/syri.tv\/index.php?rest_route=\/wp\/v2\/posts"}],"about":[{"href":"https:\/\/syri.tv\/index.php?rest_route=\/wp\/v2\/types\/post"}],"author":[{"embeddable":true,"href":"https:\/\/syri.tv\/index.php?rest_route=\/wp\/v2\/users\/1"}],"replies":[{"embeddable":true,"href":"https:\/\/syri.tv\/index.php?rest_route=%2Fwp%2Fv2%2Fcomments&post=8631"}],"version-history":[{"count":2,"href":"https:\/\/syri.tv\/index.php?rest_route=\/wp\/v2\/posts\/8631\/revisions"}],"predecessor-version":[{"id":8636,"href":"https:\/\/syri.tv\/index.php?rest_route=\/wp\/v2\/posts\/8631\/revisions\/8636"}],"wp:featuredmedia":[{"embeddable":true,"href":"https:\/\/syri.tv\/index.php?rest_route=\/wp\/v2\/media\/8632"}],"wp:attachment":[{"href":"https:\/\/syri.tv\/index.php?rest_route=%2Fwp%2Fv2%2Fmedia&parent=8631"}],"wp:term":[{"taxonomy":"category","embeddable":true,"href":"https:\/\/syri.tv\/index.php?rest_route=%2Fwp%2Fv2%2Fcategories&post=8631"},{"taxonomy":"post_tag","embeddable":true,"href":"https:\/\/syri.tv\/index.php?rest_route=%2Fwp%2Fv2%2Ftags&post=8631"}],"curies":[{"name":"wp","href":"https:\/\/api.w.org\/{rel}","templated":true}]}}