{"id":8621,"date":"2025-12-11T18:12:06","date_gmt":"2025-12-11T18:12:06","guid":{"rendered":"https:\/\/syri.tv\/?p=8621"},"modified":"2025-12-11T18:21:36","modified_gmt":"2025-12-11T18:21:36","slug":"adem-ademi-talent-i-ri-ne-futbolli-qe-premton-shume-ne-te-ardhmen","status":"publish","type":"post","link":"https:\/\/syri.tv\/?p=8621","title":{"rendered":"Adem Ademi talent i ri n\u00eb futbolli q\u00eb premton shum\u00eb n\u00eb t\u00eb ardhmen"},"content":{"rendered":"<p>K\u00ebsaj radhe takimi ishte me nj\u00eb talent t\u00eb ri n\u00eb futboll dhe nj\u00eb em\u00ebr q\u00eb premton shum\u00eb n\u00eb t\u00eb ardhmen sidomos te shqiptar\u00ebt n\u00eb kufirin Francez-Zviceran.<\/p>\n<p>Kryetari i UKSHFZ z. Feti Demoli k\u00ebsaj radhe takoi Adem Ademin nj\u00eb djalosh t\u00eb ri p\u00ebr t\u00eb cilin na jan\u00eb paraqitur dhe na \u00ebsht\u00eb propozuar n\u00eb kryesin\u00eb e Unionit dhe ne n\u00eb vazhd\u00ebn e zbulimit t\u00eb talenteve shfryt\u00ebzuam mund\u00ebsin\u00eb dhe koh\u00ebn p\u00ebr ta vizituar.<\/p>\n<p><img loading=\"lazy\" loading=\"lazy\" decoding=\"async\" class=\"alignnone size-large wp-image-8622\" src=\"https:\/\/syri.tv\/wp-content\/uploads\/2025\/12\/IMG_9616_logo-640x1024.jpg\" alt=\"\" width=\"640\" height=\"1024\" srcset=\"https:\/\/syri.tv\/wp-content\/uploads\/2025\/12\/IMG_9616_logo-640x1024.jpg 640w, https:\/\/syri.tv\/wp-content\/uploads\/2025\/12\/IMG_9616_logo-187x300.jpg 187w, https:\/\/syri.tv\/wp-content\/uploads\/2025\/12\/IMG_9616_logo-768x1230.jpg 768w, https:\/\/syri.tv\/wp-content\/uploads\/2025\/12\/IMG_9616_logo-959x1536.jpg 959w, https:\/\/syri.tv\/wp-content\/uploads\/2025\/12\/IMG_9616_logo-1279x2048.jpg 1279w, https:\/\/syri.tv\/wp-content\/uploads\/2025\/12\/IMG_9616_logo-860x1377.jpg 860w, https:\/\/syri.tv\/wp-content\/uploads\/2025\/12\/IMG_9616_logo-1536x2459.jpg 1536w, https:\/\/syri.tv\/wp-content\/uploads\/2025\/12\/IMG_9616_logo-scaled.jpg 1599w\" sizes=\"auto, (max-width: 640px) 100vw, 640px\" \/><\/p>\n<p>Adem Ademi \u00ebsht\u00eb i lindur n\u00eb Franc\u00eb \u00a0me 17. 11. 2011 dhe ka dy shtet\u00ebsi at\u00eb t\u00eb Franc\u00ebs dhe Kosov\u00ebs.<\/p>\n<p>Sipas statistikave q\u00eb kemi v\u00ebrejtur te Ademi sipas kryetarit F. Demoli, \u00ebsht\u00eb nj\u00eb mesfushor n\u00eb qend\u00ebr i cili ka nj\u00eb kontroll t\u00eb jasht\u00ebzakonshme t\u00eb topit.\u00a0 N\u00eb fush\u00eb cil\u00ebsohet shpejt\u00ebsia dhe pasimet shum\u00eb t\u00eb sigurta dhe nj\u00eb sy shqiponje q\u00eb \u00ebsht\u00eb dhunti p\u00ebr p\u00ebr k\u00ebt\u00eb djalosh i cili \u00ebsht\u00eb i lindur p\u00ebr t\u00eb sh\u00ebnuar gola dhe p\u00ebr t\u00eb sjell\u00eb bashk\u00eblojtar\u00ebt e tij n\u00eb loj\u00eb.<\/p>\n<p><img loading=\"lazy\" loading=\"lazy\" decoding=\"async\" class=\"alignnone size-large wp-image-8623\" src=\"https:\/\/syri.tv\/wp-content\/uploads\/2025\/12\/WhatsApp-Image-2025-11-12-at-22.02.29-2-1024x694.jpeg\" alt=\"\" width=\"1024\" height=\"694\" srcset=\"https:\/\/syri.tv\/wp-content\/uploads\/2025\/12\/WhatsApp-Image-2025-11-12-at-22.02.29-2-1024x694.jpeg 1024w, https:\/\/syri.tv\/wp-content\/uploads\/2025\/12\/WhatsApp-Image-2025-11-12-at-22.02.29-2-300x203.jpeg 300w, https:\/\/syri.tv\/wp-content\/uploads\/2025\/12\/WhatsApp-Image-2025-11-12-at-22.02.29-2-768x520.jpeg 768w, https:\/\/syri.tv\/wp-content\/uploads\/2025\/12\/WhatsApp-Image-2025-11-12-at-22.02.29-2-860x583.jpeg 860w, https:\/\/syri.tv\/wp-content\/uploads\/2025\/12\/WhatsApp-Image-2025-11-12-at-22.02.29-2.jpeg 1179w\" sizes=\"auto, (max-width: 1024px) 100vw, 1024px\" \/><\/p>\n<p>Ademi si i ri filloi karrier\u00ebn n\u00eb US Saint Julien en Genevois n\u00eb vitin 2017 i cili u tregua futbollist i talentuar dhe n\u00eb vitin 2019 kaloi n\u00eb FC Perly Certoux n\u00eb Gjeneve. Duke qen\u00eb i p\u00ebrk\u00ebdhelur nga t\u00eb gjith\u00eb dhe trajneri, ai vazhdon edhe sot t\u00eb jet\u00eb pjes\u00eb e k\u00ebsaj ekipe.<\/p>\n<p><img loading=\"lazy\" loading=\"lazy\" decoding=\"async\" class=\"alignnone size-large wp-image-8624\" src=\"https:\/\/syri.tv\/wp-content\/uploads\/2025\/12\/WhatsApp-Image-2025-11-12-at-22.02.29-1024x683.jpeg\" alt=\"\" width=\"1024\" height=\"683\" srcset=\"https:\/\/syri.tv\/wp-content\/uploads\/2025\/12\/WhatsApp-Image-2025-11-12-at-22.02.29-1024x683.jpeg 1024w, https:\/\/syri.tv\/wp-content\/uploads\/2025\/12\/WhatsApp-Image-2025-11-12-at-22.02.29-300x200.jpeg 300w, https:\/\/syri.tv\/wp-content\/uploads\/2025\/12\/WhatsApp-Image-2025-11-12-at-22.02.29-768x512.jpeg 768w, https:\/\/syri.tv\/wp-content\/uploads\/2025\/12\/WhatsApp-Image-2025-11-12-at-22.02.29-330x220.jpeg 330w, https:\/\/syri.tv\/wp-content\/uploads\/2025\/12\/WhatsApp-Image-2025-11-12-at-22.02.29-420x280.jpeg 420w, https:\/\/syri.tv\/wp-content\/uploads\/2025\/12\/WhatsApp-Image-2025-11-12-at-22.02.29-615x410.jpeg 615w, https:\/\/syri.tv\/wp-content\/uploads\/2025\/12\/WhatsApp-Image-2025-11-12-at-22.02.29-860x573.jpeg 860w, https:\/\/syri.tv\/wp-content\/uploads\/2025\/12\/WhatsApp-Image-2025-11-12-at-22.02.29.jpeg 1179w\" sizes=\"auto, (max-width: 1024px) 100vw, 1024px\" \/><\/p>\n<p>Vlen t\u00eb ceket se vet\u00ebm n\u00eb sezonin e fundit n\u00eb 9 ndeshje sh\u00ebnoi 7 gola dhe 2 asistime, q\u00eb sipas trajnerit t\u00eb tij \u00ebsht\u00eb lojtar ky\u00e7 i ekipit.<\/p>\n<p>Stabiliteti i tij fizik n\u00eb loj\u00eb le p\u00ebrshtypje tek ekipi dhe shikuesit\u00a0 me pasimet e sakta, driblimet efektive dhe goditjet e forta n\u00eb port\u00ebn e kund\u00ebrshtarit.<\/p>\n<p>UKSHFZ dhe kryetari Feti Demoli, urojm\u00eb p\u00ebr Ademin shum\u00eb fat dhe karier\u00eb t\u00eb\u00a0 frytshme<\/p>\n","protected":false},"excerpt":{"rendered":"<p>K\u00ebsaj radhe takimi ishte me nj\u00eb talent t\u00eb ri n\u00eb futboll dhe nj\u00eb em\u00ebr q\u00eb premton shum\u00eb n\u00eb t\u00eb ardhmen sidomos te shqiptar\u00ebt n\u00eb kufirin Francez-Zviceran. Kryetari i UKSHFZ z. Feti Demoli k\u00ebsaj radhe takoi Adem Ademin nj\u00eb djalosh t\u00eb ri p\u00ebr t\u00eb cilin na jan\u00eb paraqitur dhe na \u00ebsht\u00eb propozuar n\u00eb kryesin\u00eb e Unionit [&hellip;]<\/p>\n","protected":false},"author":1,"featured_media":8625,"comment_status":"closed","ping_status":"closed","sticky":false,"template":"","format":"standard","meta":{"footnotes":""},"categories":[106],"tags":[],"class_list":{"0":"post-8621","1":"post","2":"type-post","3":"status-publish","4":"format-standard","5":"has-post-thumbnail","7":"category-sport"},"_links":{"self":[{"href":"https:\/\/syri.tv\/index.php?rest_route=\/wp\/v2\/posts\/8621","targetHints":{"allow":["GET"]}}],"collection":[{"href":"https:\/\/syri.tv\/index.php?rest_route=\/wp\/v2\/posts"}],"about":[{"href":"https:\/\/syri.tv\/index.php?rest_route=\/wp\/v2\/types\/post"}],"author":[{"embeddable":true,"href":"https:\/\/syri.tv\/index.php?rest_route=\/wp\/v2\/users\/1"}],"replies":[{"embeddable":true,"href":"https:\/\/syri.tv\/index.php?rest_route=%2Fwp%2Fv2%2Fcomments&post=8621"}],"version-history":[{"count":4,"href":"https:\/\/syri.tv\/index.php?rest_route=\/wp\/v2\/posts\/8621\/revisions"}],"predecessor-version":[{"id":8629,"href":"https:\/\/syri.tv\/index.php?rest_route=\/wp\/v2\/posts\/8621\/revisions\/8629"}],"wp:featuredmedia":[{"embeddable":true,"href":"https:\/\/syri.tv\/index.php?rest_route=\/wp\/v2\/media\/8625"}],"wp:attachment":[{"href":"https:\/\/syri.tv\/index.php?rest_route=%2Fwp%2Fv2%2Fmedia&parent=8621"}],"wp:term":[{"taxonomy":"category","embeddable":true,"href":"https:\/\/syri.tv\/index.php?rest_route=%2Fwp%2Fv2%2Fcategories&post=8621"},{"taxonomy":"post_tag","embeddable":true,"href":"https:\/\/syri.tv\/index.php?rest_route=%2Fwp%2Fv2%2Ftags&post=8621"}],"curies":[{"name":"wp","href":"https:\/\/api.w.org\/{rel}","templated":true}]}}