{"id":8605,"date":"2025-12-09T16:40:31","date_gmt":"2025-12-09T16:40:31","guid":{"rendered":"https:\/\/syri.tv\/?p=8605"},"modified":"2025-12-09T16:40:31","modified_gmt":"2025-12-09T16:40:31","slug":"mergata-si-forca-vendimtare-kunder-papergjegjshmerise-politike","status":"publish","type":"post","link":"https:\/\/syri.tv\/?p=8605","title":{"rendered":"M\u00ebrgata si Forca Vendimtare Kund\u00ebr Pap\u00ebrgjegjshm\u00ebris\u00eb Politike!"},"content":{"rendered":"<p>\u201cKur vota e diaspor\u00ebs b\u00ebhet instrument i p\u00ebrgjegj\u00ebsis\u00eb,partit\u00eb politike nuk kan m\u00eb luksin t\u00eb sillen si te paprekshme.\u201d<\/p>\n<p>M\u00ebrgata shqiptare, e p\u00ebrb\u00ebr\u00eb nga qindra mij\u00ebra profesionist\u00eb, pun\u00ebtor\u00eb, intelektual\u00eb dhe familjar\u00eb t\u00eb shp\u00ebrndar\u00eb n\u00ebp\u00ebr bot\u00eb, ka koh\u00eb q\u00eb e mban shtetin n\u00eb k\u00ebmb\u00eb me remitenca, me kapital njer\u00ebzor dhe me kontribut t\u00eb pareshtur kulturor.<\/p>\n<p>Por n\u00eb t\u00eb nj\u00ebjt\u00ebn koh\u00eb, kjo m\u00ebrgat\u00eb trajtohet nga klasa politike me nj\u00eb neglizhenc\u00eb t\u00eb pafalshme \u2013 sikur t\u00eb ishte nj\u00eb spektatore e heshtur, jo nj\u00eb forc\u00eb politike q\u00eb num\u00ebron dhjet\u00ebra mij\u00ebra vota vendimtare n\u00eb \u00e7do cik\u00ebl zgjedhor.<\/p>\n<p>\u00cbsht\u00eb fyese dhe intelektualisht e papranueshme q\u00eb nj\u00eb klas\u00eb politike e pa p\u00ebrgjegj\u00ebsi, e cila ka d\u00ebshtuar t\u00eb nd\u00ebrtoj\u00eb institucione funksionale dhe ka humbur besimin e nj\u00eb popullsie t\u00eb t\u00ebr\u00eb brenda vendit, t\u00eb pretendoj\u00eb ende vot\u00ebn e m\u00ebrgat\u00ebs nd\u00ebrkoh\u00eb q\u00eb nuk i ofron as respekt, as transparenc\u00eb, as vizion. M\u00ebrgata nuk \u00ebsht\u00eb m\u00eb ajo q\u00eb mund t\u00eb manipulohet me retorik\u00eb folklorike apo premtime t\u00eb konsumuar.<\/p>\n<p>Ajo \u00ebsht\u00eb e arsimuar, e ekspozuar ndaj shteteve t\u00eb s\u00eb drejt\u00ebs, e m\u00ebsuar me standarde, me llogaridh\u00ebnie, me meritokraci \u2013 koncepte q\u00eb klasa jon\u00eb politike i p\u00ebrmend vet\u00ebm gjat\u00eb fushatave, por i harron po at\u00eb dit\u00eb q\u00eb mbyllen kutit\u00eb e votimit. \u00cbsht\u00eb koha q\u00eb m\u00ebrgata ta thot\u00eb me z\u00eb t\u00eb lart\u00eb dhe pa kompromis: ne nuk do t\u00eb anojm\u00eb m\u00eb kah pap\u00ebrgjegjshm\u00ebria politike.<\/p>\n<p>Ne nuk do t\u00eb mb\u00ebshtesim m\u00eb figura q\u00eb nuk mbajn\u00eb p\u00ebrgjegj\u00ebsi, nuk qeverisin me ligj dhe nuk e respektojn\u00eb inteligjenc\u00ebn e votuesit. Pesha jon\u00eb elektorale nuk \u00ebsht\u00eb simbolike \u2013 ajo \u00ebsht\u00eb determinante. N\u00eb zgjedhjet e fundit, vota e m\u00ebrgat\u00ebs ka qen\u00eb shpesh vendimtare p\u00ebr balancat politike. Dhe pik\u00ebrisht p\u00ebr k\u00ebt\u00eb arsye, m\u00ebrgata nuk duhet t\u00eb jet\u00eb m\u00eb nj\u00eb num\u00ebr, por nj\u00eb kriter.<\/p>\n<p>Ne nuk i detyrohemi asnj\u00eb partie; i detyrohemi vet\u00ebm s\u00eb v\u00ebrtet\u00ebs, moralit dhe t\u00eb ardhmes s\u00eb vendit.<\/p>\n<p>Ndryshimi nuk vjen nga servilizmi ndaj politik\u00ebs, por nga pozicioni i pal\u00ebkundur ndaj vlerave: sundimi i ligjit, integriteti, llogaridh\u00ebnia dhe profesionalizmi.<\/p>\n<p>Kush nuk i p\u00ebrmbush k\u00ebto standarde, nuk meriton vot\u00ebn e m\u00ebrgat\u00ebs \u2013 aq m\u00eb pak respektin e saj. M\u00ebrgata nuk \u00ebsht\u00eb m\u00eb nj\u00eb diaspor\u00eb q\u00eb sheh nga larg. Ajo \u00ebsht\u00eb nj\u00eb fuqi politike, morale dhe intelektuale q\u00eb k\u00ebrkon me t\u00eb drejt\u00eb nj\u00eb shtet t\u00eb nd\u00ebrtuar mbi p\u00ebrgjegj\u00ebsi, jo mbi d\u00ebshtim t\u00eb institucionalizuar.<\/p>\n<p>Vota e saj \u00ebsht\u00eb e \u00e7muar, e pjekur dhe e pap\u00ebrkulshme. Dhe \u00ebsht\u00eb koha q\u00eb politika t\u00eb kuptoj\u00eb se kjo vot\u00eb nuk blihet, nuk p\u00ebrdoret dhe nuk neglizhohet.<\/p>\n<p>M\u00ebrgata do t\u00eb anoj\u00eb vet\u00ebm kah ndryshimi i v\u00ebrtet\u00eb \u2013 dhe kush nuk \u00ebsht\u00eb gati p\u00ebr k\u00ebt\u00eb ndryshim, le ta dij\u00eb se koha e tij ka p\u00ebrfunduar. Asnj\u00eb shoq\u00ebri nuk mund t\u00eb ec\u00eb p\u00ebrpara kur distanca mes p\u00ebrgjegj\u00ebsis\u00eb politike dhe moralit publik rritet; n\u00eb k\u00ebt\u00eb boshll\u00ebk lind roli historik i diaspor\u00ebs si korrektor i sistemit. \u201cSi\u00e7 do t\u00eb thoshte Tocqueville, forca e nj\u00eb demokracie matet me gatishm\u00ebrin\u00eb e qytetar\u00ebve p\u00ebr t\u00eb kund\u00ebrshtuar padrejt\u00ebsin\u00eb. N\u00eb rastin ton\u00eb, kjo forc\u00eb sot q\u00ebndron te m\u00ebrgata.Dhe atje ku mungon p\u00ebrgjegj\u00ebsia, diaspora b\u00ebhet veto morale.\u201d<\/p>\n<p>Dr.Shaqir Shala Solothurn; 09.11.2025.<\/p>\n","protected":false},"excerpt":{"rendered":"<p>\u201cKur vota e diaspor\u00ebs b\u00ebhet instrument i p\u00ebrgjegj\u00ebsis\u00eb,partit\u00eb politike nuk kan m\u00eb luksin t\u00eb sillen si te paprekshme.\u201d M\u00ebrgata shqiptare, e p\u00ebrb\u00ebr\u00eb nga qindra mij\u00ebra profesionist\u00eb, pun\u00ebtor\u00eb, intelektual\u00eb dhe familjar\u00eb t\u00eb shp\u00ebrndar\u00eb n\u00ebp\u00ebr bot\u00eb, ka koh\u00eb q\u00eb e mban shtetin n\u00eb k\u00ebmb\u00eb me remitenca, me kapital njer\u00ebzor dhe me kontribut t\u00eb pareshtur kulturor. Por n\u00eb [&hellip;]<\/p>\n","protected":false},"author":1,"featured_media":8606,"comment_status":"closed","ping_status":"closed","sticky":false,"template":"","format":"standard","meta":{"footnotes":""},"categories":[2],"tags":[],"class_list":{"0":"post-8605","1":"post","2":"type-post","3":"status-publish","4":"format-standard","5":"has-post-thumbnail","7":"category-zvicer"},"_links":{"self":[{"href":"https:\/\/syri.tv\/index.php?rest_route=\/wp\/v2\/posts\/8605","targetHints":{"allow":["GET"]}}],"collection":[{"href":"https:\/\/syri.tv\/index.php?rest_route=\/wp\/v2\/posts"}],"about":[{"href":"https:\/\/syri.tv\/index.php?rest_route=\/wp\/v2\/types\/post"}],"author":[{"embeddable":true,"href":"https:\/\/syri.tv\/index.php?rest_route=\/wp\/v2\/users\/1"}],"replies":[{"embeddable":true,"href":"https:\/\/syri.tv\/index.php?rest_route=%2Fwp%2Fv2%2Fcomments&post=8605"}],"version-history":[{"count":1,"href":"https:\/\/syri.tv\/index.php?rest_route=\/wp\/v2\/posts\/8605\/revisions"}],"predecessor-version":[{"id":8607,"href":"https:\/\/syri.tv\/index.php?rest_route=\/wp\/v2\/posts\/8605\/revisions\/8607"}],"wp:featuredmedia":[{"embeddable":true,"href":"https:\/\/syri.tv\/index.php?rest_route=\/wp\/v2\/media\/8606"}],"wp:attachment":[{"href":"https:\/\/syri.tv\/index.php?rest_route=%2Fwp%2Fv2%2Fmedia&parent=8605"}],"wp:term":[{"taxonomy":"category","embeddable":true,"href":"https:\/\/syri.tv\/index.php?rest_route=%2Fwp%2Fv2%2Fcategories&post=8605"},{"taxonomy":"post_tag","embeddable":true,"href":"https:\/\/syri.tv\/index.php?rest_route=%2Fwp%2Fv2%2Ftags&post=8605"}],"curies":[{"name":"wp","href":"https:\/\/api.w.org\/{rel}","templated":true}]}}