{"id":8590,"date":"2025-12-08T15:54:05","date_gmt":"2025-12-08T15:54:05","guid":{"rendered":"https:\/\/syri.tv\/?p=8590"},"modified":"2025-12-08T15:54:05","modified_gmt":"2025-12-08T15:54:05","slug":"kosova-shpallet-zyrtarisht-vend-i-sigurt-nga-be-ja-nuk-ka-me-azil","status":"publish","type":"post","link":"https:\/\/syri.tv\/?p=8590","title":{"rendered":"Kosova shpallet zyrtarisht vend i sigurt nga BE-ja. Nuk ka m\u00eb Azil!"},"content":{"rendered":"<p>Bashkimi Evropian ka vendosur q\u00eb Kosova dhe shtat\u00eb vende t\u00eb tjera t\u00eb konsiderohen si \u201ct\u00eb sigurta\u201d p\u00ebr azil. Ky vendim \u00ebsht\u00eb b\u00ebr\u00eb i ditur p\u00ebrmes nj\u00eb komunikate t\u00eb K\u00ebshillit Evropian.<ins><\/ins><\/p>\n<p>\u201cSot, K\u00ebshilli ka miratuar q\u00ebndrimin e tij mbi dy aktet ligjore t\u00eb BE-s\u00eb, t\u00eb cilat do t\u00eb forcojn\u00eb zbatimin praktik t\u00eb koncepteve kryesore mbi vendet e sigurta n\u00eb rregullat e azilit t\u00eb BE-s\u00eb. K\u00ebto ligje t\u00eb reja p\u00ebr migracionin synojn\u00eb t\u00eb vendosin procedura m\u00eb t\u00eb shpejta dhe m\u00eb efektive t\u00eb azilit p\u00ebr ata q\u00eb nuk duhet t\u00eb marrin mbrojtje brenda BE-s\u00eb.\u201d, thuhet n\u00eb<a href=\"https:\/\/www.consilium.europa.eu\/en\/press\/press-releases\/2025\/12\/08\/asylum-policy-council-pushes-ahead-with-eu-laws-on-safe-countries-of-origin-and-safe-third-countries\/\">komunikat\u00eb.<\/a><\/p>\n<p>Sipas vendimit t\u00eb K\u00ebshillit, Kosova \u00ebsht\u00eb p\u00ebrfshir\u00eb n\u00eb list\u00ebn e vendeve t\u00eb sigurta t\u00eb origjin\u00ebs. Kjo do t\u00eb thot\u00eb se aplikimet p\u00ebr azil nga qytetar\u00ebt kosovar\u00eb mund t\u00eb trajtohen m\u00eb shpejt. P\u00ebrfshirja e Kosov\u00ebs bazohet n\u00eb vler\u00ebsimin se vendi ofron mbrojtje t\u00eb mjaftueshme kund\u00ebr persekutimit dhe shkeljeve t\u00eb r\u00ebnda t\u00eb t\u00eb drejtave themelore.<\/p>\n<p>Megjithat\u00eb, vendosja e Kosov\u00ebs n\u00eb k\u00ebt\u00eb list\u00eb nuk do t\u00eb thot\u00eb se \u00e7do k\u00ebrkes\u00eb azili do t\u00eb refuzohet automatikisht. \u00c7do aplikim individual mund t\u00eb shqyrtohet n\u00ebse ekzistojn\u00eb arsye specifike p\u00ebr mbrojtje.<\/p>\n<p>Sipas komunikat\u00ebs, rregullorja e re q\u00eb rishikon konceptin e \u201cvendit t\u00eb sigurt t\u00eb tret\u00eb\u201d do t\u00eb zgjas\u00eb rrethanat n\u00eb t\u00eb cilat nj\u00eb k\u00ebrkes\u00eb p\u00ebr azil mund t\u00eb refuzohet si e papranueshme. K\u00ebshilli ka miratuar gjithashtu p\u00ebr her\u00eb t\u00eb par\u00eb list\u00ebn e p\u00ebrbashk\u00ebt t\u00eb BE-s\u00eb t\u00eb vendeve t\u00eb sigurta t\u00eb origjin\u00ebs, duke mund\u00ebsuar q\u00eb shtetet an\u00ebtare t\u00eb p\u00ebrpunojn\u00eb k\u00ebrkesat p\u00ebr mbrojtje nd\u00ebrkomb\u00ebtare n\u00eb m\u00ebnyr\u00eb t\u00eb p\u00ebrshpejtuar.<\/p>\n<p>P\u00ebrve\u00e7 Kosov\u00ebs, si vende zyrtarisht t\u00eb sigurta jan\u00eb caktuar edhe Bangladeshi, Kolumbia, Egjipti, India, Maroku dhe Tunizia. P\u00ebr qytetar\u00ebt q\u00eb vijn\u00eb nga k\u00ebto shtete do t\u00eb aplikohen procedura t\u00eb p\u00ebrshpejtuara, q\u00eb n\u00eb shumic\u00ebn e rasteve pritet t\u00eb p\u00ebrfundojn\u00eb me refuzim t\u00eb k\u00ebrkes\u00ebs p\u00ebr azil ose me zhvendosjen e shqyrtimit n\u00eb nj\u00eb vend t\u00eb tret\u00eb t\u00eb sigurt, nga i cili kan\u00eb kaluar.<\/p>\n<p>Koncepti i \u201cvendit t\u00eb sigurt t\u00eb tret\u00eb\u201d i mund\u00ebson shteteve an\u00ebtare t\u00eb refuzojn\u00eb k\u00ebrkesat p\u00ebr azil kur aplikant\u00ebt mund t\u00eb ken\u00eb k\u00ebrkuar mbrojtje n\u00eb nj\u00eb vend jo-BE t\u00eb konsideruar t\u00eb sigurt. Rregullorja e re zgjeron rrethanat n\u00eb t\u00eb cilat nj\u00eb k\u00ebrkes\u00eb mund t\u00eb refuzohet si e papranueshme dhe parashikon q\u00eb shqyrtimi i k\u00ebrkesave t\u00eb mund t\u00eb kryhet edhe n\u00eb vende t\u00eb treta t\u00eb sigurta.<\/p>\n","protected":false},"excerpt":{"rendered":"<p>Bashkimi Evropian ka vendosur q\u00eb Kosova dhe shtat\u00eb vende t\u00eb tjera t\u00eb konsiderohen si \u201ct\u00eb sigurta\u201d p\u00ebr azil. Ky vendim \u00ebsht\u00eb b\u00ebr\u00eb i ditur p\u00ebrmes nj\u00eb komunikate t\u00eb K\u00ebshillit Evropian. \u201cSot, K\u00ebshilli ka miratuar q\u00ebndrimin e tij mbi dy aktet ligjore t\u00eb BE-s\u00eb, t\u00eb cilat do t\u00eb forcojn\u00eb zbatimin praktik t\u00eb koncepteve kryesore mbi vendet [&hellip;]<\/p>\n","protected":false},"author":1,"featured_media":8591,"comment_status":"closed","ping_status":"closed","sticky":false,"template":"","format":"standard","meta":{"footnotes":""},"categories":[105],"tags":[],"class_list":{"0":"post-8590","1":"post","2":"type-post","3":"status-publish","4":"format-standard","5":"has-post-thumbnail","7":"category-europa"},"_links":{"self":[{"href":"https:\/\/syri.tv\/index.php?rest_route=\/wp\/v2\/posts\/8590","targetHints":{"allow":["GET"]}}],"collection":[{"href":"https:\/\/syri.tv\/index.php?rest_route=\/wp\/v2\/posts"}],"about":[{"href":"https:\/\/syri.tv\/index.php?rest_route=\/wp\/v2\/types\/post"}],"author":[{"embeddable":true,"href":"https:\/\/syri.tv\/index.php?rest_route=\/wp\/v2\/users\/1"}],"replies":[{"embeddable":true,"href":"https:\/\/syri.tv\/index.php?rest_route=%2Fwp%2Fv2%2Fcomments&post=8590"}],"version-history":[{"count":1,"href":"https:\/\/syri.tv\/index.php?rest_route=\/wp\/v2\/posts\/8590\/revisions"}],"predecessor-version":[{"id":8592,"href":"https:\/\/syri.tv\/index.php?rest_route=\/wp\/v2\/posts\/8590\/revisions\/8592"}],"wp:featuredmedia":[{"embeddable":true,"href":"https:\/\/syri.tv\/index.php?rest_route=\/wp\/v2\/media\/8591"}],"wp:attachment":[{"href":"https:\/\/syri.tv\/index.php?rest_route=%2Fwp%2Fv2%2Fmedia&parent=8590"}],"wp:term":[{"taxonomy":"category","embeddable":true,"href":"https:\/\/syri.tv\/index.php?rest_route=%2Fwp%2Fv2%2Fcategories&post=8590"},{"taxonomy":"post_tag","embeddable":true,"href":"https:\/\/syri.tv\/index.php?rest_route=%2Fwp%2Fv2%2Ftags&post=8590"}],"curies":[{"name":"wp","href":"https:\/\/api.w.org\/{rel}","templated":true}]}}