{"id":8586,"date":"2025-12-08T15:40:43","date_gmt":"2025-12-08T15:40:43","guid":{"rendered":"https:\/\/syri.tv\/?p=8586"},"modified":"2025-12-08T15:40:43","modified_gmt":"2025-12-08T15:40:43","slug":"konsullata-e-republikes-se-kosoves-ne-cyrih-dhe-shoqata-parandalo-organizon-diten-nderkombetare-te-te-drejtave-te-njeriut","status":"publish","type":"post","link":"https:\/\/syri.tv\/?p=8586","title":{"rendered":"Konsullata e Republik\u00ebs s\u00eb Kosov\u00ebs n\u00eb Cyrih, dhe Shoqata Parandalo organizon Dit\u00ebn Nd\u00ebrkomb\u00ebtare t\u00eb t\u00eb Drejtave t\u00eb Njeriut"},"content":{"rendered":"<p>Konsullata e Republik\u00ebs s\u00eb Kosov\u00ebs n\u00eb Cyrih, n\u00eb bashk\u00ebpunim me Shoqat\u00ebn Parandalo, ka k\u00ebnaq\u00ebsin\u00eb t\u00eb ftoj\u00eb t\u00eb gjith\u00eb t\u00eb interesuarit t\u00eb marrin pjes\u00eb n\u00eb aktivitetin solemn t\u00eb organizuar me rastin e Dit\u00ebs Nd\u00ebrkomb\u00ebtare t\u00eb t\u00eb Drejtave t\u00eb Njeriut, dit\u00eb q\u00eb sh\u00ebnon miratimin e Deklarat\u00ebs Universale t\u00eb t\u00eb Drejtave t\u00eb Njeriut.<\/p>\n<p>Ky aktivitet ka p\u00ebr synim t\u00eb theksoj\u00eb r\u00ebnd\u00ebsin\u00eb e angazhimit t\u00eb p\u00ebrbashk\u00ebt, gjith\u00ebp\u00ebrfshir\u00ebs dhe nd\u00ebrinstitucional n\u00eb promovimin dhe mbrojtjen e t\u00eb drejtave dhe lirive themelore t\u00eb njeriut.<\/p>\n<p>\ud83d\udcc5 Data: E enjte, 11 dhjetor 2025<br \/>\n\u23f0 Ora: 18:00<br \/>\n\ud83d\udccd Vendi: GZ Oerlikon, Gubelstrasse 10, 8050 Z\u00fcrich<\/p>\n<p>Ju lutemi t\u00eb konfirmoni pjes\u00ebmarrjen tuaj deri m\u00eb 9 dhjetor 2025 n\u00eb adres\u00ebn e e-mailit: dashurije.hamiti@rks-gov.net<\/p>\n<p>Me respekt,<br \/>\nKonsullata e Republik\u00ebs s\u00eb Kosov\u00ebs n\u00eb Cyrih<\/p>\n","protected":false},"excerpt":{"rendered":"<p>Konsullata e Republik\u00ebs s\u00eb Kosov\u00ebs n\u00eb Cyrih, n\u00eb bashk\u00ebpunim me Shoqat\u00ebn Parandalo, ka k\u00ebnaq\u00ebsin\u00eb t\u00eb ftoj\u00eb t\u00eb gjith\u00eb t\u00eb interesuarit t\u00eb marrin pjes\u00eb n\u00eb aktivitetin solemn t\u00eb organizuar me rastin e Dit\u00ebs Nd\u00ebrkomb\u00ebtare t\u00eb t\u00eb Drejtave t\u00eb Njeriut, dit\u00eb q\u00eb sh\u00ebnon miratimin e Deklarat\u00ebs Universale t\u00eb t\u00eb Drejtave t\u00eb Njeriut. Ky aktivitet ka p\u00ebr synim [&hellip;]<\/p>\n","protected":false},"author":1,"featured_media":8588,"comment_status":"closed","ping_status":"closed","sticky":false,"template":"","format":"standard","meta":{"footnotes":""},"categories":[2],"tags":[],"class_list":{"0":"post-8586","1":"post","2":"type-post","3":"status-publish","4":"format-standard","5":"has-post-thumbnail","7":"category-zvicer"},"_links":{"self":[{"href":"https:\/\/syri.tv\/index.php?rest_route=\/wp\/v2\/posts\/8586","targetHints":{"allow":["GET"]}}],"collection":[{"href":"https:\/\/syri.tv\/index.php?rest_route=\/wp\/v2\/posts"}],"about":[{"href":"https:\/\/syri.tv\/index.php?rest_route=\/wp\/v2\/types\/post"}],"author":[{"embeddable":true,"href":"https:\/\/syri.tv\/index.php?rest_route=\/wp\/v2\/users\/1"}],"replies":[{"embeddable":true,"href":"https:\/\/syri.tv\/index.php?rest_route=%2Fwp%2Fv2%2Fcomments&post=8586"}],"version-history":[{"count":1,"href":"https:\/\/syri.tv\/index.php?rest_route=\/wp\/v2\/posts\/8586\/revisions"}],"predecessor-version":[{"id":8589,"href":"https:\/\/syri.tv\/index.php?rest_route=\/wp\/v2\/posts\/8586\/revisions\/8589"}],"wp:featuredmedia":[{"embeddable":true,"href":"https:\/\/syri.tv\/index.php?rest_route=\/wp\/v2\/media\/8588"}],"wp:attachment":[{"href":"https:\/\/syri.tv\/index.php?rest_route=%2Fwp%2Fv2%2Fmedia&parent=8586"}],"wp:term":[{"taxonomy":"category","embeddable":true,"href":"https:\/\/syri.tv\/index.php?rest_route=%2Fwp%2Fv2%2Fcategories&post=8586"},{"taxonomy":"post_tag","embeddable":true,"href":"https:\/\/syri.tv\/index.php?rest_route=%2Fwp%2Fv2%2Ftags&post=8586"}],"curies":[{"name":"wp","href":"https:\/\/api.w.org\/{rel}","templated":true}]}}