{"id":8567,"date":"2025-12-07T17:16:13","date_gmt":"2025-12-07T17:16:13","guid":{"rendered":"https:\/\/syri.tv\/?p=8567"},"modified":"2025-12-07T17:16:13","modified_gmt":"2025-12-07T17:16:13","slug":"familja-e-njohur-geci-sjell-nje-kandidat-te-ri-ne-politike","status":"publish","type":"post","link":"https:\/\/syri.tv\/?p=8567","title":{"rendered":"Familja e njohur Geci sjell nj\u00eb kandidat t\u00eb ri n\u00eb politik\u00eb"},"content":{"rendered":"<p>Fatos Halil Geci shpall kandidatur\u00ebn nga GUXO \u2013 VET\u00cbVENDOSJE Prishtin\u00eb \u2013 Nj\u00eb em\u00ebr i njohur nga familja Geci, e cila ka l\u00ebn\u00eb gjurm\u00eb n\u00eb shqiptari,<\/p>\n<p>Fatos Geci ka hyr\u00eb zyrtarisht n\u00eb gar\u00ebn politike. Fatos Halil Geci ka shpallur kandidatur\u00ebn e tij p\u00ebrmes nj\u00eb postimi n\u00eb Facebook, duke u rreshtuar n\u00eb krah t\u00eb subjektit GUXO \u2013 VET\u00cbVENDOSJE. N\u00eb deklarat\u00ebn e tij,<\/p>\n<p>Geci ka theksuar se kandidatura vjen pas nj\u00eb karriere t\u00eb suksesshme akademike. Ai \u00ebsht\u00eb p\u00ebrfitues i tre bursave nd\u00ebrkomb\u00ebtare n\u00eb nivel doktorate dhe doktor shkence n\u00eb fush\u00ebn e ekonomis\u00eb. \u201cJam i gatsh\u00ebm t\u00eb kontribuoj aty ku vendi ka m\u00eb s\u00eb shumti nevoj\u00eb \u2013 n\u00eb zhvillimin ekonomik,\u201d ka shkruar ai. Duke u rritur n\u00eb nj\u00eb familje t\u00eb njohur,<\/p>\n<p>Geci ka p\u00ebrmendur edukimin e marr\u00eb nga babai i tij, Halil Geci, si udh\u00ebrr\u00ebfyes n\u00eb ruajtjen e dinjitetit dhe parimeve. \u201cInteresi personal nuk mund t\u00eb q\u00ebndroj\u00eb mbi interesin komb\u00ebtar,\u201d ka theksuar ai.<\/p>\n<p>Kandidatura e tij pritet t\u00eb zgjoj\u00eb interes t\u00eb madh, jo vet\u00ebm p\u00ebr profilin akademik, por edhe p\u00ebr faktin se vjen nga nj\u00eb familje q\u00eb ka dh\u00ebn\u00eb kontribut t\u00eb r\u00ebnd\u00ebsish\u00ebm n\u00eb historin\u00eb dhe shoq\u00ebrin\u00eb shqiptare.<\/p>\n","protected":false},"excerpt":{"rendered":"<p>Fatos Halil Geci shpall kandidatur\u00ebn nga GUXO \u2013 VET\u00cbVENDOSJE Prishtin\u00eb \u2013 Nj\u00eb em\u00ebr i njohur nga familja Geci, e cila ka l\u00ebn\u00eb gjurm\u00eb n\u00eb shqiptari, Fatos Geci ka hyr\u00eb zyrtarisht n\u00eb gar\u00ebn politike. Fatos Halil Geci ka shpallur kandidatur\u00ebn e tij p\u00ebrmes nj\u00eb postimi n\u00eb Facebook, duke u rreshtuar n\u00eb krah t\u00eb subjektit GUXO \u2013 [&hellip;]<\/p>\n","protected":false},"author":1,"featured_media":8568,"comment_status":"closed","ping_status":"closed","sticky":false,"template":"","format":"standard","meta":{"footnotes":""},"categories":[9],"tags":[],"class_list":{"0":"post-8567","1":"post","2":"type-post","3":"status-publish","4":"format-standard","5":"has-post-thumbnail","7":"category-vendi"},"_links":{"self":[{"href":"https:\/\/syri.tv\/index.php?rest_route=\/wp\/v2\/posts\/8567","targetHints":{"allow":["GET"]}}],"collection":[{"href":"https:\/\/syri.tv\/index.php?rest_route=\/wp\/v2\/posts"}],"about":[{"href":"https:\/\/syri.tv\/index.php?rest_route=\/wp\/v2\/types\/post"}],"author":[{"embeddable":true,"href":"https:\/\/syri.tv\/index.php?rest_route=\/wp\/v2\/users\/1"}],"replies":[{"embeddable":true,"href":"https:\/\/syri.tv\/index.php?rest_route=%2Fwp%2Fv2%2Fcomments&post=8567"}],"version-history":[{"count":1,"href":"https:\/\/syri.tv\/index.php?rest_route=\/wp\/v2\/posts\/8567\/revisions"}],"predecessor-version":[{"id":8569,"href":"https:\/\/syri.tv\/index.php?rest_route=\/wp\/v2\/posts\/8567\/revisions\/8569"}],"wp:featuredmedia":[{"embeddable":true,"href":"https:\/\/syri.tv\/index.php?rest_route=\/wp\/v2\/media\/8568"}],"wp:attachment":[{"href":"https:\/\/syri.tv\/index.php?rest_route=%2Fwp%2Fv2%2Fmedia&parent=8567"}],"wp:term":[{"taxonomy":"category","embeddable":true,"href":"https:\/\/syri.tv\/index.php?rest_route=%2Fwp%2Fv2%2Fcategories&post=8567"},{"taxonomy":"post_tag","embeddable":true,"href":"https:\/\/syri.tv\/index.php?rest_route=%2Fwp%2Fv2%2Ftags&post=8567"}],"curies":[{"name":"wp","href":"https:\/\/api.w.org\/{rel}","templated":true}]}}