{"id":8557,"date":"2025-12-05T11:10:59","date_gmt":"2025-12-05T11:10:59","guid":{"rendered":"https:\/\/syri.tv\/?p=8557"},"modified":"2025-12-05T11:10:59","modified_gmt":"2025-12-05T11:10:59","slug":"lumir-presheva-po-ju-perdor-si-gangster-halil-geci-kritikon-publikisht-vellain-e-tij-fadilin","status":"publish","type":"post","link":"https:\/\/syri.tv\/?p=8557","title":{"rendered":"\u201cLumir Presheva po ju p\u00ebrdor si gangster\u201d \u2013 Halil Geci kritikon publikisht v\u00ebllain e tij, Fadilin"},"content":{"rendered":"<p><strong>Fadil Geci, i cili do t\u00eb jet\u00eb pjes\u00eb e list\u00ebs s\u00eb LDK-s\u00eb p\u00ebr deputet n\u00eb zgjedhjet parlamentare t\u00eb 28 dhjetorit, \u00ebsht\u00eb kritikuar publikisht nga v\u00ebllai i tij, Halil Geci.<\/strong><\/p>\n<p>P\u00ebrmes nj\u00eb postimi n\u00eb Facebook, Halil Geci i ka k\u00ebrkuar Fadilit t\u00eb tregoj\u00eb kujdes ndaj kryetarit t\u00eb LDK-s\u00eb, Lumir Abdixhiku.<\/p>\n<p>Ai \u00ebsht\u00eb shprehur se:\u00a0<em>\u201cLumir Presheva po ju p\u00ebrdor si gangster\u00eb p\u00ebr t\u00eb shar\u00eb dhe etiketuar t\u00eb tjer\u00ebt.\u201d<\/em><\/p>\n<p>Nd\u00ebrkoh\u00eb, v\u00ebllai i tij nuk ka kursyer fjal\u00ebt e mira p\u00ebr kryeministrin Albin Kurti, duke b\u00ebr\u00eb nj\u00eb krahasim mes figurave historike dhe sfidave t\u00eb udh\u00ebheq\u00ebsve shqiptar\u00eb.<\/p>\n<p><em>\u201cKRITIK\u00cb E VOGL\u00cb SI NJ\u00cb GOG\u00cbL, POR E MADHE SI NJ\u00cb MINARE \u2013 P\u00cbR V\u00cbLLAIN TIM, FADILIN. T\u2019i quash m\u00eb shum\u00eb se gjysm\u00ebn e shqiptar\u00ebve \u2018pro-rus\u00eb\u2019 dhe Kurtin \u2018prij\u00ebs t\u00eb tyre\u2019 \u00ebsht\u00eb nj\u00ebsoj si t\u00eb thuash se Hasan Prishtina ka qen\u00eb tradhtar ose i lidhur me Rusin\u00eb<\/em>.\u201d<\/p>\n<p>Halil Geci shton se Kurti, ndon\u00ebse nuk ka pasur luksin dhe mund\u00ebsit\u00eb e Hasan Prishtin\u00ebs, ka p\u00ebrballuar presionin dhe k\u00ebrc\u00ebnimet e Serbis\u00eb, duke punuar p\u00ebr bashkimin komb\u00ebtar dhe ruajtjen e sovranitetit t\u00eb vendit.<\/p>\n<div class=\"des-adv jashtshteti\"><ins id=\"revive-0-2\" data-revive-zoneid=\"2\" data-revive-id=\"72a2027980ba5271e779e821c7719f8a\" data-revive-seq=\"2\" data-revive-loaded=\"1\"><\/p>\n<div id=\"beacon_091f784c23\"><img loading=\"lazy\" loading=\"lazy\" decoding=\"async\" src=\"https:\/\/insajderi.org\/ads\/www\/delivery\/lg.php?bannerid=0&amp;campaignid=0&amp;zoneid=2&amp;loc=https%3A%2F%2Finsajderi.org%2Flumir-presheva-po-ju-perdor-si-gangster-halil-geci-kritikon-publikisht-vellain-e-tij-fadilin%2F%3Ffbclid%3DIwY2xjawOfnE1leHRuA2FlbQIxMABicmlkETF3ZnVHaVJJWnloYlBPMmV2c3J0YwZhcHBfaWQQMjIyMDM5MTc4ODIwMDg5MgABHqUFIje19lyo7e1vHAi--vHWNRb3oa3nsAxB7y-aOmxW7BGjg6HE-6-IBwuK_aem_j49imIW0d_uZEU8ZFu3T9A%26brid%3DLaEAN26uU4n21BEwHkK-Aw&amp;referer=https%3A%2F%2Finsajderi.org%2Flumir-presheva-po-ju-perdor-si-gangster-halil-geci-kritikon-publikisht-vellain-e-tij-fadilin%2F%3Ffbclid%3DIwY2xjawOfnE1leHRuA2FlbQIxMABicmlkETF3ZnVHaVJJWnloYlBPMmV2c3J0YwZhcHBfaWQQMjIyMDM5MTc4ODIwMDg5MgABHqUFIje19lyo7e1vHAi--vHWNRb3oa3nsAxB7y-aOmxW7BGjg6HE-6-IBwuK_aem_j49imIW0d_uZEU8ZFu3T9A%26brid%3DLaEAN26uU4n21BEwHkK-Aw%26__cf_chl_tk%3DpfCJOp8SNyIgle8GNcfieAQAvylJn.h3Zn8U6KkIDdA-1764932862-1.0.1.1-trJoTsut0CjLNhaZ4M9SSkjg47UF2JDx4VxaWS8n3Hs&amp;cb=091f784c23\" alt=\"\" width=\"0\" height=\"0\" \/><\/div>\n<p><\/ins><\/div>\n<p>Ai paralajm\u00ebron v\u00ebllain e tij p\u00ebr sjelljen publike dhe p\u00ebr ndikimin e \u201cLumir Preshev\u00ebs\u201d:<\/p>\n<p><em>\u201cJu them si v\u00eblla: keni kujdes se si silleni para publikut. Po tregoheni tep\u00ebr t\u00eb vegj\u00ebl para mediave, saq\u00eb un\u00eb personalisht po ndihem shum\u00eb keq. Lumir Presheva po ju p\u00ebrdor si gangster\u00eb p\u00ebr t\u00eb shar\u00eb dhe etiketuar t\u00eb tjer\u00ebt. N\u00eb fund, ju them hapur: n\u00ebse ju duket mir\u00eb, vazhdoni, por jeni duke gabuar r\u00ebnd\u00eb. Ne nuk jemi as Lumir Presheva, as Sami Lushtaku as Hashim Tha\u00e7i. Duhet pasur kujdes n\u00eb veprime dhe n\u00eb fjal\u00eb.\u201d<\/em>, shkroi ai.<\/p>\n<div class=\"des-adv jashtshteti\"><ins id=\"revive-0-3\" data-revive-zoneid=\"2\" data-revive-id=\"72a2027980ba5271e779e821c7719f8a\" data-revive-seq=\"3\" data-revive-loaded=\"1\"><\/p>\n<div id=\"beacon_f38c552d4b\"><img loading=\"lazy\" loading=\"lazy\" decoding=\"async\" src=\"https:\/\/insajderi.org\/ads\/www\/delivery\/lg.php?bannerid=0&amp;campaignid=0&amp;zoneid=2&amp;loc=https%3A%2F%2Finsajderi.org%2Flumir-presheva-po-ju-perdor-si-gangster-halil-geci-kritikon-publikisht-vellain-e-tij-fadilin%2F%3Ffbclid%3DIwY2xjawOfnE1leHRuA2FlbQIxMABicmlkETF3ZnVHaVJJWnloYlBPMmV2c3J0YwZhcHBfaWQQMjIyMDM5MTc4ODIwMDg5MgABHqUFIje19lyo7e1vHAi--vHWNRb3oa3nsAxB7y-aOmxW7BGjg6HE-6-IBwuK_aem_j49imIW0d_uZEU8ZFu3T9A%26brid%3DLaEAN26uU4n21BEwHkK-Aw&amp;referer=https%3A%2F%2Finsajderi.org%2Flumir-presheva-po-ju-perdor-si-gangster-halil-geci-kritikon-publikisht-vellain-e-tij-fadilin%2F%3Ffbclid%3DIwY2xjawOfnE1leHRuA2FlbQIxMABicmlkETF3ZnVHaVJJWnloYlBPMmV2c3J0YwZhcHBfaWQQMjIyMDM5MTc4ODIwMDg5MgABHqUFIje19lyo7e1vHAi--vHWNRb3oa3nsAxB7y-aOmxW7BGjg6HE-6-IBwuK_aem_j49imIW0d_uZEU8ZFu3T9A%26brid%3DLaEAN26uU4n21BEwHkK-Aw%26__cf_chl_tk%3DpfCJOp8SNyIgle8GNcfieAQAvylJn.h3Zn8U6KkIDdA-1764932862-1.0.1.1-trJoTsut0CjLNhaZ4M9SSkjg47UF2JDx4VxaWS8n3Hs&amp;cb=f38c552d4b\" alt=\"\" width=\"0\" height=\"0\" \/><\/div>\n<p><\/ins><\/div>\n<p><iframe loading=\"lazy\" src=\"https:\/\/www.facebook.com\/plugins\/post.php?href=https%3A%2F%2Fwww.facebook.com%2Fhalil.geci%2Fposts%2Fpfbid0K6Xn6Y9WqPtekhdde4VsDsxqJCb4uCRp2RnqpHkyzE2N6yEu6toUAc6uJLaWxbLYl&amp;show_text=true&amp;width=500\" width=\"500\" height=\"717\" frameborder=\"0\" scrolling=\"no\" allowfullscreen=\"allowfullscreen\" data-mce-fragment=\"1\"><\/iframe><\/p>\n","protected":false},"excerpt":{"rendered":"<p>Fadil Geci, i cili do t\u00eb jet\u00eb pjes\u00eb e list\u00ebs s\u00eb LDK-s\u00eb p\u00ebr deputet n\u00eb zgjedhjet parlamentare t\u00eb 28 dhjetorit, \u00ebsht\u00eb kritikuar publikisht nga v\u00ebllai i tij, Halil Geci. P\u00ebrmes nj\u00eb postimi n\u00eb Facebook, Halil Geci i ka k\u00ebrkuar Fadilit t\u00eb tregoj\u00eb kujdes ndaj kryetarit t\u00eb LDK-s\u00eb, Lumir Abdixhiku. Ai \u00ebsht\u00eb shprehur se:\u00a0\u201cLumir Presheva po [&hellip;]<\/p>\n","protected":false},"author":1,"featured_media":8558,"comment_status":"closed","ping_status":"closed","sticky":false,"template":"","format":"standard","meta":{"footnotes":""},"categories":[2],"tags":[],"class_list":{"0":"post-8557","1":"post","2":"type-post","3":"status-publish","4":"format-standard","5":"has-post-thumbnail","7":"category-zvicer"},"_links":{"self":[{"href":"https:\/\/syri.tv\/index.php?rest_route=\/wp\/v2\/posts\/8557","targetHints":{"allow":["GET"]}}],"collection":[{"href":"https:\/\/syri.tv\/index.php?rest_route=\/wp\/v2\/posts"}],"about":[{"href":"https:\/\/syri.tv\/index.php?rest_route=\/wp\/v2\/types\/post"}],"author":[{"embeddable":true,"href":"https:\/\/syri.tv\/index.php?rest_route=\/wp\/v2\/users\/1"}],"replies":[{"embeddable":true,"href":"https:\/\/syri.tv\/index.php?rest_route=%2Fwp%2Fv2%2Fcomments&post=8557"}],"version-history":[{"count":1,"href":"https:\/\/syri.tv\/index.php?rest_route=\/wp\/v2\/posts\/8557\/revisions"}],"predecessor-version":[{"id":8559,"href":"https:\/\/syri.tv\/index.php?rest_route=\/wp\/v2\/posts\/8557\/revisions\/8559"}],"wp:featuredmedia":[{"embeddable":true,"href":"https:\/\/syri.tv\/index.php?rest_route=\/wp\/v2\/media\/8558"}],"wp:attachment":[{"href":"https:\/\/syri.tv\/index.php?rest_route=%2Fwp%2Fv2%2Fmedia&parent=8557"}],"wp:term":[{"taxonomy":"category","embeddable":true,"href":"https:\/\/syri.tv\/index.php?rest_route=%2Fwp%2Fv2%2Fcategories&post=8557"},{"taxonomy":"post_tag","embeddable":true,"href":"https:\/\/syri.tv\/index.php?rest_route=%2Fwp%2Fv2%2Ftags&post=8557"}],"curies":[{"name":"wp","href":"https:\/\/api.w.org\/{rel}","templated":true}]}}