{"id":8553,"date":"2025-12-05T10:57:52","date_gmt":"2025-12-05T10:57:52","guid":{"rendered":"https:\/\/syri.tv\/?p=8553"},"modified":"2025-12-05T10:57:52","modified_gmt":"2025-12-05T10:57:52","slug":"kunder-normalizimit-te-gjuhes-ofenduese","status":"publish","type":"post","link":"https:\/\/syri.tv\/?p=8553","title":{"rendered":"Kund\u00ebr normalizimit t\u00eb gjuh\u00ebs ofenduese!"},"content":{"rendered":"<div class=\"x14z9mp xat24cr x1lziwak x1vvkbs xtlvy1s x126k92a\">\n<div dir=\"auto\">Nga Salih Sefa<\/div>\n<div dir=\"auto\">04.12.2025<\/div>\n<div dir=\"auto\">CH<\/div>\n<\/div>\n<div class=\"x14z9mp xat24cr x1lziwak x1vvkbs xtlvy1s x126k92a\">\n<div dir=\"auto\">Ka disa vite n\u00eb Kosov\u00eb po v\u00ebrehet nj\u00eb degradim i ndjesh\u00ebm i m\u00ebnyr\u00ebs s\u00eb komunikimit publik. Ajo q\u00eb duhej t\u00eb ishte debat,e me kufij t\u00eb qart\u00eb etik dhe moral, sot po transformohet n\u00eb nj\u00eb aren\u00eb sharjesh, n\u00ebn\u00e7mimesh, urrejtjesh dhe sulmesh personale. Gjuha ofenduese, shpif\u00ebse dhe jofaktike \u00ebsht\u00eb shnd\u00ebrruar pothuajse n\u00eb mjet t\u00eb zakonsh\u00ebm t\u00eb luft\u00ebs politike e q\u00eb ka filluar t\u00eb p\u00ebrhapet, t\u00eb injektohet e t\u00eb p\u00ebrdoret kund\u00ebr \u00e7do qytetari, intelektuali, gazetari apo individi q\u00eb guxon t\u00eb ket\u00eb nj\u00eb mendim ndryshe.!<\/div>\n<\/div>\n<div class=\"x14z9mp xat24cr x1lziwak x1vvkbs xtlvy1s x126k92a\">\n<div dir=\"auto\">Ky fenomen nuk \u00ebsht\u00eb thjesht nj\u00eb problem etik,\u00ebsht\u00eb nj\u00eb k\u00ebrc\u00ebnim i drejtp\u00ebrdrejt\u00eb p\u00ebr demokracin\u00eb, p\u00ebr paqen shoq\u00ebrore dhe p\u00ebr t\u00eb ardhmen e vendit.<\/div>\n<div dir=\"auto\">-N\u00eb vitet e fundit, elita politike ,n\u00eb vend se t\u00eb nd\u00ebrtoj\u00eb kultur\u00ebn e debatit ,shum\u00eb shpesh ka marr\u00eb rolin e promotoreve t\u00eb nj\u00eb gjuhe agresive e polarizuese pa menduar fare pasojat!<\/div>\n<div dir=\"auto\">Kjo gjuh\u00eb e keqperdorur dhe keq interpretuar jep nj\u00eb mesazh t\u00eb rreziksh\u00ebm: n\u00ebse nuk je me mua, je me armikun!<\/div>\n<div dir=\"auto\">-Logjika dyp\u00ebr\u00e7ar\u00ebse shkat\u00ebrron mund\u00ebsin\u00eb e dialogut, e b\u00ebn t\u00eb pamundur kompromisin, dhe prodhon nj\u00eb shoq\u00ebri t\u00eb ndar\u00eb n\u00eb \u201ct\u00eb mir\u00eb\u201d dhe \u201ct\u00eb k\u00ebqij\u201d, n\u00eb \u201ctan\u00ebt\u201d dhe \u201catyre\u201d.<\/div>\n<div dir=\"auto\">-Ajo ul nivelin e debatit publik duke e zhvendosur v\u00ebmendjen nga d\u00ebshtimet n\u00eb kritika p\u00ebr secilin!<\/div>\n<div dir=\"auto\">-Kur funksionon shteti, politika flet me argumente. -Kur institucionet d\u00ebshtojn\u00eb, gjuha b\u00ebhet arm\u00eb. Sulmet personale, fyerjet dhe shpifjet pa zgjedhur mjete,jan\u00eb simptom\u00eb e nj\u00eb sistemi jo funksional t\u00eb sistemit juridik!<\/div>\n<div dir=\"auto\">-P\u00ebrdorimi i gjuh\u00ebs s\u00eb r\u00ebnd\u00eb nuk \u00ebsht\u00eb shenj\u00eb kulture e as force: \u00ebsht\u00eb shenj\u00eb mungese vizioni, si dhe shenj\u00eb mungese t\u00eb siguris\u00eb dhe paaft\u00ebsis\u00eb p\u00ebr t\u00eb udh\u00ebhequr. Kjo tregon se politika, n\u00eb vend t\u00eb ofert\u00ebs, po zgjedh kund\u00ebrv\u00ebnien,n\u00eb vend t\u00eb p\u00ebrgjegj\u00ebsis\u00eb, po zgjedh akuz\u00ebn,n\u00eb vend t\u00eb kultur\u00ebs s\u00eb shtetnd\u00ebrtimit, po kultivon kultur\u00ebn e p\u00ebr\u00e7arjes dhe rr\u00ebnimit!<\/div>\n<div dir=\"auto\">-Gjuha e disa udh\u00ebheq\u00ebsve partiak form\u00ebson sjelljen e shoq\u00ebris\u00eb. Kur sulmet normalizohen n\u00eb Kuvend, gjuha e urrejtjes normalizohet edhe n\u00eb institucione,n\u00eb rrjete sociale, n\u00eb media, n\u00eb familje, madje edhe n\u00eb shkolla.<\/div>\n<div dir=\"auto\">-Rritja e urrejtjes dhe p\u00ebdorimi i gjuh\u00ebs p\u00ebr\u00e7ar\u00ebse e denigruese madje edhe fashiste mes grupeve t\u00eb ndryshme n\u00eb shoq\u00ebrin\u00eb ton\u00eb, na qon deri n\u00eb rrezikim t\u00eb siguris\u00eb nacionale!<\/div>\n<div dir=\"auto\">Andaj:<\/div>\n<div dir=\"auto\">-N\u00ebse vazhdohet k\u00ebshtu, pasojat do t\u00eb jen\u00eb shum\u00eb m\u00eb t\u00eb thella: polarizim i pakthyesh\u00ebm, mungesa e bashk\u00ebpunimit institucional, mosbesimi i nd\u00ebrsjell\u00eb do na sjellin n\u00eb kthim mrapa dhe do t\u00eb p\u00ebrseritet bllokada t\u00eb cil\u00ebn nuk e deshiron m\u00eb asnj\u00eb qytetar\u00eb i Republik\u00ebs!<\/div>\n<div dir=\"auto\">-Secili qytetar\u00eb q\u00eb i deshiron m\u00eb t\u00eb mir\u00ebn k\u00ebti vendi, k\u00ebrkon kthes\u00eb t\u00eb qart\u00eb p\u00ebr vet\u00ebdij\u00ebsim, nj\u00eb rikthim t\u00eb argumentit,te respektit,te fakti dhe te p\u00ebrgjegj\u00ebsia.<\/div>\n<div dir=\"auto\">-K\u00ebrkohet me urgjenc\u00eb p\u00ebrgjegj\u00ebsi politike, ku lider\u00ebt,subjektet dhe individ\u00ebt t\u00eb distancohen nga gjuha denigruese pa marr\u00eb parasysh nga kush dhe nga cili taborr vie,<span class=\"html-span xdj266r x14z9mp xat24cr x1lziwak xexx8yu xyri2b x18d9i69 x1c1uobl x1hl2dhg x16tdsg8 x1vvkbs\"><a class=\"x1i10hfl xjbqb8w x1ejq31n x18oe1m7 x1sy0etr xstzfhl x972fbf x10w94by x1qhh985 x14e42zd x9f619 x1ypdohk xt0psk2 x3ct3a4 xdj266r x14z9mp xat24cr x1lziwak xexx8yu xyri2b x18d9i69 x1c1uobl x16tdsg8 x1hl2dhg xggy1nq x1a2a7pz xkrqix3 x1sur9pj x1fey0fg x1s688f\" tabindex=\"0\" role=\"link\" href=\"https:\/\/www.facebook.com\/hashtag\/qoft?__eep__=6&amp;__cft__[0]=AZXwpni2twAelPtMmGOY5PSlqRJH4E8Iq5ecNjpvidU0cqi8YEYxezXuU9w2w52wYkgLLg7-LNHD12CyiVMm8wr7xd8nXltfH1zZNDGttpGCdTFPmxtdAB-MRS-EsER4tgfXlC4sx6ZVG59K-e78LpHHujASsarChOn6IMjRpVFM8w_ymJx_JscNiyBkjTyvij5Kju-kqkYyRpbY1RDyd98D&amp;__tn__=*NK-R\">#qoft<\/a><\/span> edhe nga i \u201eforti\u201c.<\/div>\n<div dir=\"auto\">-T\u00eb ngritet niveli n\u00eb media profesionale, t\u00eb funksionoj gazetaria hulumtuse ,te k\u00ebrkohen hulumtime faktike e jo hulumtime p\u00ebr krijimin e konflikteve artificiale dhe p\u00ebr interesin e klikimeve!<\/div>\n<div dir=\"auto\">-K\u00ebrkes\u00eb p\u00ebr shoq\u00ebrit\u00eb civile q\u00eb t\u00eb jen\u00eb m\u00eb aktive,n\u00eb reagimin e menj\u00ebhersh\u00ebm ndaj gjuh\u00ebs s\u00eb urrejtjes !<\/div>\n<\/div>\n<div class=\"x14z9mp xat24cr x1lziwak x1vvkbs xtlvy1s x126k92a\">\n<div dir=\"auto\">-Nuk \u00ebsht\u00eb e tep\u00ebrt t\u00eb thuhet se gjuha q\u00eb p\u00ebrdorim sot,do t\u00eb jet\u00eb realiteti n\u00eb t\u00eb cilin do t\u00eb jetojm\u00eb nes\u00ebr.<\/div>\n<div dir=\"auto\">-N\u00ebse kultivojm\u00eb p\u00ebr\u00e7arje, nes\u00ebr do t\u00eb kemi shoq\u00ebri t\u00eb cop\u00ebtuar e t\u00eb rrezikuar!<\/div>\n<\/div>\n<div class=\"x14z9mp xat24cr x1lziwak x1vvkbs xtlvy1s x126k92a\">\n<div dir=\"auto\">-Thirrje p\u00ebr t\u00eb gjith\u00eb, q\u00eb t\u00eb reflektojn\u00eb me nj\u00eb k\u00ebrkimfalje nga t\u00eb gjith\u00eb akter\u00ebt e p\u00ebrfshir\u00eb n\u00eb k\u00ebt\u00eb karambollazh\u00eb tmerruese sepse:<\/div>\n<\/div>\n<div class=\"x14z9mp xat24cr x1lziwak x1vvkbs xtlvy1s x126k92a\">\n<div dir=\"auto\">-Vet\u00ebm, dhe vet\u00ebm k\u00ebshtu mund t\u00eb nd\u00ebrtohet nj\u00eb hap\u00ebsir\u00eb publike ku debati \u00ebsht\u00eb pasuri e jo arm\u00eb.<\/div>\n<\/div>\n<div class=\"x14z9mp xat24cr x1lziwak x1vvkbs xtlvy1s x126k92a\">\n<div dir=\"auto\">-Vet\u00ebm k\u00ebshtu nd\u00ebrtohet ky vend i ujitur me gjak e t\u00eb cilin e duam t\u00eb gjith\u00eb bashk!<span class=\"html-span xexx8yu xyri2b x18d9i69 x1c1uobl x1hl2dhg x16tdsg8 x1vvkbs x3nfvp2 x1j61x8r x1fcty0u xdj266r xat24cr xm2jcoa x1mpyi22 xxymvpz xlup9mm x1kky2od\"><img loading=\"lazy\" loading=\"lazy\" decoding=\"async\" class=\"xz74otr x15mokao x1ga7v0g x16uus16 xbiv7yw\" src=\"https:\/\/static.xx.fbcdn.net\/images\/emoji.php\/v9\/tce\/1\/16\/1f1fd_1f1f0.png\" alt=\"\ud83c\uddfd\ud83c\uddf0\" width=\"16\" height=\"16\" \/><\/span><\/div>\n<\/div>\n","protected":false},"excerpt":{"rendered":"<p>Nga Salih Sefa 04.12.2025 CH Ka disa vite n\u00eb Kosov\u00eb po v\u00ebrehet nj\u00eb degradim i ndjesh\u00ebm i m\u00ebnyr\u00ebs s\u00eb komunikimit publik. Ajo q\u00eb duhej t\u00eb ishte debat,e me kufij t\u00eb qart\u00eb etik dhe moral, sot po transformohet n\u00eb nj\u00eb aren\u00eb sharjesh, n\u00ebn\u00e7mimesh, urrejtjesh dhe sulmesh personale. Gjuha ofenduese, shpif\u00ebse dhe jofaktike \u00ebsht\u00eb shnd\u00ebrruar pothuajse n\u00eb [&hellip;]<\/p>\n","protected":false},"author":1,"featured_media":8555,"comment_status":"closed","ping_status":"closed","sticky":false,"template":"","format":"standard","meta":{"footnotes":""},"categories":[2],"tags":[],"class_list":{"0":"post-8553","1":"post","2":"type-post","3":"status-publish","4":"format-standard","5":"has-post-thumbnail","7":"category-zvicer"},"_links":{"self":[{"href":"https:\/\/syri.tv\/index.php?rest_route=\/wp\/v2\/posts\/8553","targetHints":{"allow":["GET"]}}],"collection":[{"href":"https:\/\/syri.tv\/index.php?rest_route=\/wp\/v2\/posts"}],"about":[{"href":"https:\/\/syri.tv\/index.php?rest_route=\/wp\/v2\/types\/post"}],"author":[{"embeddable":true,"href":"https:\/\/syri.tv\/index.php?rest_route=\/wp\/v2\/users\/1"}],"replies":[{"embeddable":true,"href":"https:\/\/syri.tv\/index.php?rest_route=%2Fwp%2Fv2%2Fcomments&post=8553"}],"version-history":[{"count":1,"href":"https:\/\/syri.tv\/index.php?rest_route=\/wp\/v2\/posts\/8553\/revisions"}],"predecessor-version":[{"id":8556,"href":"https:\/\/syri.tv\/index.php?rest_route=\/wp\/v2\/posts\/8553\/revisions\/8556"}],"wp:featuredmedia":[{"embeddable":true,"href":"https:\/\/syri.tv\/index.php?rest_route=\/wp\/v2\/media\/8555"}],"wp:attachment":[{"href":"https:\/\/syri.tv\/index.php?rest_route=%2Fwp%2Fv2%2Fmedia&parent=8553"}],"wp:term":[{"taxonomy":"category","embeddable":true,"href":"https:\/\/syri.tv\/index.php?rest_route=%2Fwp%2Fv2%2Fcategories&post=8553"},{"taxonomy":"post_tag","embeddable":true,"href":"https:\/\/syri.tv\/index.php?rest_route=%2Fwp%2Fv2%2Ftags&post=8553"}],"curies":[{"name":"wp","href":"https:\/\/api.w.org\/{rel}","templated":true}]}}