{"id":8549,"date":"2025-12-05T10:25:21","date_gmt":"2025-12-05T10:25:21","guid":{"rendered":"https:\/\/syri.tv\/?p=8549"},"modified":"2025-12-05T10:26:03","modified_gmt":"2025-12-05T10:26:03","slug":"agk-me-dallavere-i-mshon-nje-samiu-dhe-perkedhel-tjetrin-sami","status":"publish","type":"post","link":"https:\/\/syri.tv\/?p=8549","title":{"rendered":"AGK me dallavere: i mshon nj\u00eb Samiu dhe p\u00ebrk\u00ebdhel tjetrin Sami"},"content":{"rendered":"<div class=\"x14z9mp xat24cr x1lziwak x1vvkbs xtlvy1s x126k92a\">\n<div dir=\"auto\">G\u00ebzim Mekuli shkruan:<\/div>\n<div dir=\"auto\">Kur nj\u00eb figur\u00eb publike p\u00ebrdor\u00eb fjal\u00ebt posht\u00ebruese \u201cA po i lidh\u00eb k\u00ebto kudrat se boll \u00ebsht\u00eb\u201d, \u00e7do organizat\u00eb serioze e mediave do t\u00eb reagonte menj\u00ebher\u00eb, pa kalkulim, pa frik\u00eb dhe pa konsulta politike.<\/div>\n<\/div>\n<div class=\"x14z9mp xat24cr x1lziwak x1vvkbs xtlvy1s x126k92a\">\n<div dir=\"auto\">Por AGK-ja n\u00eb k\u00ebt\u00eb rast hesht.<\/div>\n<\/div>\n<div class=\"x14z9mp xat24cr x1lziwak x1vvkbs xtlvy1s x126k92a\">\n<div dir=\"auto\">Si mund t\u00eb pretendoj\u00eb AGK-ja se mbron gazetar\u00ebt, kur em\u00ebrimi si \u201ckudra\u201d p\u00ebr grat\u00eb dhe vajzat, nuk mjafton as p\u00ebr nj\u00eb reagim?<\/div>\n<\/div>\n<div class=\"x14z9mp xat24cr x1lziwak x1vvkbs xtlvy1s x126k92a\">\n<div dir=\"auto\">Me \u00e7far\u00eb ftyre del AGK t\u00eb flas\u00eb p\u00ebr barazi, integritet e standarde profesionale?<\/div>\n<\/div>\n<div class=\"x14z9mp xat24cr x1lziwak x1vvkbs xtlvy1s x126k92a\">\n<div dir=\"auto\">Nga frika, nga pazaret, apo nga simpatia politike?<\/div>\n<\/div>\n<div class=\"x14z9mp xat24cr x1lziwak x1vvkbs xtlvy1s x126k92a\">\n<div dir=\"auto\">T\u00eb nderuar lexues,<\/div>\n<div dir=\"auto\">AGK-ja reagon keq kur nj\u00eb Sami tjet\u00ebr flet edhe vet\u00ebm nj\u00eb fjali, bie fjala Kurteshi, por kur n\u00eb publik del Samia tjet\u00ebr, Lushtaku, me gjuh\u00eb t\u00eb ul\u00ebt seksiste, b\u00ebhet e shurdh\u00ebr.<\/div>\n<\/div>\n<div class=\"x14z9mp xat24cr x1lziwak x1vvkbs xtlvy1s x126k92a\">\n<div dir=\"auto\">At\u00ebher\u00eb populli pyet:<\/div>\n<div dir=\"auto\">Me cilin Sami \u00ebsht\u00eb AGK-ja?<\/div>\n<div dir=\"auto\">Me at\u00eb q\u00eb grat\u00eb e vajzat i quan &#171;Kudra&#187;, apo me Samiun tjet\u00ebr q\u00eb kritikon propagand\u00ebn serbe n\u00eb mediat shqipe?<\/div>\n<\/div>\n<div class=\"x14z9mp xat24cr x1lziwak x1vvkbs xtlvy1s x126k92a\">\n<div dir=\"auto\">Nj\u00eb organizat\u00eb (AGK) q\u00eb zgjedh personat e jo parimet, q\u00eb peshon reagimet sipas interesit, jo sipas shkeljes, nuk \u00ebsht\u00eb mbrojt\u00ebse e gazetar\u00ebve e as e fjal\u00ebs s\u00eb lir\u00eb, \u00ebsht\u00eb thjesht nj\u00eb z\u00eb selektiv, i dob\u00ebt, i pabesuesh\u00ebm dhe i d\u00ebmsh\u00ebm p\u00ebr Kosov\u00ebn.<\/div>\n<\/div>\n<div class=\"x14z9mp xat24cr x1lziwak x1vvkbs xtlvy1s x126k92a\">\n<div dir=\"auto\">N\u00ebse AGK-ja nuk \u00ebsht\u00eb n\u00eb gjendje t\u00eb reagoj\u00eb ndaj nj\u00eb gjuhe kaq brutale ndaj vajzave dhe grave, at\u00ebher\u00eb pse egziston?<\/div>\n<\/div>\n<div class=\"x14z9mp xat24cr x1lziwak x1vvkbs xtlvy1s x126k92a\">\n<div dir=\"auto\">Nuk \u00ebsht\u00eb mir\u00eb me kalkulime: jarana me Lushtak\u00eb e armiq\u00eb me Kurtesh\u00eb? Apo jo AGK?<\/div>\n<\/div>\n","protected":false},"excerpt":{"rendered":"<p>G\u00ebzim Mekuli shkruan: Kur nj\u00eb figur\u00eb publike p\u00ebrdor\u00eb fjal\u00ebt posht\u00ebruese \u201cA po i lidh\u00eb k\u00ebto kudrat se boll \u00ebsht\u00eb\u201d, \u00e7do organizat\u00eb serioze e mediave do t\u00eb reagonte menj\u00ebher\u00eb, pa kalkulim, pa frik\u00eb dhe pa konsulta politike. Por AGK-ja n\u00eb k\u00ebt\u00eb rast hesht. Si mund t\u00eb pretendoj\u00eb AGK-ja se mbron gazetar\u00ebt, kur em\u00ebrimi si \u201ckudra\u201d p\u00ebr [&hellip;]<\/p>\n","protected":false},"author":1,"featured_media":8550,"comment_status":"closed","ping_status":"closed","sticky":false,"template":"","format":"standard","meta":{"footnotes":""},"categories":[105],"tags":[],"class_list":{"0":"post-8549","1":"post","2":"type-post","3":"status-publish","4":"format-standard","5":"has-post-thumbnail","7":"category-europa"},"_links":{"self":[{"href":"https:\/\/syri.tv\/index.php?rest_route=\/wp\/v2\/posts\/8549","targetHints":{"allow":["GET"]}}],"collection":[{"href":"https:\/\/syri.tv\/index.php?rest_route=\/wp\/v2\/posts"}],"about":[{"href":"https:\/\/syri.tv\/index.php?rest_route=\/wp\/v2\/types\/post"}],"author":[{"embeddable":true,"href":"https:\/\/syri.tv\/index.php?rest_route=\/wp\/v2\/users\/1"}],"replies":[{"embeddable":true,"href":"https:\/\/syri.tv\/index.php?rest_route=%2Fwp%2Fv2%2Fcomments&post=8549"}],"version-history":[{"count":2,"href":"https:\/\/syri.tv\/index.php?rest_route=\/wp\/v2\/posts\/8549\/revisions"}],"predecessor-version":[{"id":8552,"href":"https:\/\/syri.tv\/index.php?rest_route=\/wp\/v2\/posts\/8549\/revisions\/8552"}],"wp:featuredmedia":[{"embeddable":true,"href":"https:\/\/syri.tv\/index.php?rest_route=\/wp\/v2\/media\/8550"}],"wp:attachment":[{"href":"https:\/\/syri.tv\/index.php?rest_route=%2Fwp%2Fv2%2Fmedia&parent=8549"}],"wp:term":[{"taxonomy":"category","embeddable":true,"href":"https:\/\/syri.tv\/index.php?rest_route=%2Fwp%2Fv2%2Fcategories&post=8549"},{"taxonomy":"post_tag","embeddable":true,"href":"https:\/\/syri.tv\/index.php?rest_route=%2Fwp%2Fv2%2Ftags&post=8549"}],"curies":[{"name":"wp","href":"https:\/\/api.w.org\/{rel}","templated":true}]}}