{"id":8546,"date":"2025-12-05T09:29:59","date_gmt":"2025-12-05T09:29:59","guid":{"rendered":"https:\/\/syri.tv\/?p=8546"},"modified":"2025-12-05T09:29:59","modified_gmt":"2025-12-05T09:29:59","slug":"beogradi-i-tronditur-nga-kongresi-lugina-e-presheves-futet-ne-skenen-e-madhe-amerikane-reagon-kamberi","status":"publish","type":"post","link":"https:\/\/syri.tv\/?p=8546","title":{"rendered":"Beogradi i tronditur nga Kongresi: Lugina e Preshev\u00ebs futet n\u00eb sken\u00ebn e madhe amerikane \u2013 reagon Kamberi"},"content":{"rendered":"<p>N\u00eb nj\u00eb zhvillim t\u00eb r\u00ebnd\u00ebsish\u00ebm diplomatik p\u00ebr shqiptar\u00ebt e Lugin\u00ebs s\u00eb Preshev\u00ebs, n\u00eb Kongresin e Shteteve t\u00eb Bashkuara u trajtua p\u00ebr her\u00eb t\u00eb par\u00eb n\u00eb m\u00ebnyr\u00eb t\u00eb hapur dhe t\u00eb unifikuar \u00e7\u00ebshtja e diskriminimit dhe pasivizimit t\u00eb shqiptar\u00ebve etnik\u00eb n\u00eb k\u00ebt\u00eb rajon.<\/p>\n<p>Deputeti shqiptar n\u00eb Parlamentin serb, Shaip Kamberi e ka cil\u00ebsuar k\u00ebt\u00eb moment si historik, duke theksuar se avokimi i vazhduesh\u00ebm n\u00eb qendrat kryesore nd\u00ebrkomb\u00ebtare po jep rezultate t\u00eb prekshme.<\/p>\n<p>N\u00eb nj\u00eb seanc\u00eb zyrtare t\u00eb N\u00ebnkomitetit p\u00ebr Evrop\u00eb, kongresist\u00ebt dhe ekspert\u00ebt e ftuar ngrit\u00ebn shqet\u00ebsime serioze p\u00ebr politikat e Beogradit dhe rrezikun e destabilizimit n\u00eb Ballkan, nd\u00ebrsa u depozitua edhe nj\u00eb rezolut\u00eb e posa\u00e7me q\u00eb adreson gjendjen n\u00eb Lugin\u00eb, p\u00ebrcjell \u201cBota sot\u201d.<\/p>\n<p>Shkrimi i plot\u00eb<\/p>\n<p>Rezoluta kongresiale nj\u00eb moment i r\u00ebnd\u00ebsish\u00ebm p\u00ebr Lugin\u00ebn e Preshev\u00ebs<\/p>\n<p>Avokimi dhe lobimi yn\u00eb n\u00eb Bruksel, Berlin, Strasburg, Zvic\u00ebr, Ne\u00eb York, \u00cbashington e deri n\u00eb Dallas po japin rezultate t\u00eb r\u00ebnd\u00ebsishme. Ajo q\u00eb dje dukej e paimagjinueshme, sot po ndodh n\u00eb zem\u00ebr t\u00eb demokracis\u00eb amerikane pas qindra takimesh e shtr\u00ebngim duarsh.<\/p>\n<p>Pas p\u00ebrfshirjes s\u00eb \u00e7\u00ebshtjes s\u00eb Lugin\u00ebs n\u00eb Raportin e Komisionit Evropian, n\u00eb raportet e K\u00ebshillit t\u00eb Europ\u00ebs, n\u00eb dokumentet e Departamentit t\u00eb Shtetit Amerikan dhe shum\u00eb raporteve tjera nd\u00ebrkomb\u00ebtare, sot kemi hyr\u00eb n\u00eb nj\u00eb faz\u00eb t\u00eb re t\u00eb luft\u00ebs p\u00ebr t\u00eb drejta.<\/p>\n<p>Dje, n\u00eb d\u00ebgjimin zyrtar t\u00eb Kongresit Amerikan, \u00e7\u00ebshtja e Lugin\u00ebs s\u00eb Preshev\u00ebs u trajtua si problem serioz i diskriminimit shtet\u00ebror, pasivizimit dhe rrezikut p\u00ebr destabilizim t\u00eb Ballkanit.<\/p>\n<p>Kongresisti Keith Self, Kryetar i N\u00ebnkomitetit p\u00ebr Evrop\u00eb, e ngriti fuqish\u00ebm k\u00ebt\u00eb \u00e7\u00ebshtje, duke deklaruar se trajtimi i shqiptar\u00ebve etnik\u00eb n\u00eb Lugin\u00eb nga Beogradi \u00ebsht\u00eb i patoleruesh\u00ebm dhe mund t\u00eb \u00e7oj\u00eb n\u00eb rihapje t\u00eb konfliktit, n\u00eb fund deponoj edhe rezulut\u00ebn.<\/p>\n<p>Kjo nuk mbeti vet\u00ebm opinion personal por u mb\u00ebshtet fuqimisht edhe nga an\u00ebtar\u00ebt tjer\u00eb t\u00eb k\u00ebtij n\u00ebnkomiteti nga t\u00eb tre d\u00ebshmitar\u00ebt kryesor\u00eb n\u00eb d\u00ebgjim:<\/p>\n<p>Kjo \u00ebsht\u00eb hera e par\u00eb q\u00eb an\u00ebtar\u00ebt e nj\u00eb N\u00ebnkomiteti bashk\u00eb me tre ekspert\u00ebt e pavarur, n\u00eb nj\u00eb seanc\u00eb kongresionale, rreshtohen n\u00eb nj\u00eb q\u00ebndrim t\u00eb qart\u00eb n\u00eb mbrojtje t\u00eb t\u00eb drejtave t\u00eb shqiptar\u00ebve n\u00eb Lugin\u00ebn e Preshev\u00ebs.<\/p>\n<p>Nj\u00eb moment historik.<\/p>\n<p>Faleminderim t\u00eb ve\u00e7ant\u00eb p\u00ebr koordinimin e palodhur t\u00eb KKSH-s\u00eb.<\/p>\n<p>Mir\u00ebnjohje p\u00ebr Lig\u00ebn Qytetaro-Amerikane t\u00eb Joe DioGuardi-t, q\u00eb e ka \u00e7uar kauz\u00ebn ton\u00eb deri n\u00eb tryez\u00ebn e Kongresit.<\/p>\n<p>Faleminderim t\u00eb ngroht\u00eb p\u00ebr shqiptar\u00ebt e Dallasit, t\u00eb cil\u00ebt po d\u00ebshmojn\u00eb se diaspora mund t\u00eb b\u00ebj\u00eb ndryshime t\u00eb m\u00ebdha.Respekt p\u00ebr secilin q\u00eb beson, angazhohet dhe punon p\u00ebr k\u00ebt\u00eb vizion.<\/p>\n<p>Dhe nj\u00eb falenderim i merituar p\u00ebr Qeverin\u00eb e Republik\u00ebs s\u00eb Kosov\u00ebs, q\u00eb mb\u00ebshtet nj\u00eb vizion t\u00eb till\u00eb.<\/p>\n<p>Puna jon\u00eb vazhdon.<\/p>\n<p>Pas dit\u00ebs s\u00eb djeshme n\u00eb Kongres, kapitulli i ri p\u00ebr Lugin\u00ebn sapo ka filluar<br \/>\n<iframe loading=\"lazy\" src=\"https:\/\/www.facebook.com\/plugins\/video.php?height=317&amp;href=https%3A%2F%2Fwww.facebook.com%2Freel%2F2333261570454469%2F&amp;show_text=false&amp;width=560&amp;t=0\" width=\"560\" height=\"317\" frameborder=\"0\" scrolling=\"no\" allowfullscreen=\"allowfullscreen\" data-mce-fragment=\"1\"><\/iframe><\/p>\n<div class=\"td-a-ad id_bottom_ad \"><\/div>\n","protected":false},"excerpt":{"rendered":"<p>N\u00eb nj\u00eb zhvillim t\u00eb r\u00ebnd\u00ebsish\u00ebm diplomatik p\u00ebr shqiptar\u00ebt e Lugin\u00ebs s\u00eb Preshev\u00ebs, n\u00eb Kongresin e Shteteve t\u00eb Bashkuara u trajtua p\u00ebr her\u00eb t\u00eb par\u00eb n\u00eb m\u00ebnyr\u00eb t\u00eb hapur dhe t\u00eb unifikuar \u00e7\u00ebshtja e diskriminimit dhe pasivizimit t\u00eb shqiptar\u00ebve etnik\u00eb n\u00eb k\u00ebt\u00eb rajon. Deputeti shqiptar n\u00eb Parlamentin serb, Shaip Kamberi e ka cil\u00ebsuar k\u00ebt\u00eb moment si [&hellip;]<\/p>\n","protected":false},"author":1,"featured_media":8547,"comment_status":"closed","ping_status":"closed","sticky":false,"template":"","format":"standard","meta":{"footnotes":""},"categories":[9],"tags":[],"class_list":{"0":"post-8546","1":"post","2":"type-post","3":"status-publish","4":"format-standard","5":"has-post-thumbnail","7":"category-vendi"},"_links":{"self":[{"href":"https:\/\/syri.tv\/index.php?rest_route=\/wp\/v2\/posts\/8546","targetHints":{"allow":["GET"]}}],"collection":[{"href":"https:\/\/syri.tv\/index.php?rest_route=\/wp\/v2\/posts"}],"about":[{"href":"https:\/\/syri.tv\/index.php?rest_route=\/wp\/v2\/types\/post"}],"author":[{"embeddable":true,"href":"https:\/\/syri.tv\/index.php?rest_route=\/wp\/v2\/users\/1"}],"replies":[{"embeddable":true,"href":"https:\/\/syri.tv\/index.php?rest_route=%2Fwp%2Fv2%2Fcomments&post=8546"}],"version-history":[{"count":1,"href":"https:\/\/syri.tv\/index.php?rest_route=\/wp\/v2\/posts\/8546\/revisions"}],"predecessor-version":[{"id":8548,"href":"https:\/\/syri.tv\/index.php?rest_route=\/wp\/v2\/posts\/8546\/revisions\/8548"}],"wp:featuredmedia":[{"embeddable":true,"href":"https:\/\/syri.tv\/index.php?rest_route=\/wp\/v2\/media\/8547"}],"wp:attachment":[{"href":"https:\/\/syri.tv\/index.php?rest_route=%2Fwp%2Fv2%2Fmedia&parent=8546"}],"wp:term":[{"taxonomy":"category","embeddable":true,"href":"https:\/\/syri.tv\/index.php?rest_route=%2Fwp%2Fv2%2Fcategories&post=8546"},{"taxonomy":"post_tag","embeddable":true,"href":"https:\/\/syri.tv\/index.php?rest_route=%2Fwp%2Fv2%2Ftags&post=8546"}],"curies":[{"name":"wp","href":"https:\/\/api.w.org\/{rel}","templated":true}]}}