{"id":8543,"date":"2025-12-05T09:15:21","date_gmt":"2025-12-05T09:15:21","guid":{"rendered":"https:\/\/syri.tv\/?p=8543"},"modified":"2025-12-05T09:15:21","modified_gmt":"2025-12-05T09:15:21","slug":"donika-gervalla-schwarz-e-do-sami-lushtakun-ne-burg-skandal-qe-ende-leviz-i-lire","status":"publish","type":"post","link":"https:\/\/syri.tv\/?p=8543","title":{"rendered":"Donika G\u00ebrvalla-Schwarz e do Sami Lushtakun n\u00eb burg: Skandal q\u00eb ende l\u00ebviz i lir\u00eb"},"content":{"rendered":"<p>Ministrja n\u00eb detyr\u00eb e pun\u00ebve t\u00eb jashtme, Donika G\u00ebrvalla-Sch\u00ebarz, \u00ebsht\u00eb shprehur e shokuar se si sipas saj \u00ebsht\u00eb e mundur q\u00eb Sami Lushtaku, Kryetari i Skenderajt, l\u00ebviz i lir\u00eb.<br class=\"html-br\" \/><br class=\"html-br\" \/>Duke marr\u00eb shkas nga p\u00ebrplasja e Lushtakut me Matoshin, e cila s\u00eb bashku me Dejona Mihalin tash e shum\u00eb, shum\u00eb, shum\u00eb koh\u00eb, pothuajse \u00e7do dit\u00eb p\u00ebrqeshin n\u00eb t\u00eb gjitha nivelet Lushtakun, derisa ky i fundit sot ia ktheu Matoshit me gjuh\u00eb poashtu t\u00eb r\u00ebnd\u00eb. Por, p\u00ebr G\u00ebrvall\u00ebn, skadnali \u00ebsht\u00eb se Lushtaku l\u00ebviz i lir\u00eb.<br class=\"html-br\" \/><br class=\"html-br\" \/>E plot\u00eb:<br class=\"html-br\" \/><br class=\"html-br\" \/>Pse nuk komentoj \u00e7ka tha Sami Lushtaku p\u00ebr Adriana Matoshin?<br class=\"html-br\" \/>Sepse skandali i v\u00ebrtet\u00eb nuk jan\u00eb gjuha dhe qasja e tij primitive, por fakti q\u00eb ai ende l\u00ebviz i lir\u00eb, pa u p\u00ebrgjigjur para ligjit p\u00ebr b\u00ebmat e tij.<\/p>\n","protected":false},"excerpt":{"rendered":"<p>Ministrja n\u00eb detyr\u00eb e pun\u00ebve t\u00eb jashtme, Donika G\u00ebrvalla-Sch\u00ebarz, \u00ebsht\u00eb shprehur e shokuar se si sipas saj \u00ebsht\u00eb e mundur q\u00eb Sami Lushtaku, Kryetari i Skenderajt, l\u00ebviz i lir\u00eb.Duke marr\u00eb shkas nga p\u00ebrplasja e Lushtakut me Matoshin, e cila s\u00eb bashku me Dejona Mihalin tash e shum\u00eb, shum\u00eb, shum\u00eb koh\u00eb, pothuajse \u00e7do dit\u00eb p\u00ebrqeshin n\u00eb [&hellip;]<\/p>\n","protected":false},"author":1,"featured_media":8544,"comment_status":"closed","ping_status":"closed","sticky":false,"template":"","format":"standard","meta":{"footnotes":""},"categories":[9],"tags":[],"class_list":{"0":"post-8543","1":"post","2":"type-post","3":"status-publish","4":"format-standard","5":"has-post-thumbnail","7":"category-vendi"},"_links":{"self":[{"href":"https:\/\/syri.tv\/index.php?rest_route=\/wp\/v2\/posts\/8543","targetHints":{"allow":["GET"]}}],"collection":[{"href":"https:\/\/syri.tv\/index.php?rest_route=\/wp\/v2\/posts"}],"about":[{"href":"https:\/\/syri.tv\/index.php?rest_route=\/wp\/v2\/types\/post"}],"author":[{"embeddable":true,"href":"https:\/\/syri.tv\/index.php?rest_route=\/wp\/v2\/users\/1"}],"replies":[{"embeddable":true,"href":"https:\/\/syri.tv\/index.php?rest_route=%2Fwp%2Fv2%2Fcomments&post=8543"}],"version-history":[{"count":1,"href":"https:\/\/syri.tv\/index.php?rest_route=\/wp\/v2\/posts\/8543\/revisions"}],"predecessor-version":[{"id":8545,"href":"https:\/\/syri.tv\/index.php?rest_route=\/wp\/v2\/posts\/8543\/revisions\/8545"}],"wp:featuredmedia":[{"embeddable":true,"href":"https:\/\/syri.tv\/index.php?rest_route=\/wp\/v2\/media\/8544"}],"wp:attachment":[{"href":"https:\/\/syri.tv\/index.php?rest_route=%2Fwp%2Fv2%2Fmedia&parent=8543"}],"wp:term":[{"taxonomy":"category","embeddable":true,"href":"https:\/\/syri.tv\/index.php?rest_route=%2Fwp%2Fv2%2Fcategories&post=8543"},{"taxonomy":"post_tag","embeddable":true,"href":"https:\/\/syri.tv\/index.php?rest_route=%2Fwp%2Fv2%2Ftags&post=8543"}],"curies":[{"name":"wp","href":"https:\/\/api.w.org\/{rel}","templated":true}]}}