{"id":8530,"date":"2025-12-04T14:37:20","date_gmt":"2025-12-04T14:37:20","guid":{"rendered":"https:\/\/syri.tv\/?p=8530"},"modified":"2025-12-04T14:37:20","modified_gmt":"2025-12-04T14:37:20","slug":"percarje-ne-ldk-abdixhiku-vendos-kica-xhelilin-numer-3-ne-liste-hykmete-bajramin-e-vendos-numer-6-te","status":"publish","type":"post","link":"https:\/\/syri.tv\/?p=8530","title":{"rendered":"P\u00ebr\u00e7arje n\u00eb LDK: Abdixhiku vendos Kica-Xhelilin num\u00ebr 3 n\u00eb list\u00eb, Hykmete Bajramin e vendos num\u00ebr 6-t\u00eb"},"content":{"rendered":"<div class=\"x14z9mp xat24cr x1lziwak x1vvkbs xtlvy1s x126k92a\">\n<div dir=\"auto\">Burime t\u00eb Gazeta Momenti, brenda Lidhjes Demokratike t\u00eb Kosov\u00ebs raportojn\u00eb p\u00ebr pak\u00ebnaq\u00ebsi dhe tensione t\u00eb reja n\u00eb prag t\u00eb zgjedhjeve t\u00eb 28 dhjetorit, pas vendimit t\u00eb kryetarit Lumir Abdixhiku p\u00ebr renditjen e kandidat\u00ebve n\u00eb list\u00ebn zgjedhore.<\/div>\n<\/div>\n<div class=\"x14z9mp xat24cr x1lziwak x1vvkbs xtlvy1s x126k92a\">\n<div dir=\"auto\">Sipas k\u00ebtyre burimeve t\u00eb Gazeta Momenti, Abdixhiku ka favorizuar s\u00ebrish deputeten Doarsa Kica-Xhelili, e cila \u00ebsht\u00eb vendosur n\u00eb numrin tre t\u00eb list\u00ebs.<\/div>\n<\/div>\n<div class=\"x14z9mp xat24cr x1lziwak x1vvkbs xtlvy1s x126k92a\">\n<div dir=\"auto\">Ky vendim ka ngjallur reagime t\u00eb brendshme, sidomos p\u00ebr faktin se Hykmete Bajrami, e cila gjat\u00eb mandatit t\u00eb kaluar \u00ebsht\u00eb vler\u00ebsuar si nj\u00eb prej z\u00ebrave m\u00eb aktiv\u00eb t\u00eb LDK-s\u00eb dhe opozit\u00ebs, \u00ebsht\u00eb renditur me numrin gjasht\u00eb n\u00eb list\u00eb.<\/div>\n<\/div>\n<div class=\"x14z9mp xat24cr x1lziwak x1vvkbs xtlvy1s x126k92a\">\n<div dir=\"auto\">Pik\u00ebrisht ky ndryshim n\u00eb hierarki, sipas disa an\u00ebtar\u00ebve t\u00eb pak\u00ebnaqur, po shihet si \u201cinjorim\u201d i kontributit t\u00eb Bajramit dhe po krijon val\u00eb mospajtimi brenda strukturave t\u00eb partis\u00eb.<\/div>\n<\/div>\n<div class=\"x14z9mp xat24cr x1lziwak x1vvkbs xtlvy1s x126k92a\">\n<div dir=\"auto\">Disa zyrtar\u00eb lokal\u00eb t\u00eb LDK-s\u00eb konsiderojn\u00eb se vendimet e tilla mund t\u00eb ndikojn\u00eb n\u00eb moralin e aktivist\u00ebve dhe n\u00eb dinamik\u00ebn e fushat\u00ebs.<\/div>\n<\/div>\n","protected":false},"excerpt":{"rendered":"<p>Burime t\u00eb Gazeta Momenti, brenda Lidhjes Demokratike t\u00eb Kosov\u00ebs raportojn\u00eb p\u00ebr pak\u00ebnaq\u00ebsi dhe tensione t\u00eb reja n\u00eb prag t\u00eb zgjedhjeve t\u00eb 28 dhjetorit, pas vendimit t\u00eb kryetarit Lumir Abdixhiku p\u00ebr renditjen e kandidat\u00ebve n\u00eb list\u00ebn zgjedhore. Sipas k\u00ebtyre burimeve t\u00eb Gazeta Momenti, Abdixhiku ka favorizuar s\u00ebrish deputeten Doarsa Kica-Xhelili, e cila \u00ebsht\u00eb vendosur n\u00eb numrin [&hellip;]<\/p>\n","protected":false},"author":1,"featured_media":8531,"comment_status":"closed","ping_status":"closed","sticky":false,"template":"","format":"standard","meta":{"footnotes":""},"categories":[2],"tags":[],"class_list":{"0":"post-8530","1":"post","2":"type-post","3":"status-publish","4":"format-standard","5":"has-post-thumbnail","7":"category-zvicer"},"_links":{"self":[{"href":"https:\/\/syri.tv\/index.php?rest_route=\/wp\/v2\/posts\/8530","targetHints":{"allow":["GET"]}}],"collection":[{"href":"https:\/\/syri.tv\/index.php?rest_route=\/wp\/v2\/posts"}],"about":[{"href":"https:\/\/syri.tv\/index.php?rest_route=\/wp\/v2\/types\/post"}],"author":[{"embeddable":true,"href":"https:\/\/syri.tv\/index.php?rest_route=\/wp\/v2\/users\/1"}],"replies":[{"embeddable":true,"href":"https:\/\/syri.tv\/index.php?rest_route=%2Fwp%2Fv2%2Fcomments&post=8530"}],"version-history":[{"count":1,"href":"https:\/\/syri.tv\/index.php?rest_route=\/wp\/v2\/posts\/8530\/revisions"}],"predecessor-version":[{"id":8532,"href":"https:\/\/syri.tv\/index.php?rest_route=\/wp\/v2\/posts\/8530\/revisions\/8532"}],"wp:featuredmedia":[{"embeddable":true,"href":"https:\/\/syri.tv\/index.php?rest_route=\/wp\/v2\/media\/8531"}],"wp:attachment":[{"href":"https:\/\/syri.tv\/index.php?rest_route=%2Fwp%2Fv2%2Fmedia&parent=8530"}],"wp:term":[{"taxonomy":"category","embeddable":true,"href":"https:\/\/syri.tv\/index.php?rest_route=%2Fwp%2Fv2%2Fcategories&post=8530"},{"taxonomy":"post_tag","embeddable":true,"href":"https:\/\/syri.tv\/index.php?rest_route=%2Fwp%2Fv2%2Ftags&post=8530"}],"curies":[{"name":"wp","href":"https:\/\/api.w.org\/{rel}","templated":true}]}}