{"id":8527,"date":"2025-12-04T13:22:34","date_gmt":"2025-12-04T13:22:34","guid":{"rendered":"https:\/\/syri.tv\/?p=8527"},"modified":"2025-12-04T13:22:34","modified_gmt":"2025-12-04T13:22:34","slug":"brukseli-i-tronditur-me-skandalin-e-korrupsionit-cfare-bashkepunimi-kishte-mogherini-me-institucionet-e-serbise","status":"publish","type":"post","link":"https:\/\/syri.tv\/?p=8527","title":{"rendered":"Brukseli i tronditur me skandalin e korrupsionit &#8211; \u00e7far\u00eb bashk\u00ebpunimi kishte Mogherini me institucionet e Serbis\u00eb?"},"content":{"rendered":"<h3>Ish-p\u00ebrfaq\u00ebsuesja e lart\u00eb e Bashkimit Evropian p\u00ebr Politik\u00eb t\u00eb Jashtme dhe Siguri, Federica Mogherini, \u00ebsht\u00eb n\u00eb qend\u00ebr t\u00eb nj\u00eb prej skandaleve m\u00eb t\u00eb m\u00ebdha kund\u00ebr korrupsionit n\u00eb institucionet e BE-s\u00eb n\u00eb dekad\u00ebn e fundit.<\/h3>\n<p>Prokuroria belge edhe zyrtarisht e ka akuzar p\u00ebr mashtrime procedurale, korrupsion, konflikt interesi dhe shkelje t\u00eb sekretit zyrtar, n\u00eb lidhje me tenderin p\u00ebr trajnimin e diplomat\u00ebve t\u00eb rinj n\u00eb kuad\u00ebr t\u00eb EU Diplomatic Academy \u2013 akademis\u00eb q\u00eb drejtohej nga College of Europe, raporton nova.rs.<\/p>\n<p>Akademia filloi si nj\u00eb pilot projekt m\u00eb 2022 p\u00ebr t\u00eb bashkuar trajnime p\u00ebr diplomat\u00eb, zyrtar\u00eb t\u00eb institucioneve evropiane dhe ekspert\u00eb nga vendet kandidate; por tani, faza e institucionalizimit t\u00eb saj po vler\u00ebsohet me dyshime serioze \u2013 prokuroria heton n\u00ebse tenderi ishte i manipuluar p\u00ebr t\u2019i favorizuar College of Europe.<\/p>\n<p>N\u00eb Serbi, v\u00ebmendje t\u00eb ve\u00e7ant\u00eb ngjalli fakti se vet\u00ebm pak muaj p\u00ebrpara arrestimit t\u00eb ish-leht\u00ebsuesja e dialogut Kosov\u00eb-Serbi, ajo kishte n\u00ebnshkruar nj\u00eb memorandum bashk\u00ebpunimi me Telekom Serbia.<\/p>\n<p>Bashk\u00ebpunimi i tyre filloi n\u00eb vitin 2023 me n\u00ebnshkrimin e nj\u00eb memorandumi mir\u00ebkuptimi midis Mogherinit dhe Vladimir Lu\u00e7iqit. Telekomi siguroi bursa p\u00ebr student\u00ebt serb\u00eb q\u00eb d\u00ebshirojn\u00eb t\u00eb ndjekin programet pasdiplomike n\u00eb Akademin\u00eb Diplomatike n\u00eb Bryzh dhe Tiran\u00eb. Financimi p\u00ebrfshinte shkollimin, q\u00ebndrimin dhe aktivitetet akademike, dhe programi u paraqit si pjes\u00eb e kontributit strategjik p\u00ebr integrimin evropian t\u00eb Serbis\u00eb.<\/p>\n<p>N\u00eb janar t\u00eb vitit 2025, gjat\u00eb nj\u00eb takimi n\u00eb Bruksel, u ra dakord q\u00eb Telekomi t\u00eb siguronte edhe dhjet\u00eb bursa t\u00eb tjera, gj\u00eb q\u00eb u paraqit si \u201cinvestimi m\u00eb i madh i Telekomit n\u00eb programet evropiane arsimore deri m\u00eb tani\u201d.<\/p>\n<p>Pas arrestimit t\u00eb Mogherinit, shtrohet edhe pyetja: a do ta p\u00ebrfshij\u00eb hetimi edhe natyr\u00ebn e marr\u00ebdh\u00ebnies s\u00eb saj me Telekom Srbija, ve\u00e7an\u00ebrisht duke pasur parasysh se ky program ishte nj\u00eb nga partneritetet arsimore m\u00eb t\u00eb promovuara t\u00eb kompanis\u00eb shtet\u00ebrore serbe jasht\u00eb vendit? Edhe pse aktualisht nuk ka indikacione formale q\u00eb Telekomi t\u00eb jet\u00eb pjes\u00eb e hetimit, fakti q\u00eb Mogherini pak para shp\u00ebrthimit t\u00eb afer\u00ebs e zgjeroi bashk\u00ebpunimin me kompanin\u00eb shtet\u00ebrore serbe, hap hap\u00ebsir\u00eb p\u00ebr pyetje t\u00eb reja.<\/p>\n<p>N\u00eb n\u00ebntor t\u00eb vitit 2024, Mogerini q\u00ebndroi n\u00eb nj\u00eb vizit\u00eb dyditore n\u00eb Beograd, ku promovoi programet e Kolegjit t\u00eb Evrop\u00ebs dhe u takua me presidentin, Aleksandar Vu\u00e7iq.<\/p>\n<p>Gjat\u00eb k\u00ebsaj vizite ajo d\u00ebrgoi disa mesazhe politike, p\u00ebrfshir\u00eb edhe komentin se \u201cata q\u00eb festojn\u00eb fitoren e Donald Trump do ta kuptojn\u00eb shum\u00eb shpejt se nuk do ta ken\u00eb t\u00eb leht\u00eb\u201d.<\/p>\n<p>Takimin me Vu\u00e7iqin e pranoi edhe Vladimir Lu\u00e7iq, gj\u00eb q\u00eb tregon m\u00eb tej intensitetin e partneritetit mes Kolegjit dhe Telekomit.<\/p>\n<p>&nbsp;<\/p>\n","protected":false},"excerpt":{"rendered":"<p>Ish-p\u00ebrfaq\u00ebsuesja e lart\u00eb e Bashkimit Evropian p\u00ebr Politik\u00eb t\u00eb Jashtme dhe Siguri, Federica Mogherini, \u00ebsht\u00eb n\u00eb qend\u00ebr t\u00eb nj\u00eb prej skandaleve m\u00eb t\u00eb m\u00ebdha kund\u00ebr korrupsionit n\u00eb institucionet e BE-s\u00eb n\u00eb dekad\u00ebn e fundit. Prokuroria belge edhe zyrtarisht e ka akuzar p\u00ebr mashtrime procedurale, korrupsion, konflikt interesi dhe shkelje t\u00eb sekretit zyrtar, n\u00eb lidhje me [&hellip;]<\/p>\n","protected":false},"author":1,"featured_media":8528,"comment_status":"closed","ping_status":"closed","sticky":false,"template":"","format":"standard","meta":{"footnotes":""},"categories":[105],"tags":[],"class_list":{"0":"post-8527","1":"post","2":"type-post","3":"status-publish","4":"format-standard","5":"has-post-thumbnail","7":"category-europa"},"_links":{"self":[{"href":"https:\/\/syri.tv\/index.php?rest_route=\/wp\/v2\/posts\/8527","targetHints":{"allow":["GET"]}}],"collection":[{"href":"https:\/\/syri.tv\/index.php?rest_route=\/wp\/v2\/posts"}],"about":[{"href":"https:\/\/syri.tv\/index.php?rest_route=\/wp\/v2\/types\/post"}],"author":[{"embeddable":true,"href":"https:\/\/syri.tv\/index.php?rest_route=\/wp\/v2\/users\/1"}],"replies":[{"embeddable":true,"href":"https:\/\/syri.tv\/index.php?rest_route=%2Fwp%2Fv2%2Fcomments&post=8527"}],"version-history":[{"count":1,"href":"https:\/\/syri.tv\/index.php?rest_route=\/wp\/v2\/posts\/8527\/revisions"}],"predecessor-version":[{"id":8529,"href":"https:\/\/syri.tv\/index.php?rest_route=\/wp\/v2\/posts\/8527\/revisions\/8529"}],"wp:featuredmedia":[{"embeddable":true,"href":"https:\/\/syri.tv\/index.php?rest_route=\/wp\/v2\/media\/8528"}],"wp:attachment":[{"href":"https:\/\/syri.tv\/index.php?rest_route=%2Fwp%2Fv2%2Fmedia&parent=8527"}],"wp:term":[{"taxonomy":"category","embeddable":true,"href":"https:\/\/syri.tv\/index.php?rest_route=%2Fwp%2Fv2%2Fcategories&post=8527"},{"taxonomy":"post_tag","embeddable":true,"href":"https:\/\/syri.tv\/index.php?rest_route=%2Fwp%2Fv2%2Ftags&post=8527"}],"curies":[{"name":"wp","href":"https:\/\/api.w.org\/{rel}","templated":true}]}}