{"id":8524,"date":"2025-12-04T11:29:26","date_gmt":"2025-12-04T11:29:26","guid":{"rendered":"https:\/\/syri.tv\/?p=8524"},"modified":"2025-12-04T11:29:26","modified_gmt":"2025-12-04T11:29:26","slug":"ibrahim-rugova-ishte-njeri-i-perulur-dhe-i-qete-udhehoqi-luften-e-suksesshme-te-shqiptareve-per-pavaresi","status":"publish","type":"post","link":"https:\/\/syri.tv\/?p=8524","title":{"rendered":"Ibrahim Rugova ishte njeri i p\u00ebrulur dhe i qet\u00eb, udh\u00ebhoqi luft\u00ebn e suksesshme t\u00eb shqiptar\u00ebve p\u00ebr pavar\u00ebsi"},"content":{"rendered":"<p><strong>Antropologia amerikane, Janet Reineck, ka shkruar p\u00ebr ish presidentin e Kosov\u00ebs, Ibrahim Rugova, duke e quajtur at\u00eb \u201cnjeri t\u00eb p\u00ebrulur dhe t\u00eb qet\u00eb\u201d.<\/strong><\/p>\n<p>Ajo ka shtuar se Rugova ishte nj\u00eb njeri me vizion, men\u00e7uri dhe guxim t\u00eb jasht\u00ebzakonsh\u00ebm.<\/p>\n<p>\u201cN\u00eb nderim t\u00eb IBRAHIM RUGOV\u00cbS \u2013 2 dhjetor 1944 deri m\u00eb 21 janar 2006. P\u00ebr amerikan\u00ebt q\u00eb nuk e njohin at\u00eb, si President i Kosov\u00ebs nga viti 1992 deri n\u00eb vitin 2006, ky njeri i p\u00ebrulur dhe i qet\u00eb udh\u00ebhoqi luft\u00ebn e suksesshme t\u00eb shqiptar\u00ebve p\u00ebr pavar\u00ebsi, duke mbrojtur rezistenc\u00ebn paq\u00ebsore ndaj dominimit serb dhe duke siguruar mb\u00ebshtetjen e Amerik\u00ebs. Pata nderin ta njihja Ibrahimin gjat\u00eb viteve 1980, kur ai ishte studiues dhe kritik letrar. Ai ishte v\u00ebrtet nj\u00eb njeri me vizion, men\u00e7uri dhe guxim t\u00eb jasht\u00ebzakonsh\u00ebm.\u201d<\/p>\n<p><iframe loading=\"lazy\" src=\"https:\/\/www.facebook.com\/plugins\/post.php?href=https%3A%2F%2Fwww.facebook.com%2Fjanet.reineck%2Fposts%2Fpfbid0nrWJXoAsBQMKZzGL6jw6hjQG3zLqu5zxDTJ4jpTZWZiz2SKU5HtjFDBwQj3e1QC6l&amp;show_text=true&amp;width=500\" width=\"500\" height=\"582\" frameborder=\"0\" scrolling=\"no\" allowfullscreen=\"allowfullscreen\" data-mce-fragment=\"1\"><\/iframe><\/p>\n","protected":false},"excerpt":{"rendered":"<p>Antropologia amerikane, Janet Reineck, ka shkruar p\u00ebr ish presidentin e Kosov\u00ebs, Ibrahim Rugova, duke e quajtur at\u00eb \u201cnjeri t\u00eb p\u00ebrulur dhe t\u00eb qet\u00eb\u201d. Ajo ka shtuar se Rugova ishte nj\u00eb njeri me vizion, men\u00e7uri dhe guxim t\u00eb jasht\u00ebzakonsh\u00ebm. \u201cN\u00eb nderim t\u00eb IBRAHIM RUGOV\u00cbS \u2013 2 dhjetor 1944 deri m\u00eb 21 janar 2006. P\u00ebr amerikan\u00ebt q\u00eb [&hellip;]<\/p>\n","protected":false},"author":1,"featured_media":8525,"comment_status":"closed","ping_status":"closed","sticky":false,"template":"","format":"standard","meta":{"footnotes":""},"categories":[10],"tags":[],"class_list":{"0":"post-8524","1":"post","2":"type-post","3":"status-publish","4":"format-standard","5":"has-post-thumbnail","7":"category-bota"},"_links":{"self":[{"href":"https:\/\/syri.tv\/index.php?rest_route=\/wp\/v2\/posts\/8524","targetHints":{"allow":["GET"]}}],"collection":[{"href":"https:\/\/syri.tv\/index.php?rest_route=\/wp\/v2\/posts"}],"about":[{"href":"https:\/\/syri.tv\/index.php?rest_route=\/wp\/v2\/types\/post"}],"author":[{"embeddable":true,"href":"https:\/\/syri.tv\/index.php?rest_route=\/wp\/v2\/users\/1"}],"replies":[{"embeddable":true,"href":"https:\/\/syri.tv\/index.php?rest_route=%2Fwp%2Fv2%2Fcomments&post=8524"}],"version-history":[{"count":1,"href":"https:\/\/syri.tv\/index.php?rest_route=\/wp\/v2\/posts\/8524\/revisions"}],"predecessor-version":[{"id":8526,"href":"https:\/\/syri.tv\/index.php?rest_route=\/wp\/v2\/posts\/8524\/revisions\/8526"}],"wp:featuredmedia":[{"embeddable":true,"href":"https:\/\/syri.tv\/index.php?rest_route=\/wp\/v2\/media\/8525"}],"wp:attachment":[{"href":"https:\/\/syri.tv\/index.php?rest_route=%2Fwp%2Fv2%2Fmedia&parent=8524"}],"wp:term":[{"taxonomy":"category","embeddable":true,"href":"https:\/\/syri.tv\/index.php?rest_route=%2Fwp%2Fv2%2Fcategories&post=8524"},{"taxonomy":"post_tag","embeddable":true,"href":"https:\/\/syri.tv\/index.php?rest_route=%2Fwp%2Fv2%2Ftags&post=8524"}],"curies":[{"name":"wp","href":"https:\/\/api.w.org\/{rel}","templated":true}]}}