{"id":8521,"date":"2025-12-04T11:09:19","date_gmt":"2025-12-04T11:09:19","guid":{"rendered":"https:\/\/syri.tv\/?p=8521"},"modified":"2025-12-04T11:09:19","modified_gmt":"2025-12-04T11:09:19","slug":"sonte-ne-oren-1800-galeria-fab-e-universitetit-te-arteve-tirane-do-te-hape-dyert-e-ekspozites-se-edicionit-te-peste-te-festivalit-nderkombetar-te-posterit-prishtina-2025","status":"publish","type":"post","link":"https:\/\/syri.tv\/?p=8521","title":{"rendered":"SONTE, N\u00cb OR\u00cbN 18:00, GALERIA FAB E UNIVERSITETIT T\u00cb ARTEVE &#8211; TIRAN\u00cb, DO T\u00cb HAP\u00cb DYERT E EKSPOZIT\u00cbS S\u00cb EDICIONIT T\u00cb PEST\u00cb T\u00cb FESTIVALIT ND\u00cbRKOMB\u00cbTAR T\u00cb POSTERIT \u201cPRISHTINA 2025\u201d."},"content":{"rendered":"<div>SONTE, N\u00cb OR\u00cbN 18:00, GALERIA FAB E UNIVERSITETIT T\u00cb ARTEVE &#8211; TIRAN\u00cb, DO T\u00cb HAP\u00cb DYERT E EKSPOZIT\u00cbS S\u00cb EDICIONIT T\u00cb PEST\u00cb T\u00cb FESTIVALIT ND\u00cbRKOMB\u00cbTAR T\u00cb POSTERIT \u201cPRISHTINA 2025\u201d.<br \/>\nK\u00cbTU N\u00cb TIRAN\u00cb, N\u00cb CEREMONIN\u00cb E HAPJES S\u00cb EKSPOZIT\u00cbS DO T\u00cb B\u00cbHET I DITUR FITUESI TRET\u00cb SIPAS JURIS\u00cb PROFESIONALE T\u00cb FESTIVALIT SI DHE N\u00cb EM\u00cbR T\u00cb FESTIVALIT DO T\u00cb NDAHEN \u00c7MIMET SPECIALE P\u00cbR PJES\u00cbMARR\u00cbSIT.<br \/>\n\u00c7MIMET E TJERA DO T\u00cb SHPALLEN N\u00cb CEREMONIN\u00cb E HAPJES S\u00cb EKSPOZIT\u00cbS N\u00cb MAQEDONIN\u00cb VERIORE.<\/div>\n<div dir=\"auto\"><\/div>\n<div dir=\"auto\">T\u00cb DH\u00cbNA RRETH P\u00cbRMBAJTJES S\u00cb EKSPOZIT\u00cbS:<\/div>\n<div dir=\"auto\">\n<div>\n<div>\n<p>Tema: DEMOKRACIA<\/p>\n<p dir=\"auto\">Galeria ka k\u00ebnaq\u00ebsin\u00eb t\u00eb hap\u00eb ekspozit\u00ebn zyrtare t\u00eb Festivalit Nd\u00ebrkomb\u00ebtar t\u00eb Posterit \u201cPrishtina 2025\u201d, q\u00eb k\u00ebt\u00eb vit zhvillohet n\u00ebn tem\u00ebn Demokracia. Edicioni i vitit 2025 e kthen festivalin n\u00eb nj\u00eb platform\u00eb reflektimi vizual mbi m\u00ebnyr\u00ebn se si demokracia jetohet, sfidohet dhe riform\u00ebsohet sot \u2014 sidomos n\u00eb Ballkanin Per\u00ebndimor, ku tranzicioni politik, kujtesa kolektive dhe aspiratat europiane vazhdojn\u00eb t\u00eb ndikojn\u00eb realitetin shoq\u00ebror.<\/p>\n<p dir=\"auto\">Ekspozita sjell punime nga artist\u00eb, dizajner\u00eb, student\u00eb dhe aktivist\u00eb nga mbar\u00eb bota, t\u00eb cil\u00ebt p\u00ebrmes gjuh\u00ebs s\u00eb posterit adresojn\u00eb \u00e7\u00ebshtje si pjes\u00ebmarrja qytetare, liria e medias, korrupsioni, p\u00ebrkat\u00ebsia, kujtesa dhe shpresa. K\u00ebto poste\u00adra nd\u00ebrtojn\u00eb nj\u00eb portret t\u00eb nj\u00eb rajoni n\u00eb dialog t\u00eb vazhduesh\u00ebm me vetveten dhe me bot\u00ebn \u2014 duke ekspozuar sfidat, por edhe energjin\u00eb transformuese t\u00eb demokracis\u00eb.<\/p>\n<p dir=\"auto\">N\u00eb nj\u00eb koh\u00eb kur vlerat demokratike jan\u00eb n\u00ebn presion global, \u201cPrishtina 2025\u201d e vendos posterin si medium t\u00eb mendimit kritik, rezistenc\u00ebs vizuale dhe angazhimit qytetar. P\u00ebrmes k\u00ebsaj ekspozite, arti rifiton rolin e tij publik: t\u00eb pyes\u00eb, t\u00eb kujtoj\u00eb dhe t\u00eb imagjinoj\u00eb.<\/p>\n<p dir=\"auto\">Kuratore e ekspozit\u00ebs: Prof. Rikke Hansen<\/p>\n<p dir=\"auto\">Themelues dhe drejtori i PIPF: Prof. Dr. Rrezeart Galica<\/p>\n<\/div>\n<\/div>\n<\/div>\n","protected":false},"excerpt":{"rendered":"<p>SONTE, N\u00cb OR\u00cbN 18:00, GALERIA FAB E UNIVERSITETIT T\u00cb ARTEVE &#8211; TIRAN\u00cb, DO T\u00cb HAP\u00cb DYERT E EKSPOZIT\u00cbS S\u00cb EDICIONIT T\u00cb PEST\u00cb T\u00cb FESTIVALIT ND\u00cbRKOMB\u00cbTAR T\u00cb POSTERIT \u201cPRISHTINA 2025\u201d. K\u00cbTU N\u00cb TIRAN\u00cb, N\u00cb CEREMONIN\u00cb E HAPJES S\u00cb EKSPOZIT\u00cbS DO T\u00cb B\u00cbHET I DITUR FITUESI TRET\u00cb SIPAS JURIS\u00cb PROFESIONALE T\u00cb FESTIVALIT SI DHE N\u00cb EM\u00cbR T\u00cb [&hellip;]<\/p>\n","protected":false},"author":1,"featured_media":8522,"comment_status":"closed","ping_status":"closed","sticky":false,"template":"","format":"standard","meta":{"footnotes":""},"categories":[9],"tags":[],"class_list":{"0":"post-8521","1":"post","2":"type-post","3":"status-publish","4":"format-standard","5":"has-post-thumbnail","7":"category-vendi"},"_links":{"self":[{"href":"https:\/\/syri.tv\/index.php?rest_route=\/wp\/v2\/posts\/8521","targetHints":{"allow":["GET"]}}],"collection":[{"href":"https:\/\/syri.tv\/index.php?rest_route=\/wp\/v2\/posts"}],"about":[{"href":"https:\/\/syri.tv\/index.php?rest_route=\/wp\/v2\/types\/post"}],"author":[{"embeddable":true,"href":"https:\/\/syri.tv\/index.php?rest_route=\/wp\/v2\/users\/1"}],"replies":[{"embeddable":true,"href":"https:\/\/syri.tv\/index.php?rest_route=%2Fwp%2Fv2%2Fcomments&post=8521"}],"version-history":[{"count":1,"href":"https:\/\/syri.tv\/index.php?rest_route=\/wp\/v2\/posts\/8521\/revisions"}],"predecessor-version":[{"id":8523,"href":"https:\/\/syri.tv\/index.php?rest_route=\/wp\/v2\/posts\/8521\/revisions\/8523"}],"wp:featuredmedia":[{"embeddable":true,"href":"https:\/\/syri.tv\/index.php?rest_route=\/wp\/v2\/media\/8522"}],"wp:attachment":[{"href":"https:\/\/syri.tv\/index.php?rest_route=%2Fwp%2Fv2%2Fmedia&parent=8521"}],"wp:term":[{"taxonomy":"category","embeddable":true,"href":"https:\/\/syri.tv\/index.php?rest_route=%2Fwp%2Fv2%2Fcategories&post=8521"},{"taxonomy":"post_tag","embeddable":true,"href":"https:\/\/syri.tv\/index.php?rest_route=%2Fwp%2Fv2%2Ftags&post=8521"}],"curies":[{"name":"wp","href":"https:\/\/api.w.org\/{rel}","templated":true}]}}