{"id":8517,"date":"2025-12-04T10:09:22","date_gmt":"2025-12-04T10:09:22","guid":{"rendered":"https:\/\/syri.tv\/?p=8517"},"modified":"2025-12-04T10:11:28","modified_gmt":"2025-12-04T10:11:28","slug":"kosova-dhe-britania-biseduan-per-marreveshje-strategjike-ne-mbrojtje-siguri-dhe-tregti","status":"publish","type":"post","link":"https:\/\/syri.tv\/?p=8517","title":{"rendered":"Kosova dhe Britania biseduan per marr\u00ebveshje strategjike n\u00eb mbrojtje, siguri dhe tregti"},"content":{"rendered":"<p><strong>Presidentja e Kosov\u00ebs Vjosa Osmani, \u00ebsht\u00eb takuar me ambasadorin e Mbret\u00ebris\u00eb s\u00eb Bashkuar, Jonathan Hargreaves.<\/strong><\/p>\n<p>N\u00eb njoftimin e Presidenc\u00ebs, thuhet se n\u00eb takim u diskutua p\u00ebr zhvillimet e fundit n\u00eb vend, si dhe p\u00ebr procesin e zgjedhjeve t\u00eb parakohshme m\u00eb 28 dhjetor.<\/p>\n<p>Tutje, thuhet se shefja e shtetit ritheksoi r\u00ebnd\u00ebsin\u00eb q\u00eb edhe k\u00ebto zgjedhje t\u00eb mbahen sipas standardeve m\u00eb t\u00eb larta demokratike, n\u00eb t\u00eb cilat Kosova tashm\u00eb \u00ebsht\u00eb shembull.<\/p>\n<p>\u201cPo ashtu, n\u00eb takim u diskutua edhe p\u00ebr hapat konkret drejt finalizimit t\u00eb iniciativ\u00ebs s\u00eb Presidentes p\u00ebr lidhjen e marr\u00ebveshjeve strategjike me Mbret\u00ebrin\u00eb e Bashkuar n\u00eb fushat e interesit t\u00eb p\u00ebrbashk\u00ebt, respektivisht at\u00eb t\u00eb mbrojtjes, siguris\u00eb, si dhe ekonomis\u00eb e tregtis\u00eb, p\u00ebr \u00e7\u2019gj\u00eb ishin dakorduar gjat\u00eb vizit\u00ebs s\u00eb Sekretarit t\u00eb Jasht\u00ebm britanik n\u00eb Kosov\u00eb n\u00eb prill t\u00eb k\u00ebtij viti\u201d, thuhet n\u00eb njoftim.<\/p>\n","protected":false},"excerpt":{"rendered":"<p>Presidentja e Kosov\u00ebs Vjosa Osmani, \u00ebsht\u00eb takuar me ambasadorin e Mbret\u00ebris\u00eb s\u00eb Bashkuar, Jonathan Hargreaves. N\u00eb njoftimin e Presidenc\u00ebs, thuhet se n\u00eb takim u diskutua p\u00ebr zhvillimet e fundit n\u00eb vend, si dhe p\u00ebr procesin e zgjedhjeve t\u00eb parakohshme m\u00eb 28 dhjetor. Tutje, thuhet se shefja e shtetit ritheksoi r\u00ebnd\u00ebsin\u00eb q\u00eb edhe k\u00ebto zgjedhje t\u00eb [&hellip;]<\/p>\n","protected":false},"author":1,"featured_media":8518,"comment_status":"closed","ping_status":"closed","sticky":false,"template":"","format":"standard","meta":{"footnotes":""},"categories":[2],"tags":[],"class_list":{"0":"post-8517","1":"post","2":"type-post","3":"status-publish","4":"format-standard","5":"has-post-thumbnail","7":"category-zvicer"},"_links":{"self":[{"href":"https:\/\/syri.tv\/index.php?rest_route=\/wp\/v2\/posts\/8517","targetHints":{"allow":["GET"]}}],"collection":[{"href":"https:\/\/syri.tv\/index.php?rest_route=\/wp\/v2\/posts"}],"about":[{"href":"https:\/\/syri.tv\/index.php?rest_route=\/wp\/v2\/types\/post"}],"author":[{"embeddable":true,"href":"https:\/\/syri.tv\/index.php?rest_route=\/wp\/v2\/users\/1"}],"replies":[{"embeddable":true,"href":"https:\/\/syri.tv\/index.php?rest_route=%2Fwp%2Fv2%2Fcomments&post=8517"}],"version-history":[{"count":2,"href":"https:\/\/syri.tv\/index.php?rest_route=\/wp\/v2\/posts\/8517\/revisions"}],"predecessor-version":[{"id":8520,"href":"https:\/\/syri.tv\/index.php?rest_route=\/wp\/v2\/posts\/8517\/revisions\/8520"}],"wp:featuredmedia":[{"embeddable":true,"href":"https:\/\/syri.tv\/index.php?rest_route=\/wp\/v2\/media\/8518"}],"wp:attachment":[{"href":"https:\/\/syri.tv\/index.php?rest_route=%2Fwp%2Fv2%2Fmedia&parent=8517"}],"wp:term":[{"taxonomy":"category","embeddable":true,"href":"https:\/\/syri.tv\/index.php?rest_route=%2Fwp%2Fv2%2Fcategories&post=8517"},{"taxonomy":"post_tag","embeddable":true,"href":"https:\/\/syri.tv\/index.php?rest_route=%2Fwp%2Fv2%2Ftags&post=8517"}],"curies":[{"name":"wp","href":"https:\/\/api.w.org\/{rel}","templated":true}]}}