{"id":8510,"date":"2025-12-04T08:48:58","date_gmt":"2025-12-04T08:48:58","guid":{"rendered":"https:\/\/syri.tv\/?p=8510"},"modified":"2025-12-04T08:48:58","modified_gmt":"2025-12-04T08:48:58","slug":"shefi-i-misionit-konsullor-te-republikes-se-kosoves-ne-cyrih-z-vigan-berisha-u-prit-sot-nga-presidenti-i-qeverise-kantonale-te-obwalden-z-daniel-wyler","status":"publish","type":"post","link":"https:\/\/syri.tv\/?p=8510","title":{"rendered":"Shefi i Misionit Konsullor t\u00eb Republik\u00ebs s\u00eb Kosov\u00ebs n\u00eb Cyrih, z. Vigan Berisha, u prit sot nga Presidenti i Qeveris\u00eb Kantonale t\u00eb Obwalden, z. Daniel Wyler."},"content":{"rendered":"<p>Takimi u zhvillua n\u00eb nj\u00eb atmosfer\u00eb miq\u00ebsore dhe profesionale, ku u diskutua p\u00ebr thellimin e bashk\u00ebpunimit nd\u00ebrinstitucional, si dhe p\u00ebr r\u00ebnd\u00ebsin\u00eb e m\u00ebrgat\u00ebs shqiptare n\u00eb k\u00ebt\u00eb kanton, i cili vazhdon t\u00eb kontribuoj\u00eb pozitivisht n\u00eb jet\u00ebn shoq\u00ebrore dhe ekonomike t\u00eb Obwaldenit.<br \/>\nZ. Berisha e fal\u00ebnderoi z. Wyler p\u00ebr mikpritjen dhe shprehu gatishm\u00ebrin\u00eb e institucioneve t\u00eb Republik\u00ebs s\u00eb Kosov\u00ebs p\u00ebr t\u00eb vazhduar dhe forcuar bashk\u00ebpunimin n\u00eb t\u00eb mir\u00eb t\u00eb komunitetit dhe marr\u00ebdh\u00ebnieve dypal\u00ebshe. \ud83c\uddfd\ud83c\uddf0\ud83e\udd1d\ud83c\udde8\ud83c\udded<\/p>\n<p><img loading=\"lazy\" loading=\"lazy\" decoding=\"async\" class=\"alignnone size-large wp-image-8515\" src=\"https:\/\/syri.tv\/wp-content\/uploads\/2025\/12\/WhatsApp-Image-2025-12-03-at-19.29.20-1024x1024.jpeg\" alt=\"\" width=\"1024\" height=\"1024\" srcset=\"https:\/\/syri.tv\/wp-content\/uploads\/2025\/12\/WhatsApp-Image-2025-12-03-at-19.29.20-1024x1024.jpeg 1024w, https:\/\/syri.tv\/wp-content\/uploads\/2025\/12\/WhatsApp-Image-2025-12-03-at-19.29.20-300x300.jpeg 300w, https:\/\/syri.tv\/wp-content\/uploads\/2025\/12\/WhatsApp-Image-2025-12-03-at-19.29.20-150x150.jpeg 150w, https:\/\/syri.tv\/wp-content\/uploads\/2025\/12\/WhatsApp-Image-2025-12-03-at-19.29.20-768x768.jpeg 768w, https:\/\/syri.tv\/wp-content\/uploads\/2025\/12\/WhatsApp-Image-2025-12-03-at-19.29.20-1536x1536.jpeg 1536w, https:\/\/syri.tv\/wp-content\/uploads\/2025\/12\/WhatsApp-Image-2025-12-03-at-19.29.20-860x860.jpeg 860w, https:\/\/syri.tv\/wp-content\/uploads\/2025\/12\/WhatsApp-Image-2025-12-03-at-19.29.20.jpeg 1600w\" sizes=\"auto, (max-width: 1024px) 100vw, 1024px\" \/><\/p>\n<p><img loading=\"lazy\" loading=\"lazy\" decoding=\"async\" class=\"alignnone size-large wp-image-8511\" src=\"https:\/\/syri.tv\/wp-content\/uploads\/2025\/12\/WhatsApp-Image-2025-12-03-at-19.29.20-4-1024x1024.jpeg\" alt=\"\" width=\"1024\" height=\"1024\" srcset=\"https:\/\/syri.tv\/wp-content\/uploads\/2025\/12\/WhatsApp-Image-2025-12-03-at-19.29.20-4-1024x1024.jpeg 1024w, https:\/\/syri.tv\/wp-content\/uploads\/2025\/12\/WhatsApp-Image-2025-12-03-at-19.29.20-4-300x300.jpeg 300w, https:\/\/syri.tv\/wp-content\/uploads\/2025\/12\/WhatsApp-Image-2025-12-03-at-19.29.20-4-150x150.jpeg 150w, https:\/\/syri.tv\/wp-content\/uploads\/2025\/12\/WhatsApp-Image-2025-12-03-at-19.29.20-4-768x768.jpeg 768w, https:\/\/syri.tv\/wp-content\/uploads\/2025\/12\/WhatsApp-Image-2025-12-03-at-19.29.20-4-1536x1536.jpeg 1536w, https:\/\/syri.tv\/wp-content\/uploads\/2025\/12\/WhatsApp-Image-2025-12-03-at-19.29.20-4-860x860.jpeg 860w, https:\/\/syri.tv\/wp-content\/uploads\/2025\/12\/WhatsApp-Image-2025-12-03-at-19.29.20-4.jpeg 1600w\" sizes=\"auto, (max-width: 1024px) 100vw, 1024px\" \/><\/p>\n<p><img loading=\"lazy\" loading=\"lazy\" decoding=\"async\" class=\"alignnone size-large wp-image-8512\" src=\"https:\/\/syri.tv\/wp-content\/uploads\/2025\/12\/WhatsApp-Image-2025-12-03-at-19.29.20-3-1024x1024.jpeg\" alt=\"\" width=\"1024\" height=\"1024\" srcset=\"https:\/\/syri.tv\/wp-content\/uploads\/2025\/12\/WhatsApp-Image-2025-12-03-at-19.29.20-3-1024x1024.jpeg 1024w, https:\/\/syri.tv\/wp-content\/uploads\/2025\/12\/WhatsApp-Image-2025-12-03-at-19.29.20-3-300x300.jpeg 300w, https:\/\/syri.tv\/wp-content\/uploads\/2025\/12\/WhatsApp-Image-2025-12-03-at-19.29.20-3-150x150.jpeg 150w, https:\/\/syri.tv\/wp-content\/uploads\/2025\/12\/WhatsApp-Image-2025-12-03-at-19.29.20-3-768x768.jpeg 768w, https:\/\/syri.tv\/wp-content\/uploads\/2025\/12\/WhatsApp-Image-2025-12-03-at-19.29.20-3-1536x1536.jpeg 1536w, https:\/\/syri.tv\/wp-content\/uploads\/2025\/12\/WhatsApp-Image-2025-12-03-at-19.29.20-3-860x860.jpeg 860w, https:\/\/syri.tv\/wp-content\/uploads\/2025\/12\/WhatsApp-Image-2025-12-03-at-19.29.20-3.jpeg 1600w\" sizes=\"auto, (max-width: 1024px) 100vw, 1024px\" \/><\/p>\n","protected":false},"excerpt":{"rendered":"<p>Takimi u zhvillua n\u00eb nj\u00eb atmosfer\u00eb miq\u00ebsore dhe profesionale, ku u diskutua p\u00ebr thellimin e bashk\u00ebpunimit nd\u00ebrinstitucional, si dhe p\u00ebr r\u00ebnd\u00ebsin\u00eb e m\u00ebrgat\u00ebs shqiptare n\u00eb k\u00ebt\u00eb kanton, i cili vazhdon t\u00eb kontribuoj\u00eb pozitivisht n\u00eb jet\u00ebn shoq\u00ebrore dhe ekonomike t\u00eb Obwaldenit. Z. Berisha e fal\u00ebnderoi z. Wyler p\u00ebr mikpritjen dhe shprehu gatishm\u00ebrin\u00eb e institucioneve t\u00eb Republik\u00ebs [&hellip;]<\/p>\n","protected":false},"author":1,"featured_media":8514,"comment_status":"closed","ping_status":"closed","sticky":false,"template":"","format":"standard","meta":{"footnotes":""},"categories":[2],"tags":[],"class_list":{"0":"post-8510","1":"post","2":"type-post","3":"status-publish","4":"format-standard","5":"has-post-thumbnail","7":"category-zvicer"},"_links":{"self":[{"href":"https:\/\/syri.tv\/index.php?rest_route=\/wp\/v2\/posts\/8510","targetHints":{"allow":["GET"]}}],"collection":[{"href":"https:\/\/syri.tv\/index.php?rest_route=\/wp\/v2\/posts"}],"about":[{"href":"https:\/\/syri.tv\/index.php?rest_route=\/wp\/v2\/types\/post"}],"author":[{"embeddable":true,"href":"https:\/\/syri.tv\/index.php?rest_route=\/wp\/v2\/users\/1"}],"replies":[{"embeddable":true,"href":"https:\/\/syri.tv\/index.php?rest_route=%2Fwp%2Fv2%2Fcomments&post=8510"}],"version-history":[{"count":1,"href":"https:\/\/syri.tv\/index.php?rest_route=\/wp\/v2\/posts\/8510\/revisions"}],"predecessor-version":[{"id":8516,"href":"https:\/\/syri.tv\/index.php?rest_route=\/wp\/v2\/posts\/8510\/revisions\/8516"}],"wp:featuredmedia":[{"embeddable":true,"href":"https:\/\/syri.tv\/index.php?rest_route=\/wp\/v2\/media\/8514"}],"wp:attachment":[{"href":"https:\/\/syri.tv\/index.php?rest_route=%2Fwp%2Fv2%2Fmedia&parent=8510"}],"wp:term":[{"taxonomy":"category","embeddable":true,"href":"https:\/\/syri.tv\/index.php?rest_route=%2Fwp%2Fv2%2Fcategories&post=8510"},{"taxonomy":"post_tag","embeddable":true,"href":"https:\/\/syri.tv\/index.php?rest_route=%2Fwp%2Fv2%2Ftags&post=8510"}],"curies":[{"name":"wp","href":"https:\/\/api.w.org\/{rel}","templated":true}]}}