{"id":8499,"date":"2025-12-01T17:29:00","date_gmt":"2025-12-01T17:29:00","guid":{"rendered":"https:\/\/syri.tv\/?p=8499"},"modified":"2025-12-01T17:29:00","modified_gmt":"2025-12-01T17:29:00","slug":"diskriminim-edhe-ne-perdorimin-e-simboleve-kombetare","status":"publish","type":"post","link":"https:\/\/syri.tv\/?p=8499","title":{"rendered":"Diskriminim edhe n\u00eb p\u00ebrdorimin e simboleve Komb\u00ebtare"},"content":{"rendered":"<p>Shqiptar\u00ebt n\u00eb Republik\u00ebn e Serbis\u00eb q\u00eb jetojn n\u00eb Rajonin e Preshev\u00ebs, Medvegj\u00ebs, e Bujanocit vazhdojn t\u00eb p\u00ebrballen duke u diskriminuar, pasi mungon rregullimi me ligj\u00eb p\u00ebr p\u00ebrdorimin e simboleve Komb\u00ebtare.<\/p>\n<p>Shum\u00eb qytetar\u00eb t\u00eb k\u00ebsaj Krahine shqiptare vazhdojn t\u00eb p\u00ebrballen n\u00ebp\u00ebr Gjykata Serbe, pse kan p\u00ebrdorur Flamurin Komb\u00ebtar\u00eb Shqiptar\u00eb.<\/p>\n<p>P\u00ebrdorimi i simboleve Komb\u00ebtare nga shqiptar\u00ebt n\u00eb Serbi \u00ebsht\u00eb e drejt\u00eb e tyre njer\u00ebzore, Komb\u00ebtare dhe ekzistenciale, por ende nuk \u00ebsht\u00eb rregulluar p\u00ebrdorim me dispozita ligjore, e k\u00ebshtu vazhdon diskriminimi edhe n\u00eb p\u00ebrdorimin e simboleve.<\/p>\n<p>Mos lejimi i p\u00ebrdorimit t\u00eb simboleve Komb\u00ebtare, \u00ebsht\u00eb shkelje, cenim, mohim i s\u00eb drejt\u00ebs elementare individuale dhe kolektive t\u00eb neve shqiptar\u00ebve n\u00eb k\u00ebt\u00eb Krahin\u00eb, p\u00ebrkund\u00ebr q\u00eb m\u00eb dat\u00ebn 1 e 2 marsit t\u00eb vitit 1992, \u00ebsht\u00eb organizuar dhe mbajtur Referendimi dhe ka ndodhur kryengritja e armatosur nga U\u00c7PMB-ja, kund\u00ebr forcave t\u00eb qeveris\u00eb s\u00eb Republik\u00ebs s\u00eb Serbis\u00eb.<\/p>\n<p>Kjo Krahin\u00eb shqiptare, \u00ebsht\u00eb e diskriminuar nuk lejohet vendosja e Shtatores s\u00eb Sk\u00ebnderbeut n\u00eb qend\u00ebr t\u00eb Bujanocit,dhe Lapidari i U\u00c7PMB-\u00ebs n\u00eb Preshev\u00eb i hequr nga forca policore ende nuk \u00ebsht\u00eb kthyer n\u00eb vendin e vet\u00eb.<\/p>\n<p>Kjo Krahin\u00eb shqiptare, \u00ebsht\u00eb e diskriminuar, pasi \u00ebsht\u00eb Rajoni m\u00eb i pazhvilluar dhe m\u00eb i diskrimnuar n\u00eb gjith\u00eb Evrop\u00ebn.<\/p>\n<p>Mbi t\u00eb gjitha,ky Rajon q\u00eb mbulon Preshev\u00eb, Medvegj\u00eb, e Bujanoc, nuk e ka zgjidhur \u00e7\u00ebshtjen e statusit politik t\u00eb shqiptar\u00ebve t\u00eb k\u00ebsaj krahine, prandaj vazhdon diskriminimi edhe n\u00eb p\u00ebrdorimin e simboleve Komb\u00ebtare e jo vet\u00ebm.<\/p>\n<p>*Autori i v\u00ebshtrimit \u00ebsht\u00eb Mr.Sc.Refik Hasani<\/p>\n","protected":false},"excerpt":{"rendered":"<p>Shqiptar\u00ebt n\u00eb Republik\u00ebn e Serbis\u00eb q\u00eb jetojn n\u00eb Rajonin e Preshev\u00ebs, Medvegj\u00ebs, e Bujanocit vazhdojn t\u00eb p\u00ebrballen duke u diskriminuar, pasi mungon rregullimi me ligj\u00eb p\u00ebr p\u00ebrdorimin e simboleve Komb\u00ebtare. Shum\u00eb qytetar\u00eb t\u00eb k\u00ebsaj Krahine shqiptare vazhdojn t\u00eb p\u00ebrballen n\u00ebp\u00ebr Gjykata Serbe, pse kan p\u00ebrdorur Flamurin Komb\u00ebtar\u00eb Shqiptar\u00eb. P\u00ebrdorimi i simboleve Komb\u00ebtare nga shqiptar\u00ebt n\u00eb [&hellip;]<\/p>\n","protected":false},"author":1,"featured_media":8500,"comment_status":"closed","ping_status":"closed","sticky":false,"template":"","format":"standard","meta":{"footnotes":""},"categories":[9],"tags":[],"class_list":{"0":"post-8499","1":"post","2":"type-post","3":"status-publish","4":"format-standard","5":"has-post-thumbnail","7":"category-vendi"},"_links":{"self":[{"href":"https:\/\/syri.tv\/index.php?rest_route=\/wp\/v2\/posts\/8499","targetHints":{"allow":["GET"]}}],"collection":[{"href":"https:\/\/syri.tv\/index.php?rest_route=\/wp\/v2\/posts"}],"about":[{"href":"https:\/\/syri.tv\/index.php?rest_route=\/wp\/v2\/types\/post"}],"author":[{"embeddable":true,"href":"https:\/\/syri.tv\/index.php?rest_route=\/wp\/v2\/users\/1"}],"replies":[{"embeddable":true,"href":"https:\/\/syri.tv\/index.php?rest_route=%2Fwp%2Fv2%2Fcomments&post=8499"}],"version-history":[{"count":1,"href":"https:\/\/syri.tv\/index.php?rest_route=\/wp\/v2\/posts\/8499\/revisions"}],"predecessor-version":[{"id":8501,"href":"https:\/\/syri.tv\/index.php?rest_route=\/wp\/v2\/posts\/8499\/revisions\/8501"}],"wp:featuredmedia":[{"embeddable":true,"href":"https:\/\/syri.tv\/index.php?rest_route=\/wp\/v2\/media\/8500"}],"wp:attachment":[{"href":"https:\/\/syri.tv\/index.php?rest_route=%2Fwp%2Fv2%2Fmedia&parent=8499"}],"wp:term":[{"taxonomy":"category","embeddable":true,"href":"https:\/\/syri.tv\/index.php?rest_route=%2Fwp%2Fv2%2Fcategories&post=8499"},{"taxonomy":"post_tag","embeddable":true,"href":"https:\/\/syri.tv\/index.php?rest_route=%2Fwp%2Fv2%2Ftags&post=8499"}],"curies":[{"name":"wp","href":"https:\/\/api.w.org\/{rel}","templated":true}]}}