{"id":8481,"date":"2025-11-21T13:46:03","date_gmt":"2025-11-21T13:46:03","guid":{"rendered":"https:\/\/syri.tv\/?p=8481"},"modified":"2025-11-21T13:46:03","modified_gmt":"2025-11-21T13:46:03","slug":"fjala-ime-sot-gjate-punimeve-te-samitit-te-planit-te-rritjes-se-bashkimit-evropian-qe-u-mbajt-ne-tirane","status":"publish","type":"post","link":"https:\/\/syri.tv\/?p=8481","title":{"rendered":"Fjala ime sot gjat\u00eb punimeve t\u00eb Samitit t\u00eb Planit t\u00eb Rritjes s\u00eb Bashkimit Evropian, q\u00eb u mbajt n\u00eb Tiran\u00eb:"},"content":{"rendered":"<div class=\"x14z9mp xat24cr x1lziwak x1vvkbs xtlvy1s x126k92a\">\n<div dir=\"auto\">I nderuar kryeministri Rama,<\/div>\n<div dir=\"auto\">E nderuar komisionere Kos,<\/div>\n<div dir=\"auto\">T\u00eb nderuar koleg\u00eb nga rajoni dhe p\u00ebrfaq\u00ebsues t\u00eb organizatave rajonale,<\/div>\n<\/div>\n<div class=\"x14z9mp xat24cr x1lziwak x1vvkbs xtlvy1s x126k92a\">\n<div dir=\"auto\">Dua t\u00eb filloj duke uruar Shqip\u00ebrin\u00eb n\u00eb avancimin e saj drejt Bashkimit Evropian me hapjen e kapitullit t\u00eb fundit, duke sh\u00ebnuar hapjen e secilit prej 33 kapitujve. Kjo \u00ebsht\u00eb nj\u00eb arritje e r\u00ebnd\u00ebsishme.<\/div>\n<\/div>\n<div class=\"x14z9mp xat24cr x1lziwak x1vvkbs xtlvy1s x126k92a\">\n<div dir=\"auto\">Prej takimit ton\u00eb t\u00eb fundit n\u00eb Maqedonin\u00eb e Veriut k\u00ebt\u00eb vit, u mbajt Samiti i Procesit t\u00eb Berlinit n\u00eb Lond\u00ebr, ku dham\u00eb mb\u00ebshtetjen p\u00ebr t\u00eb arriturat e reja dhe miratuam Agjend\u00ebn e Gjelb\u00ebr t\u00eb rishikuar p\u00ebr Ballkanin Per\u00ebndimor.<\/div>\n<\/div>\n<div class=\"x14z9mp xat24cr x1lziwak x1vvkbs xtlvy1s x126k92a\">\n<div dir=\"auto\">Muajin e kaluar organizata World Justice Project publikoi indeksin mbi sundimin e ligjit, e cila e renditi Kosov\u00ebn t\u00eb tret\u00ebn mes 15 shteteve t\u00eb Evrop\u00ebs Lindore dhe Azis\u00eb Qendrore, dhe t\u00eb dyt\u00ebn mes gjasht\u00eb shteteve t\u00eb Ballkanit Per\u00ebndimor sa i p\u00ebrket p\u00ebrmir\u00ebsimit n\u00eb sundim t\u00eb ligjit.<\/div>\n<\/div>\n<div class=\"x14z9mp xat24cr x1lziwak x1vvkbs xtlvy1s x126k92a\">\n<div dir=\"auto\">Renditemi si vendi m\u00eb i sigurt\u00eb n\u00eb rajon, me kriminalitetin m\u00eb t\u00eb ul\u00ebt dhe progresin m\u00eb t\u00eb madh n\u00eb luftimin e korrupsionit. E kemi sh\u00ebnuar rritjen ekonomike m\u00eb t\u00eb fuqishme dhe pas takimit ton\u00eb n\u00eb korrik n\u00eb Maqedoni t\u00eb Veriut, Banka Bot\u00ebrore dhe Fondi Monetar Nd\u00ebrkomb\u00ebtar e hoq\u00ebn Kosov\u00ebn nga lista e shteteve fragjile dhe t\u00eb ndikuara nga konfliktet.<\/div>\n<\/div>\n<div class=\"x14z9mp xat24cr x1lziwak x1vvkbs xtlvy1s x126k92a\">\n<div dir=\"auto\">Ky progres i verifikuar nd\u00ebrkomb\u00ebtarisht dhe i bazuar n\u00eb d\u00ebshmi \u00ebsht\u00eb n\u00eb kontrast t\u00eb plot\u00eb me politik\u00ebn e BE-s\u00eb p\u00ebr masa nd\u00ebshkuese dhe munges\u00ebn e progresit n\u00eb dh\u00ebnien e statusit t\u00eb merituar t\u00eb vendit kandidat p\u00ebr Kosov\u00ebn. Masat e BE-s\u00eb t\u00eb nd\u00ebrmarra ndaj Republik\u00ebs son\u00eb demokratike n\u00eb Ballkanin Per\u00ebndimor i b\u00ebjn\u00eb d\u00ebm linj\u00ebzimit ton\u00eb t\u00eb plot\u00eb me Politik\u00ebn e P\u00ebrbashk\u00ebt p\u00ebr Pun\u00eb t\u00eb Jashtme dhe Siguri t\u00eb BE-s\u00eb.<\/div>\n<\/div>\n<div class=\"x14z9mp xat24cr x1lziwak x1vvkbs xtlvy1s x126k92a\">\n<div dir=\"auto\">Kjo \u00ebsht\u00eb hera e fundit q\u00eb do t\u00eb adresoj masat nd\u00ebshkuese t\u00eb BE-s\u00eb. Ato duhet t\u00eb hiqen plot\u00ebsisht dhe t\u00ebr\u00ebsisht, ashtu si\u00e7 k\u00ebrkoi vitin e kaluar ish-P\u00ebrfaq\u00ebsuesi i Lart\u00eb dhe ish-Z\u00ebvend\u00ebspresidenti i BE-s\u00eb, Josep Borrell.<\/div>\n<\/div>\n<div class=\"x14z9mp xat24cr x1lziwak x1vvkbs xtlvy1s x126k92a\">\n<div dir=\"auto\">Gjithashtu, asnj\u00eb vend n\u00eb rajonin ton\u00eb nuk ka qen\u00eb m\u00eb i p\u00ebrgatitur n\u00eb momentin e k\u00ebrkimit t\u00eb statusit t\u00eb vendit kandidat sesa Kosova sot. T\u00eb flitet p\u00ebr urgjenc\u00ebn e zgjerimit (t\u00eb BE-s\u00eb) n\u00eb nj\u00ebr\u00ebn an\u00eb, nd\u00ebrkoh\u00eb q\u00eb lihet aplikimi i Kosov\u00ebs t\u00eb mbledh\u00eb pluhur p\u00ebr tre vjet n\u00eb nj\u00eb raft t\u00eb BE-s\u00eb, \u00ebsht\u00eb, s\u00eb paku, nj\u00eb paradoks.<\/div>\n<\/div>\n<div class=\"x14z9mp xat24cr x1lziwak x1vvkbs xtlvy1s x126k92a\">\n<div dir=\"auto\">Un\u00eb besoj se \u00ebsht\u00eb e r\u00ebnd\u00ebsishme t\u00eb flasim hapur nd\u00ebrsa jemi mbledhur p\u00ebr t\u00eb vler\u00ebsuar progresin e Planit t\u00eb Rritjes. Ne ishim t\u00eb par\u00ebt q\u00eb p\u00ebrmbush\u00ebm Agjend\u00ebn e Reformave dhe disi, tani jemi prapa n\u00eb zbatimin e saj. Dhe un\u00eb e kam mir\u00ebpritur kritik\u00ebn. Ne duhet t\u00eb jemi n\u00eb ball\u00eb t\u00eb k\u00ebtyre reformave.<\/div>\n<\/div>\n<div class=\"x14z9mp xat24cr x1lziwak x1vvkbs xtlvy1s x126k92a\">\n<div dir=\"auto\">Por ne jemi prapa jo nga zgjedhja, por nga rrethanat. Vonesat n\u00eb formimin e qeveris\u00eb s\u00eb re pas zgjedhjeve t\u00eb shkurtit t\u00eb k\u00ebtij viti shkaktuan pengesa, megjithat\u00eb ky ishte nj\u00eb ushtrim i demokracis\u00eb, ku deputet\u00ebt shpreh\u00ebn vullnetin e tyre t\u00eb lir\u00eb, ku procedurat u respektuan dhe mosmarr\u00ebveshjet u zgjidh\u00ebn n\u00eb gjykat\u00eb.<\/div>\n<\/div>\n<div class=\"x14z9mp xat24cr x1lziwak x1vvkbs xtlvy1s x126k92a\">\n<div dir=\"auto\">Tani po shkojm\u00eb drejt zgjedhjeve t\u00eb treta brenda nj\u00eb viti, t\u00eb cilat, si\u00e7 kan\u00eb treguar dy t\u00eb m\u00ebparshmet, do t\u00eb jen\u00eb t\u00eb lira, t\u00eb ndershme dhe konkurruese, duke treguar q\u00ebndrueshm\u00ebrin\u00eb e demokracis\u00eb son\u00eb dhe fuqin\u00eb e institucioneve tona. Jam i bindur se k\u00ebto zgjedhje do t\u00eb rezultojn\u00eb n\u00eb nj\u00eb qeveri t\u00eb re q\u00eb do t\u00eb ec\u00eb shpejt n\u00eb zbatimin e Agjend\u00ebs s\u00eb Reformave t\u00eb Planit t\u00eb Rritjes.<\/div>\n<\/div>\n<div class=\"x14z9mp xat24cr x1lziwak x1vvkbs xtlvy1s x126k92a\">\n<div dir=\"auto\">Ne i mir\u00ebpresim nismat e reja. Gjithashtu e kuptojm\u00eb se p\u00ebrparimi yn\u00eb individual drejt bashkimit me Tregun Unik t\u00eb BE-s\u00eb \u00ebsht\u00eb i lidhur ngusht\u00eb me p\u00ebrparimin ton\u00eb kolektiv n\u00eb l\u00ebvizshm\u00ebrin\u00eb dhe tregtin\u00eb rajonale, ose, si\u00e7 do t\u00eb thoshte Komisioni, Shtylla e Par\u00eb \u00ebsht\u00eb e lidhur me Shtyll\u00ebn e Dyt\u00eb t\u00eb Planit t\u00eb Rritjes.<\/div>\n<\/div>\n<div class=\"x14z9mp xat24cr x1lziwak x1vvkbs xtlvy1s x126k92a\">\n<div dir=\"auto\">\u2022 Ne nuk shohim pengesa n\u00eb Udh\u00ebrr\u00ebfyesin e Roaming-ut.<\/div>\n<div dir=\"auto\">\u2022 N\u00eb samitin e fundit n\u00eb Shkup, identifikuam tre sektor\u00eb p\u00ebr \u201cnearshore\u201d si pjes\u00eb e nism\u00ebs s\u00eb Autostrad\u00ebs s\u00eb Tregut Unik: 1) Teknologjin\u00eb Informative dhe t\u00eb Komunikimit, 2) Mbrojtjen 3) Agrikultur\u00ebn.<\/div>\n<div dir=\"auto\">\u2022 Transformimi ekonomik i Inteligjenc\u00ebs Artificiale ka filluar dhe ne duhet t\u00eb sigurohemi q\u00eb \u00ebsht\u00eb gjith\u00ebp\u00ebrfshir\u00ebs, etik dhe demokratik. Ne kryesojm\u00eb n\u00eb digjitalizim dhe kemi mbulim t\u00eb lart\u00eb t\u00eb rrjetit me brez t\u00eb gjer\u00eb t\u00eb internetit. Gjithashtu kemi \u00e7mimin m\u00eb t\u00eb ul\u00ebt t\u00eb energjis\u00eb elektrike n\u00eb rajon. K\u00ebto element\u00eb: lidhshm\u00ebria, p\u00ebrballueshm\u00ebria dhe gatishm\u00ebria digjitale &#8211; formojn\u00eb infrastruktur\u00ebn e s\u00eb ardhmes, duke na b\u00ebr\u00eb nj\u00eb qend\u00ebr t\u00eb fuqishme potenciale p\u00ebr Fabrikat e Inteligjenc\u00ebs Artificiale t\u00eb Bashkimit Evropian.<\/div>\n<div dir=\"auto\">\u2022 P\u00ebr mandatin ton\u00eb t\u00eb ardhsh\u00ebm, ne planifikojm\u00eb t\u00eb ndajm\u00eb t\u00eb pakt\u00ebn nj\u00eb miliard euro n\u00eb vit n\u00eb investime kapitale p\u00ebr projekte strategjike. Ne kemi nj\u00eb klim\u00eb ekonomike gjithnj\u00eb e m\u00eb t\u00eb fort\u00eb. Ne renditemi t\u00eb 26-t\u00ebt n\u00eb nivel global dhe t\u00eb par\u00ebt n\u00eb Ballkanin Per\u00ebndimor, sipas Indeksit Global t\u00eb Riskut dhe Rezistenc\u00ebs s\u00eb Investimeve t\u00eb Henley &amp; Partners. T\u00eb frym\u00ebzuar nga pritja pozitive e konferencave t\u00eb investimeve n\u00eb Tiran\u00eb dhe Podgoric\u00eb, ne mezi presim mund\u00ebsin\u00eb p\u00ebr t\u00eb sjell\u00eb nj\u00eb forum edhe n\u00eb Prishtin\u00eb.<\/div>\n<\/div>\n<div class=\"x14z9mp xat24cr x1lziwak x1vvkbs xtlvy1s x126k92a\">\n<div dir=\"auto\">S\u00eb fundmi, avancimi i integrimit ekonomik k\u00ebrkon infrastruktur\u00ebn n\u00eb thelb t\u00eb tij. Nj\u00eb p\u00ebrdit\u00ebsim i Rrjetit Trans-Evropian \u00ebsht\u00eb thelb\u00ebsor p\u00ebr t\u00eb siguruar q\u00eb korridoret rajonale t\u00eb funksionojn\u00eb me efikasitet maksimal. Pozicioni i Kosov\u00ebs ka r\u00ebnd\u00ebsi unike. Ne kemi potencialin p\u00ebr t\u00eb sh\u00ebrbyer si rruga m\u00eb e shpejt\u00eb brenda rajonit dhe nga rajoni drejt BE-s\u00eb. N\u00eb k\u00ebt\u00eb kontekst, hekurudha Prishtin\u00eb-Durr\u00ebs meriton v\u00ebmendje t\u00eb ve\u00e7ant\u00eb. Si nj\u00eb lidhje midis korridoreve 8 dhe 10 t\u00eb rrjeteve evropiane TEN-T, do t&#8217;i sh\u00ebrbente lidhjes dhe arkitektur\u00ebs evropiane t\u00eb transportit.<\/div>\n<\/div>\n<div class=\"x14z9mp xat24cr x1lziwak x1vvkbs xtlvy1s x126k92a\">\n<div dir=\"auto\">Mbi progresin e Planit t\u00eb Rritjes dhe angazhimet tona t\u00eb p\u00ebrbashk\u00ebta:<\/div>\n<div dir=\"auto\">&#8211; P\u00ebr Korsit\u00eb e Gjelbra \u2013 Ne mir\u00ebpresim p\u00ebrfshirjen e dy pikave doganore m\u00eb t\u00eb ngarkuara \u201cHani i Elezit \u2013 Bllac\u00eb\u201d si pjes\u00eb e nism\u00ebs Korsit\u00eb e Gjelbra dhe V\u00ebrmic\u00eb\/Morin\u00eb me Shqip\u00ebrin\u00eb si pjes\u00eb e nism\u00ebs brenda CEFTA-s. Modernizimi i k\u00ebtyre dy pikave kufitare do t\u00eb p\u00ebrmir\u00ebsoj\u00eb m\u00eb tej tregtin\u00eb.<\/div>\n<div dir=\"auto\">&#8211; P\u00ebr SEPA-n \u2013 Ne kemi dor\u00ebzuar t\u00eb gjitha ligjet e nevojshme si kritere teknike p\u00ebr aplikimin ton\u00eb nj\u00eb vit m\u00eb par\u00eb, por ato mbeten n\u00ebn shqyrtim n\u00eb Gjykat\u00ebn ton\u00eb Kushtetuese. Kosova i plot\u00ebson t\u00eb gjitha kushtet p\u00ebr t&#8217;u bashkuar me SEPA-n, dhe ne do t\u00eb mir\u00ebprisnim shqyrtimin e BE-s\u00eb n\u00eb m\u00ebnyr\u00eb q\u00eb t\u00eb mund t\u00eb ecim shpejt sapo gjykata t\u00eb p\u00ebrfundoj\u00eb procesin e saj.<\/div>\n<div dir=\"auto\">&#8211; P\u00ebr nism\u00ebn WIFI \u2013 Pothuajse t\u00eb gjitha komunat, 33 nga 38, jan\u00eb p\u00ebrzgjedhur p\u00ebr nism\u00ebn WIFI4WB. Instalimet pritet t\u00eb fillojn\u00eb n\u00eb dhjetor, nd\u00ebrsa vendosja e t\u00eb gjitha pikave \u00ebsht\u00eb planifikuar t\u00eb p\u00ebrfundoj\u00eb deri n\u00eb shkurt.<\/div>\n<div dir=\"auto\">&#8211; P\u00ebr Portofolin Digjital \u2013 kemi nisur pilotimin e par\u00eb p\u00ebr sistemin ton\u00eb komb\u00ebtar t\u00eb identifikimit elektronik, portofolin elektronik t\u00eb Kosov\u00ebs, i modeluar sipas Portofolit Digjital t\u00eb Identitetit t\u00eb BE-s\u00eb. Ofron autentifikim elektronik, n\u00ebnshkrime, vula dhe nj\u00eb portofol digjital.<\/div>\n<div dir=\"auto\">&#8211; Mbi Marr\u00ebveshjen p\u00ebr Pranimin e Vler\u00ebsimit t\u00eb Konformitetit \u2013 produktet e akredituara dhe t\u00eb sh\u00ebnuara n\u00eb p\u00ebrputhje me rregulloren e BE-s\u00eb duhet t\u00eb pranohen brenda Gjasht\u00eb Vendeve t\u00eb Ballkanit Per\u00ebndimor (BP6).<\/div>\n<\/div>\n<div class=\"x14z9mp xat24cr x1lziwak x1vvkbs xtlvy1s x126k92a\">\n<div dir=\"auto\">Dosjet e Shtyll\u00ebs s\u00eb Par\u00eb ofrojn\u00eb an\u00ebtar\u00ebsim dhe bashk\u00ebpunim me agjencit\u00eb e BE-s\u00eb dhe organe t\u00eb tjera q\u00eb lidhen me turizmin, aleanc\u00ebn mjek\u00ebsore, Autostrad\u00ebn e Tregut Unik, ACAA-n\u00eb dhe mbrojtjen e konsumatorit.<\/div>\n<\/div>\n<div class=\"x14z9mp xat24cr x1lziwak x1vvkbs xtlvy1s x126k92a\">\n<div dir=\"auto\">Qasja e barabart\u00eb dhe partneriteti simetrik me k\u00ebto mekanizma jan\u00eb thelb\u00ebsore p\u00ebr t\u00eb gjith\u00eb an\u00ebtar\u00ebt e BP6 p\u00ebr t\u00eb p\u00ebrfituar nga Tregu i P\u00ebrbashk\u00ebt Rajonal dhe Tregu Unik i BE-s\u00eb. N\u00eb k\u00ebt\u00eb drejtim, ne p\u00ebrballemi me pengesa strukturore p\u00ebr an\u00ebtar\u00ebsim n\u00eb k\u00ebto agjenci dhe organe. Nj\u00eb e till\u00eb e r\u00ebnd\u00ebsishme \u00ebsht\u00eb Konventa e Transitit t\u00eb P\u00ebrbashk\u00ebt (CTC). Ne aplikuam p\u00ebr an\u00ebtar\u00ebsim n\u00eb Konvent\u00ebn e Transitit t\u00eb P\u00ebrbashk\u00ebt n\u00eb vitin 2015. M\u00eb shum\u00eb se nj\u00eb dekad\u00eb pritjeje pa nj\u00eb vendim p\u00ebr aplikimin ton\u00eb pasqyron nj\u00eb rit\u00ebm t\u00eb ngadalt\u00eb t\u00eb vendimmarrjes.<\/div>\n<\/div>\n<div class=\"x14z9mp xat24cr x1lziwak x1vvkbs xtlvy1s x126k92a\">\n<div dir=\"auto\">Mbi Shtyll\u00ebn e Dyt\u00eb (Tregu i P\u00ebrbashk\u00ebt Rajonal):<\/div>\n<div dir=\"auto\">Ne kemi n\u00ebnshkruar pes\u00eb marr\u00ebveshje l\u00ebvizshm\u00ebrie, megjithat\u00eb, pas tre vitesh, ato mbeten t\u00eb pazbatuara. Q\u00eb kur nis\u00ebn bllokada n\u00eb zbatimin e Marr\u00ebveshjes p\u00ebr Institucionet e Arsimit t\u00eb Lart\u00eb (IAL), un\u00eb i dhash\u00eb detyr\u00eb SHERPA-s son\u00eb q\u00eb t\u00eb ndjek\u00eb n\u00eb m\u00ebnyr\u00eb aktive nj\u00eb zgjidhje. \u00cbsht\u00eb p\u00ebr t\u00eb ardhur keq q\u00eb p\u00ebrpjekjet dhe gatishm\u00ebria jon\u00eb nuk jan\u00eb ndjekur edhe nga pala tjet\u00ebr. Status quo-ja p\u00ebr k\u00ebt\u00eb \u00e7\u00ebshtje nuk mund t\u00eb q\u00ebndroj\u00eb. Kjo marr\u00ebveshje, s\u00eb bashku me Marr\u00ebveshjen p\u00ebr Qasjen n\u00eb Studimin dhe vendimin p\u00ebr lejet e pun\u00ebs dhe Vendimin e CEFTA-s p\u00ebr Njohjen e Kualifikimit Profesional, \u00ebsht\u00eb thelb\u00ebsore p\u00ebr l\u00ebvizshm\u00ebrin\u00eb e student\u00ebve dhe pun\u00ebtor\u00ebve, pa t\u00eb cilat nuk mund t\u00eb arrijm\u00eb nj\u00eb treg t\u00eb p\u00ebrbashk\u00ebt rajonal.<\/div>\n<\/div>\n<div class=\"x14z9mp xat24cr x1lziwak x1vvkbs xtlvy1s x126k92a\">\n<div dir=\"auto\">P\u00ebrsh\u00ebndes angazhimin e fundit t\u00eb Komisionit p\u00ebr k\u00ebt\u00eb \u00e7\u00ebshtje dhe ju inkurajoj t\u00eb punoni me SHERPA-t n\u00eb zgjidhjen e \u00e7\u00ebshtjeve n\u00eb lidhje me zbatimin e arritjeve t\u00eb Tregut t\u00eb P\u00ebrbashk\u00ebt Rajonal.<\/div>\n<\/div>\n<div class=\"x14z9mp xat24cr x1lziwak x1vvkbs xtlvy1s x126k92a\">\n<div dir=\"auto\">N\u00eb kryesimin ton\u00eb t\u00eb par\u00eb t\u00eb drejtp\u00ebrdrejt\u00eb t\u00eb CEFTA-s, ne po tregojm\u00eb lidership dhe po ofrojm\u00eb p\u00ebrfitime p\u00ebr t\u00eb gjitha vendet e CEFTA-s. Ne zgjodh\u00ebm nj\u00eb Drejtor t\u00eb CEFTA-s pas nj\u00eb bllokimi dyvje\u00e7ar q\u00eb vuri n\u00eb rrezik nj\u00eb grant t\u00eb BE-s\u00eb prej 7 milion\u00eb eurosh. Kemi miratuar vendime p\u00ebr t\u00eb thelluar tregtin\u00eb dhe presim q\u00eb vendime t\u00eb m\u00ebdha, t\u00eb tilla si Njohja e Sh\u00ebrbimeve t\u00eb Besimit, mbi Njohjen e Kualifikimit Profesional dhe Strategjia e Menaxhimit t\u00eb Rrezikut, t\u00eb miratohen k\u00ebt\u00eb dhjetor n\u00eb Prishtin\u00eb gjat\u00eb Jav\u00ebs s\u00eb CEFTA-s.<\/div>\n<\/div>\n<div class=\"x14z9mp xat24cr x1lziwak x1vvkbs xtlvy1s x126k92a\">\n<div dir=\"auto\">E fundit, ndon\u00ebse gjithmon\u00eb e shijoj q\u00ebndrimin n\u00eb Tiran\u00eb, do ta mir\u00ebpres n\u00ebse samiti i ardhsh\u00ebm zhvillohet n\u00eb Prishtin\u00eb.<\/div>\n<\/div>\n<div class=\"x14z9mp xat24cr x1lziwak x1vvkbs xtlvy1s x126k92a\">\n<div dir=\"auto\">Faleminderit.<\/div>\n<div dir=\"auto\"><img loading=\"lazy\" loading=\"lazy\" decoding=\"async\" class=\"alignnone size-large wp-image-8483\" src=\"https:\/\/syri.tv\/wp-content\/uploads\/2025\/11\/kr-1024x623.png\" alt=\"\" width=\"1024\" height=\"623\" srcset=\"https:\/\/syri.tv\/wp-content\/uploads\/2025\/11\/kr-1024x623.png 1024w, https:\/\/syri.tv\/wp-content\/uploads\/2025\/11\/kr-300x182.png 300w, https:\/\/syri.tv\/wp-content\/uploads\/2025\/11\/kr-768x467.png 768w, https:\/\/syri.tv\/wp-content\/uploads\/2025\/11\/kr-860x523.png 860w, https:\/\/syri.tv\/wp-content\/uploads\/2025\/11\/kr.png 1385w\" sizes=\"auto, (max-width: 1024px) 100vw, 1024px\" \/><\/div>\n<\/div>\n","protected":false},"excerpt":{"rendered":"<p>I nderuar kryeministri Rama, E nderuar komisionere Kos, T\u00eb nderuar koleg\u00eb nga rajoni dhe p\u00ebrfaq\u00ebsues t\u00eb organizatave rajonale, Dua t\u00eb filloj duke uruar Shqip\u00ebrin\u00eb n\u00eb avancimin e saj drejt Bashkimit Evropian me hapjen e kapitullit t\u00eb fundit, duke sh\u00ebnuar hapjen e secilit prej 33 kapitujve. Kjo \u00ebsht\u00eb nj\u00eb arritje e r\u00ebnd\u00ebsishme. Prej takimit ton\u00eb t\u00eb [&hellip;]<\/p>\n","protected":false},"author":1,"featured_media":8482,"comment_status":"closed","ping_status":"closed","sticky":false,"template":"","format":"standard","meta":{"footnotes":""},"categories":[105],"tags":[],"class_list":{"0":"post-8481","1":"post","2":"type-post","3":"status-publish","4":"format-standard","5":"has-post-thumbnail","7":"category-europa"},"_links":{"self":[{"href":"https:\/\/syri.tv\/index.php?rest_route=\/wp\/v2\/posts\/8481","targetHints":{"allow":["GET"]}}],"collection":[{"href":"https:\/\/syri.tv\/index.php?rest_route=\/wp\/v2\/posts"}],"about":[{"href":"https:\/\/syri.tv\/index.php?rest_route=\/wp\/v2\/types\/post"}],"author":[{"embeddable":true,"href":"https:\/\/syri.tv\/index.php?rest_route=\/wp\/v2\/users\/1"}],"replies":[{"embeddable":true,"href":"https:\/\/syri.tv\/index.php?rest_route=%2Fwp%2Fv2%2Fcomments&post=8481"}],"version-history":[{"count":1,"href":"https:\/\/syri.tv\/index.php?rest_route=\/wp\/v2\/posts\/8481\/revisions"}],"predecessor-version":[{"id":8484,"href":"https:\/\/syri.tv\/index.php?rest_route=\/wp\/v2\/posts\/8481\/revisions\/8484"}],"wp:featuredmedia":[{"embeddable":true,"href":"https:\/\/syri.tv\/index.php?rest_route=\/wp\/v2\/media\/8482"}],"wp:attachment":[{"href":"https:\/\/syri.tv\/index.php?rest_route=%2Fwp%2Fv2%2Fmedia&parent=8481"}],"wp:term":[{"taxonomy":"category","embeddable":true,"href":"https:\/\/syri.tv\/index.php?rest_route=%2Fwp%2Fv2%2Fcategories&post=8481"},{"taxonomy":"post_tag","embeddable":true,"href":"https:\/\/syri.tv\/index.php?rest_route=%2Fwp%2Fv2%2Ftags&post=8481"}],"curies":[{"name":"wp","href":"https:\/\/api.w.org\/{rel}","templated":true}]}}