{"id":8472,"date":"2025-11-21T09:38:36","date_gmt":"2025-11-21T09:38:36","guid":{"rendered":"https:\/\/syri.tv\/?p=8472"},"modified":"2025-11-21T09:41:04","modified_gmt":"2025-11-21T09:41:04","slug":"xhevdet-mazrekaj-krizen-e-dirigjuar-kush-e-coi-kosoven-drejt-zgjedhjeve-te-detyruara","status":"publish","type":"post","link":"https:\/\/syri.tv\/?p=8472","title":{"rendered":"Xhevdet Mazrekaj: Kriza e dirigjuar q\u00eb e \u00e7oi Kosov\u00ebn drejt zgjedhjeve t\u00eb detyruara"},"content":{"rendered":"<div class=\"x14z9mp xat24cr x1lziwak x1vvkbs xtlvy1s x126k92a\">\n<div dir=\"auto\"><a class=\"x1i10hfl xjbqb8w x1ejq31n x18oe1m7 x1sy0etr xstzfhl x972fbf x10w94by x1qhh985 x14e42zd x9f619 x1ypdohk xt0psk2 x3ct3a4 xdj266r x14z9mp xat24cr x1lziwak xexx8yu xyri2b x18d9i69 x1c1uobl x16tdsg8 x1hl2dhg xggy1nq x1a2a7pz xkrqix3 x1sur9pj xzsf02u x1s688f\" tabindex=\"0\" role=\"link\" href=\"https:\/\/www.facebook.com\/xhevdetmazrekaj?__cft__[0]=AZXvqC-e9n7QLLGZ98zrw-Igy_G582X8_4HYA_jsW5hUmn3e0VpB8pNimsFI4zwc_NVO_3jwG3QKMhqb9_n7I2tqU11RE9AvZ7gFXGJiLtTAOPRAv8y6nFp9B-nvIs0PXlESAbeTDx1Dvv_-LxV_bxuby0Dml9IIpJD8zD1UfTYQDZ336L_7RPrDxXY1E51Lp63hrjHscLoVdEkPfH9emoP000pCWfLjT8qs4vVYBnCUXQ&amp;__tn__=-UC%2CP-y-R\"><b class=\"html-b xdj266r x14z9mp xat24cr x1lziwak xexx8yu xyri2b x18d9i69 x1c1uobl x1hl2dhg x16tdsg8 x1vvkbs x1s688f\"><span class=\"html-span xdj266r x14z9mp xat24cr x1lziwak xexx8yu xyri2b x18d9i69 x1c1uobl x1hl2dhg x16tdsg8 x1vvkbs\">Xhevdet Mazrekaj<\/span><\/b><\/a><\/div>\n<div dir=\"auto\">Kosova sot u shty drejt zgjedhjeve t\u00eb reja, jo sepse nuk kishte kandidat\u00eb, jo sepse nuk kishte vullnet institucional, por sepse dikush punoi me metoda t\u00eb njohura p\u00ebr ta prodhuar k\u00ebt\u00eb kriz\u00eb.<\/div>\n<div dir=\"auto\">D\u00ebshtimi i formimit t\u00eb Qeveris\u00eb nuk \u00ebsht\u00eb aritmetik\u00eb parlamentare; \u00ebsht\u00eb rezultat i nj\u00eb bllokade t\u00eb nd\u00ebrtuar, t\u00eb orkestruar dhe t\u00eb shtyr\u00eb nga interesa q\u00eb shkojn\u00eb shum\u00eb p\u00ebrtej debatit t\u00eb brendsh\u00ebm kosovar.<\/div>\n<\/div>\n<div class=\"x14z9mp xat24cr x1lziwak x1vvkbs xtlvy1s x126k92a\">\n<div dir=\"auto\">Kjo nuk \u00ebsht\u00eb kriza e par\u00eb politike e Kosov\u00ebs \u2014 por \u00ebsht\u00eb kriza e par\u00eb kaq e qart\u00eb, ku aktor\u00ebt q\u00eb punojn\u00eb kund\u00ebr stabilitetit t\u00eb vendit u shfaq\u00ebn n\u00eb nj\u00eb rresht t\u00eb vet\u00ebm. Dhe rreshtimi i sot\u00ebm tregon shum\u00eb: kush d\u00ebshiron stabilitet p\u00ebr Kosov\u00ebn dhe kush p\u00ebrfiton nga destabilizimi i saj.<\/div>\n<\/div>\n<div class=\"x14z9mp xat24cr x1lziwak x1vvkbs xtlvy1s x126k92a\">\n<div dir=\"auto\">Opozita e rr\u00ebzoi edhe Konjufc\u00ebn \u2013 dhe me k\u00ebt\u00eb rr\u00ebzoi alibin\u00eb e vet<\/div>\n<\/div>\n<div class=\"x14z9mp xat24cr x1lziwak x1vvkbs xtlvy1s x126k92a\">\n<div dir=\"auto\">P\u00ebr muaj t\u00eb t\u00ebr\u00eb opozita deklaronte se &#171;problemi \u00ebsht\u00eb Albin Kurti&#187;. Sot u v\u00ebrtetua se ajo nuk po kund\u00ebrshtonte Kurtin \u2013 por vet\u00eb iden\u00eb e formimit t\u00eb qeveris\u00eb.<\/div>\n<\/div>\n<div class=\"x14z9mp xat24cr x1lziwak x1vvkbs xtlvy1s x126k92a\">\n<div dir=\"auto\">Glauk Konjufca ishte kandidati m\u00eb i moderuar i mundsh\u00ebm:<\/div>\n<\/div>\n<div class=\"x14z9mp xat24cr x1lziwak x1vvkbs xtlvy1s x126k92a\">\n<div dir=\"auto\">&#8211; me raporte komunikimi me partit\u00eb e pasluft\u00ebs,<\/div>\n<\/div>\n<div class=\"x14z9mp xat24cr x1lziwak x1vvkbs xtlvy1s x126k92a\">\n<div dir=\"auto\">&#8211; i pranuesh\u00ebm p\u00ebr shum\u00eb figura q\u00eb kan\u00eb dominuar sken\u00ebn politike gjat\u00eb dy dekadave t\u00eb fundit,<\/div>\n<\/div>\n<div class=\"x14z9mp xat24cr x1lziwak x1vvkbs xtlvy1s x126k92a\">\n<div dir=\"auto\">&#8211; me profil m\u00eb pak konfliktual sesa Kurti.<\/div>\n<\/div>\n<div class=\"x14z9mp xat24cr x1lziwak x1vvkbs xtlvy1s x126k92a\">\n<div dir=\"auto\">N\u00ebse opozita do t\u00eb kishte realisht interes p\u00ebr stabilitet, Konjufca do t\u00eb ishte zgjedhja m\u00eb e leht\u00eb. Por opozita e refuzoi. Dhe refuzimi i saj e \u00e7on debatin nga politika e dit\u00ebs drejt pyetjes s\u00eb v\u00ebrtet\u00eb:<\/div>\n<\/div>\n<div class=\"x14z9mp xat24cr x1lziwak x1vvkbs xtlvy1s x126k92a\">\n<div dir=\"auto\">Kush po e dirigjon kriz\u00ebn?<\/div>\n<\/div>\n<div class=\"x14z9mp xat24cr x1lziwak x1vvkbs xtlvy1s x126k92a\">\n<div dir=\"auto\">Lista Serbe dhe opozita shqiptare \u2013 n\u00eb nj\u00eb vot\u00eb t\u00eb p\u00ebrbashk\u00ebt<\/div>\n<\/div>\n<div class=\"x14z9mp xat24cr x1lziwak x1vvkbs xtlvy1s x126k92a\">\n<div dir=\"auto\">Fakti q\u00eb Lista Serbe voton n\u00eb t\u00eb nj\u00ebjtin drejtim me opozit\u00ebn shqiptare \u00ebsht\u00eb tregues i pamohuesh\u00ebm i natyr\u00ebs s\u00eb kriz\u00ebs. Kjo nuk \u00ebsht\u00eb as rast\u00ebsi, as paraleliz\u00ebm politik. \u00cbsht\u00eb p\u00ebrputhje interesi.<\/div>\n<\/div>\n<div class=\"x14z9mp xat24cr x1lziwak x1vvkbs xtlvy1s x126k92a\">\n<div dir=\"auto\">Serbia ka vite q\u00eb punon ta paraqes\u00eb Kosov\u00ebn si shtet jostabil, t\u00eb pap\u00ebrgatitur p\u00ebr vet\u00ebqeverisje. Mosformimi i Qeveris\u00eb dhe bllokimi i buxhetit i sh\u00ebrbejn\u00eb pik\u00ebrisht k\u00ebtij synimi.<\/div>\n<\/div>\n<div class=\"x14z9mp xat24cr x1lziwak x1vvkbs xtlvy1s x126k92a\">\n<div dir=\"auto\">P\u00ebr Beogradin, nj\u00eb Kosov\u00eb pa qeveri t\u00eb funksionale \u00ebsht\u00eb argument diplomatik, mjet presioni dhe prov\u00eb e nj\u00eb narrative t\u00eb vjet\u00ebr: \u201cKosova nuk \u00ebsht\u00eb e q\u00ebndrueshme pa Serbin\u00eb\u201d.<\/div>\n<\/div>\n<div class=\"x14z9mp xat24cr x1lziwak x1vvkbs xtlvy1s x126k92a\">\n<div dir=\"auto\">Sot, opozita e Kosov\u00ebs i dha Serbis\u00eb pik\u00ebrisht at\u00eb q\u00eb i duhej.<\/div>\n<\/div>\n<div class=\"x14z9mp xat24cr x1lziwak x1vvkbs xtlvy1s x126k92a\">\n<div dir=\"auto\">Tirana zyrtare \u2013 heshtja q\u00eb thot\u00eb shum\u00eb<\/div>\n<\/div>\n<div class=\"x14z9mp xat24cr x1lziwak x1vvkbs xtlvy1s x126k92a\">\n<div dir=\"auto\">Nuk \u00ebsht\u00eb sekret se Kryeministri i Shqip\u00ebris\u00eb ka koh\u00eb q\u00eb synon nj\u00eb \u201czgjidhje finale\u201d me Serbin\u00eb, duke e shtyr\u00eb dialogun drejt nj\u00eb marr\u00ebveshjeje q\u00eb nuk p\u00ebrshtatet me interesat e Kosov\u00ebs.<\/div>\n<div dir=\"auto\">N\u00eb k\u00ebt\u00eb kontekst, bllokada institucionale e Prishtin\u00ebs i jep Tiran\u00ebs nj\u00eb argument t\u00eb ri: \u201cKosova nuk mund t\u00eb ec\u00eb p\u00ebrpara pa kompromis t\u00eb madh\u201d.<\/div>\n<\/div>\n<div class=\"x14z9mp xat24cr x1lziwak x1vvkbs xtlvy1s x126k92a\">\n<div dir=\"auto\">Heshtja e Tiran\u00ebs sot nuk \u00ebsht\u00eb neutrale.<\/div>\n<div dir=\"auto\">\u00cbsht\u00eb pjes\u00eb e loj\u00ebs.<\/div>\n<div dir=\"auto\">\u00cbsht\u00eb pjes\u00eb e kriz\u00ebs s\u00eb dirigjuar.<\/div>\n<\/div>\n<div class=\"x14z9mp xat24cr x1lziwak x1vvkbs xtlvy1s x126k92a\">\n<div dir=\"auto\">Z\u00ebrat e Beogradit n\u00eb Prishtin\u00eb \u2013 m\u00eb t\u00eb z\u00ebsh\u00ebm se kurr\u00eb<\/div>\n<\/div>\n<div class=\"x14z9mp xat24cr x1lziwak x1vvkbs xtlvy1s x126k92a\">\n<div dir=\"auto\">Nuk \u00ebsht\u00eb rast\u00ebsi q\u00eb figurat q\u00eb historikisht kan\u00eb rezonuar me narrativat e Beogradit dol\u00ebn hapur kund\u00ebr formimit t\u00eb qeveris\u00eb.<\/div>\n<div dir=\"auto\">Nuk \u00ebsht\u00eb rast\u00ebsi q\u00eb disa prej tyre minimalizuan krimet e Millosheviqit.<\/div>\n<div dir=\"auto\">Nuk \u00ebsht\u00eb rast\u00ebsi q\u00eb sot festojn\u00eb d\u00ebshtimin institucional t\u00eb Kosov\u00ebs.<\/div>\n<\/div>\n<div class=\"x14z9mp xat24cr x1lziwak x1vvkbs xtlvy1s x126k92a\">\n<div dir=\"auto\">Kur k\u00ebta z\u00ebra festojn\u00eb \u2013 Kosova duhet t\u00eb shqet\u00ebsohet.<\/div>\n<\/div>\n<div class=\"x14z9mp xat24cr x1lziwak x1vvkbs xtlvy1s x126k92a\">\n<div dir=\"auto\">LDK \u2013 devijimi m\u00eb i r\u00ebnd\u00eb politik dhe moral<\/div>\n<\/div>\n<div class=\"x14z9mp xat24cr x1lziwak x1vvkbs xtlvy1s x126k92a\">\n<div dir=\"auto\">LDK sot e braktisi tradit\u00ebn e Rugov\u00ebs duke u rreshtuar me:<\/div>\n<\/div>\n<div class=\"x14z9mp xat24cr x1lziwak x1vvkbs xtlvy1s x126k92a\">\n<div dir=\"auto\">&#8211; ata q\u00eb e kan\u00eb shar\u00eb Rugov\u00ebn,<\/div>\n<\/div>\n<div class=\"x14z9mp xat24cr x1lziwak x1vvkbs xtlvy1s x126k92a\">\n<div dir=\"auto\">&#8211; ata q\u00eb kan\u00eb relativizuar masakrat serbe,<\/div>\n<\/div>\n<div class=\"x14z9mp xat24cr x1lziwak x1vvkbs xtlvy1s x126k92a\">\n<div dir=\"auto\">&#8211; ata q\u00eb e kan\u00eb futur n\u00eb list\u00eb t\u00eb zez\u00eb,<\/div>\n<\/div>\n<div class=\"x14z9mp xat24cr x1lziwak x1vvkbs xtlvy1s x126k92a\">\n<div dir=\"auto\">&#8211; dhe mbi t\u00eb gjitha, me List\u00ebn Serbe t\u00eb Radoi\u00e7iqit.<\/div>\n<\/div>\n<div class=\"x14z9mp xat24cr x1lziwak x1vvkbs xtlvy1s x126k92a\">\n<div dir=\"auto\">Ky nuk \u00ebsht\u00eb thjesht pozicion politik.<\/div>\n<div dir=\"auto\">Ky \u00ebsht\u00eb humbje e identitetit politik t\u00eb nj\u00eb partie q\u00eb p\u00ebr tri dekada ka pretenduar t\u00eb jet\u00eb boshti i shtetformimit.<\/div>\n<\/div>\n<div class=\"x14z9mp xat24cr x1lziwak x1vvkbs xtlvy1s x126k92a\">\n<div dir=\"auto\">Sot, LDK votoi si\u00e7 ka dashur Serbia.<\/div>\n<\/div>\n<div class=\"x14z9mp xat24cr x1lziwak x1vvkbs xtlvy1s x126k92a\">\n<div dir=\"auto\">Zgjedhjet e reja \u2013 referendum p\u00ebr sovranitetin e Kosov\u00ebs<\/div>\n<\/div>\n<div class=\"x14z9mp xat24cr x1lziwak x1vvkbs xtlvy1s x126k92a\">\n<div dir=\"auto\">Kosova shkon n\u00eb zgjedhje t\u00eb detyruara.<\/div>\n<div dir=\"auto\">Por k\u00ebto nuk do t\u00eb jen\u00eb zgjedhje t\u00eb zakonshme.<\/div>\n<div dir=\"auto\">Do t\u00eb jen\u00eb referendum p\u00ebr sovranitetin politik t\u00eb vendit.<\/div>\n<\/div>\n<div class=\"x14z9mp xat24cr x1lziwak x1vvkbs xtlvy1s x126k92a\">\n<div dir=\"auto\">Pyetja nuk \u00ebsht\u00eb m\u00eb:<\/div>\n<\/div>\n<div class=\"x14z9mp xat24cr x1lziwak x1vvkbs xtlvy1s x126k92a\">\n<div dir=\"auto\">\u201cCili kandidat ju p\u00eblqen?\u201d<\/div>\n<\/div>\n<div class=\"x14z9mp xat24cr x1lziwak x1vvkbs xtlvy1s x126k92a\">\n<div dir=\"auto\">Pyetja \u00ebsht\u00eb:<\/div>\n<\/div>\n<div class=\"x14z9mp xat24cr x1lziwak x1vvkbs xtlvy1s x126k92a\">\n<div dir=\"auto\">A do t\u00eb vendos\u00eb Kosova vet\u00eb p\u00ebr fatin e saj, apo do t\u00eb vendoset p\u00ebr t\u00eb n\u00eb Tiran\u00eb e Beograd?<\/div>\n<\/div>\n<div class=\"x14z9mp xat24cr x1lziwak x1vvkbs xtlvy1s x126k92a\">\n<div dir=\"auto\">Ose th\u00ebn\u00eb m\u00eb qart\u00eb:<\/div>\n<\/div>\n<div class=\"x14z9mp xat24cr x1lziwak x1vvkbs xtlvy1s x126k92a\">\n<div dir=\"auto\">A votoni p\u00ebr stabilitetin e Kosov\u00ebs, apo p\u00ebr projektin e djesh\u00ebm t\u00eb atyre q\u00eb sot festuan me List\u00ebn Serbe?<\/div>\n<\/div>\n<div class=\"x14z9mp xat24cr x1lziwak x1vvkbs xtlvy1s x126k92a\">\n<div dir=\"auto\">P\u00ebrfundim: Sot nuk u rr\u00ebzua qeveria \u2013 sot u zbulua nj\u00eb projekt<\/div>\n<\/div>\n<div class=\"x14z9mp xat24cr x1lziwak x1vvkbs xtlvy1s x126k92a\">\n<div dir=\"auto\">D\u00ebshtimi i formimit t\u00eb qeveris\u00eb ishte testi q\u00eb i zbuloi t\u00eb gjith\u00eb aktor\u00ebt:<\/div>\n<div dir=\"auto\">kush punon p\u00ebr Kosov\u00ebn dhe kush punon p\u00ebr skenarin e dirigjuar q\u00eb \u00e7on vendin drejt dob\u00ebsimit institucional, kriz\u00ebs s\u00eb vazhdueshme dhe zgjedhjeve t\u00eb detyruara.<\/div>\n<\/div>\n<div class=\"x14z9mp xat24cr x1lziwak x1vvkbs xtlvy1s x126k92a\">\n<div dir=\"auto\">Kosova nuk u fut sot n\u00eb zgjedhje nga pamund\u00ebsia;<\/div>\n<div dir=\"auto\">u fut nga nj\u00eb projekt q\u00eb synon kontrollin e zhvillimeve politike p\u00ebrmes kaosit.<\/div>\n<\/div>\n<div class=\"x14z9mp xat24cr x1lziwak x1vvkbs xtlvy1s x126k92a\">\n<div dir=\"auto\">N\u00eb zgjedhjet q\u00eb vijn\u00eb, vota nuk \u00ebsht\u00eb thjesht e djatht\u00eb apo e majt\u00eb.<\/div>\n<div dir=\"auto\">Nuk \u00ebsht\u00eb kund\u00ebr Kurtit apo pro Kurtit.<\/div>\n<div dir=\"auto\">Nuk \u00ebsht\u00eb p\u00ebr VV, LDK apo PDK.<\/div>\n<\/div>\n<div class=\"x14z9mp xat24cr x1lziwak x1vvkbs xtlvy1s x126k92a\">\n<div dir=\"auto\">\u00cbsht\u00eb vot\u00eb p\u00ebr Kosov\u00ebn.<\/div>\n<div dir=\"auto\">Ose vot\u00eb p\u00ebr ata q\u00eb sot u bashkuan me List\u00ebn Serbe p\u00ebr ta futur Kosov\u00ebn n\u00eb kriz\u00eb.<\/div>\n<\/div>\n","protected":false},"excerpt":{"rendered":"<p>Xhevdet Mazrekaj Kosova sot u shty drejt zgjedhjeve t\u00eb reja, jo sepse nuk kishte kandidat\u00eb, jo sepse nuk kishte vullnet institucional, por sepse dikush punoi me metoda t\u00eb njohura p\u00ebr ta prodhuar k\u00ebt\u00eb kriz\u00eb. D\u00ebshtimi i formimit t\u00eb Qeveris\u00eb nuk \u00ebsht\u00eb aritmetik\u00eb parlamentare; \u00ebsht\u00eb rezultat i nj\u00eb bllokade t\u00eb nd\u00ebrtuar, t\u00eb orkestruar dhe t\u00eb shtyr\u00eb [&hellip;]<\/p>\n","protected":false},"author":1,"featured_media":8473,"comment_status":"closed","ping_status":"closed","sticky":false,"template":"","format":"standard","meta":{"footnotes":""},"categories":[9],"tags":[],"class_list":{"0":"post-8472","1":"post","2":"type-post","3":"status-publish","4":"format-standard","5":"has-post-thumbnail","7":"category-vendi"},"_links":{"self":[{"href":"https:\/\/syri.tv\/index.php?rest_route=\/wp\/v2\/posts\/8472","targetHints":{"allow":["GET"]}}],"collection":[{"href":"https:\/\/syri.tv\/index.php?rest_route=\/wp\/v2\/posts"}],"about":[{"href":"https:\/\/syri.tv\/index.php?rest_route=\/wp\/v2\/types\/post"}],"author":[{"embeddable":true,"href":"https:\/\/syri.tv\/index.php?rest_route=\/wp\/v2\/users\/1"}],"replies":[{"embeddable":true,"href":"https:\/\/syri.tv\/index.php?rest_route=%2Fwp%2Fv2%2Fcomments&post=8472"}],"version-history":[{"count":3,"href":"https:\/\/syri.tv\/index.php?rest_route=\/wp\/v2\/posts\/8472\/revisions"}],"predecessor-version":[{"id":8476,"href":"https:\/\/syri.tv\/index.php?rest_route=\/wp\/v2\/posts\/8472\/revisions\/8476"}],"wp:featuredmedia":[{"embeddable":true,"href":"https:\/\/syri.tv\/index.php?rest_route=\/wp\/v2\/media\/8473"}],"wp:attachment":[{"href":"https:\/\/syri.tv\/index.php?rest_route=%2Fwp%2Fv2%2Fmedia&parent=8472"}],"wp:term":[{"taxonomy":"category","embeddable":true,"href":"https:\/\/syri.tv\/index.php?rest_route=%2Fwp%2Fv2%2Fcategories&post=8472"},{"taxonomy":"post_tag","embeddable":true,"href":"https:\/\/syri.tv\/index.php?rest_route=%2Fwp%2Fv2%2Ftags&post=8472"}],"curies":[{"name":"wp","href":"https:\/\/api.w.org\/{rel}","templated":true}]}}