{"id":8469,"date":"2025-11-21T07:25:44","date_gmt":"2025-11-21T07:25:44","guid":{"rendered":"https:\/\/syri.tv\/?p=8469"},"modified":"2025-11-21T07:25:44","modified_gmt":"2025-11-21T07:25:44","slug":"haxhiu-e-quan-puc-institucional-shkarkimin-e-besim-kelmendit","status":"publish","type":"post","link":"https:\/\/syri.tv\/?p=8469","title":{"rendered":"Haxhiu e quan \u201cpu\u00e7 institucional\u201d shkarkimin e Besim Kelmendit,"},"content":{"rendered":"<p>K\u00ebshilli Prokurorial i Kosov\u00ebs (KPK) vendosi sot shkarkimin e Besim Kelmendit nga detyra e ushtruesit t\u00eb kryeprokurorit t\u00eb Shtetit gjat\u00eb nj\u00eb mbledhjeje ku ishin t\u00eb pranish\u00ebm vet\u00ebm pes\u00eb an\u00ebtar\u00eb.<\/p>\n<p>Vendimi u mor pas propozimit t\u00eb z\u00ebvend\u00ebskryesueses Jehona G\u00ebrvalla-Grantolli p\u00ebr t\u00eb futur n\u00eb rend dite \u00e7\u00ebshtjen e Kelmendit, p\u00ebrfshir\u00eb edhe referenc\u00ebn ndaj intervistimit t\u00eb tij si d\u00ebshmitar p\u00ebr masakr\u00ebn e Re\u00e7akut.<\/p>\n<p>Ish-ministrja e Drejt\u00ebsis\u00eb, Albulena Haxhiu, reagoi n\u00eb Debat Plus, duke e cil\u00ebsuar aktin si t\u00eb paligjsh\u00ebm dhe si nj\u00eb \u201cpu\u00e7 institucional\u201d.<\/p>\n<p>Sipas Haxhiut, vendimi i marr\u00eb me vet\u00ebm pes\u00eb vota nuk p\u00ebrmbush numrin e domosdosh\u00ebm t\u00eb an\u00ebtar\u00ebve p\u00ebr vendimmarrje.<\/p>\n<p>\u201cMe 5 vota p\u00ebr, \u00ebsht\u00eb puq institucional. \u00cbsht\u00eb puq. Sepse 7 \u00ebsht\u00eb dasht\u00eb me qen\u00eb jo 5. Nuk shkarkohet kryeprokurori me 5 vota, \u00ebsht\u00eb pa kuorum ai vendim. S\u2019ka efekt juridik, rr\u00ebzohet\u201d, ka th\u00ebn\u00eb Haxhiu n\u00eb Debat Plus.<\/p>\n","protected":false},"excerpt":{"rendered":"<p>K\u00ebshilli Prokurorial i Kosov\u00ebs (KPK) vendosi sot shkarkimin e Besim Kelmendit nga detyra e ushtruesit t\u00eb kryeprokurorit t\u00eb Shtetit gjat\u00eb nj\u00eb mbledhjeje ku ishin t\u00eb pranish\u00ebm vet\u00ebm pes\u00eb an\u00ebtar\u00eb. Vendimi u mor pas propozimit t\u00eb z\u00ebvend\u00ebskryesueses Jehona G\u00ebrvalla-Grantolli p\u00ebr t\u00eb futur n\u00eb rend dite \u00e7\u00ebshtjen e Kelmendit, p\u00ebrfshir\u00eb edhe referenc\u00ebn ndaj intervistimit t\u00eb tij si [&hellip;]<\/p>\n","protected":false},"author":1,"featured_media":8470,"comment_status":"closed","ping_status":"closed","sticky":false,"template":"","format":"standard","meta":{"footnotes":""},"categories":[9],"tags":[],"class_list":{"0":"post-8469","1":"post","2":"type-post","3":"status-publish","4":"format-standard","5":"has-post-thumbnail","7":"category-vendi"},"_links":{"self":[{"href":"https:\/\/syri.tv\/index.php?rest_route=\/wp\/v2\/posts\/8469","targetHints":{"allow":["GET"]}}],"collection":[{"href":"https:\/\/syri.tv\/index.php?rest_route=\/wp\/v2\/posts"}],"about":[{"href":"https:\/\/syri.tv\/index.php?rest_route=\/wp\/v2\/types\/post"}],"author":[{"embeddable":true,"href":"https:\/\/syri.tv\/index.php?rest_route=\/wp\/v2\/users\/1"}],"replies":[{"embeddable":true,"href":"https:\/\/syri.tv\/index.php?rest_route=%2Fwp%2Fv2%2Fcomments&post=8469"}],"version-history":[{"count":1,"href":"https:\/\/syri.tv\/index.php?rest_route=\/wp\/v2\/posts\/8469\/revisions"}],"predecessor-version":[{"id":8471,"href":"https:\/\/syri.tv\/index.php?rest_route=\/wp\/v2\/posts\/8469\/revisions\/8471"}],"wp:featuredmedia":[{"embeddable":true,"href":"https:\/\/syri.tv\/index.php?rest_route=\/wp\/v2\/media\/8470"}],"wp:attachment":[{"href":"https:\/\/syri.tv\/index.php?rest_route=%2Fwp%2Fv2%2Fmedia&parent=8469"}],"wp:term":[{"taxonomy":"category","embeddable":true,"href":"https:\/\/syri.tv\/index.php?rest_route=%2Fwp%2Fv2%2Fcategories&post=8469"},{"taxonomy":"post_tag","embeddable":true,"href":"https:\/\/syri.tv\/index.php?rest_route=%2Fwp%2Fv2%2Ftags&post=8469"}],"curies":[{"name":"wp","href":"https:\/\/api.w.org\/{rel}","templated":true}]}}