{"id":8463,"date":"2025-11-20T10:36:10","date_gmt":"2025-11-20T10:36:10","guid":{"rendered":"https:\/\/syri.tv\/?p=8463"},"modified":"2025-11-20T10:36:10","modified_gmt":"2025-11-20T10:36:10","slug":"a-mund-te-jete-milioner-nje-luftetar-idealist","status":"publish","type":"post","link":"https:\/\/syri.tv\/?p=8463","title":{"rendered":"A mund t\u00eb jet\u00eb milioner nj\u00eb luft\u00ebtar idealist?!"},"content":{"rendered":"<div class=\"x14z9mp xat24cr x1lziwak x1vvkbs xtlvy1s x126k92a\">\n<div dir=\"auto\">Dhjet\u00eb vite para luft\u00ebs, kam jetuar dhe vepruar n\u00eb Zvic\u00ebr.<\/div>\n<div dir=\"auto\">Edhe pse refugjat politik, kurr\u00eb nuk kam jetuar nga ndihmat e shtetit, por kam punuar deri n\u00eb dit\u00ebn q\u00eb jam nisur p\u00ebr luft\u00eb, n\u00eb maj t\u00eb vitit 1998. Para meje n\u00eb Zvic\u00ebr nga vitet \u201870-t\u00eb, kan\u00eb punuar edhe babai im dhe axha im, nd\u00ebrsa nga viti 1981 edhe v\u00ebllau im i madh, do me th\u00ebn\u00eb si familje kemi qen\u00eb familje e pasur p\u00ebr koh\u00ebn.<\/div>\n<div dir=\"auto\">Para luft\u00ebs dhe gjat\u00eb luft\u00ebs si familje dhe un\u00eb personalisht kemi dh\u00ebn\u00eb shum\u00eb p\u00ebr Kosov\u00ebn, ndihma humanitare, por edhe p\u00ebr krijimin e U\u00c7K-s\u00eb n\u00eb Fondin \u201c VENDLINDJA TH\u00cbRRET\u201d.<\/div>\n<div dir=\"auto\">N\u00eb luft\u00eb kam shkuar duke pasur nj\u00eb baz\u00eb t\u00eb mir\u00eb materiale familjare.<\/div>\n<div dir=\"auto\">Gjat\u00eb luft\u00ebs, sht\u00ebpia e babait tim p\u00ebr muaj t\u00eb t\u00ebr\u00eb ka qen\u00eb baz\u00eb e U\u00c7K-s\u00eb n\u00eb ZO t\u00eb Nerodimes. N\u00eb fund t\u00eb luft\u00ebs, gjith\u00eb \u00e7ka kishim krijuar si familje ishte djegur dhe lirin\u00eb e kemi p\u00ebrjetuar n\u00eb kushte t\u00eb r\u00ebnda t\u00eb banimit n\u00eb tenda, sikur shumica e popullit!<\/div>\n<div dir=\"auto\">Un\u00eb dhe v\u00ebllau im q\u00eb ishim luft\u00ebtar, u kthyem n\u00eb sht\u00ebpi, pa asnj\u00eb cent m\u00eb xhep, t\u00eb lumtur q\u00eb soll\u00ebm lirin\u00eb dhe q\u00eb ishim gjall\u00eb!<\/div>\n<div dir=\"auto\">K\u00ebshtu kthehen n\u00eb sht\u00ebpi t\u00eb gjith\u00eb idealist\u00ebt q\u00eb p\u00ebr ideal kan\u00eb pasur \u00e7lirimin e atdheut, e jo pasurimin e vetes dhe t\u00eb familjes s\u00eb tyre!<\/div>\n<div dir=\"auto\">Ata m\u00eb trimat, nuk kthehen asnj\u00ebher\u00eb, sepse bien d\u00ebshmor\u00eb dhe i takojn\u00eb p\u00ebrjet\u00ebsis\u00eb!<\/div>\n<div dir=\"auto\">Fatkeq\u00ebsisht n\u00eb mesin e luft\u00ebtar\u00ebve \u00ebsht\u00eb edhe nj\u00eb kategori tjet\u00ebr, t\u00eb cil\u00ebt futen n\u00eb luft\u00eb t\u00eb varfur, me zhele e pa buk\u00eb n\u00eb vot\u00ebr, por kur p\u00ebrfundon lufta kthehen m\u00eb sht\u00ebpi me miliona m\u00eb xhep. T\u00eb till\u00ebt quhen profiter t\u00eb luft\u00ebs, mercenar\u00eb dhe hajna.<\/div>\n<div dir=\"auto\">Ata luft\u00ebtar q\u00eb jan\u00eb futur n\u00eb U\u00c7K pa asnj\u00eb cent m\u00eb xhep dhe jan\u00eb kthyer n\u00eb sht\u00ebpi me miliona, ose kan\u00eb b\u00ebr\u00eb ndonj\u00eb krim dhe jan\u00eb shp\u00ebrblyer, ose i kan\u00eb vjedhur fondet e luft\u00ebs, pra i kan\u00eb vjedhur barotin bashk\u00ebluft\u00ebtar\u00ebve!<\/div>\n<div dir=\"auto\">Njoh shum\u00eb t\u00eb till\u00eb, edhe nga radh\u00ebt e LPK-s\u00eb, t\u00eb cil\u00ebt ishin t\u00eb varfur, t\u00eb cil\u00ebt si refugjat n\u00eb Europ\u00eb nuk kishin punuar asnj\u00eb dit\u00eb t\u00eb vetme dhe sot jan\u00eb milioner e kan\u00eb biznese t\u00eb m\u00ebdha.<\/div>\n<div dir=\"auto\">Njoh edhe luft\u00ebtar t\u00eb U\u00c7K-s\u00eb( fatmir\u00ebsisht nuk jan\u00eb shum\u00eb!), t\u00eb cil\u00ebt nuk kishin as rroba n\u00eb trup, nd\u00ebrsa sot jan\u00eb milioner, shumica e tyre si\u00e7 thot\u00eb FANONI, u b\u00ebn\u00eb shok\u00eb me ish-bashk\u00ebpun\u00ebtor\u00ebt e armikit dhe u pasuruan.<\/div>\n<div dir=\"auto\">T\u00eb dy k\u00ebto kategori milioner\u00ebsh e kan\u00eb tradh\u00ebtuar idealin p\u00ebr \u00e7ka jan\u00eb betuar, kan\u00eb shkelur mbi gjakun e shok\u00ebve t\u00eb r\u00ebn\u00eb m\u00eb beteja, t\u00eb cil\u00ebt ran\u00eb me bindje se pas luft\u00ebs, populli do ta g\u00ebzoj\u00eb lirin\u00eb, nd\u00ebrsa luft\u00ebtar\u00ebt do t\u00eb jen\u00eb shenj\u00ebtor\u00ebt e asaj lirie!<\/div>\n<div dir=\"auto\">Njoh edhe shum\u00eb bashk\u00ebluft\u00ebtar idealist, t\u00eb cil\u00ebt pasi p\u00ebrfundoi lufta, u kthyen n\u00eb sht\u00ebpit\u00eb e tyre dhe jetojn\u00eb n\u00eb kushte minimale jetese, ose q\u00eb jan\u00eb detyruar t\u00eb m\u00ebrgojn\u00eb si puna ime, p\u00ebr t\u00eb mbajtur familjen, e p\u00ebr t\u00eb ruajtur nderin dhe idealin e luft\u00ebtarit t\u00eb U\u00c7K-s\u00eb!<\/div>\n<div dir=\"auto\">Lavdi d\u00ebshmor\u00ebve t\u00eb kombit!<\/div>\n<div dir=\"auto\">Nderim luft\u00ebtar\u00ebve q\u00eb kan\u00eb ruajtur idealin!<\/div>\n<div dir=\"auto\">Rroft\u00eb populli shqiptar, i bashkuar n\u00eb nj\u00eb shtet t\u00eb vet\u00ebm- SHQIP\u00cbRI!<\/div>\n<\/div>\n<div class=\"x14z9mp xat24cr x1lziwak x1vvkbs xtlvy1s x126k92a\">\n<div dir=\"auto\">&#8211; Metush Zenuni- Luft\u00ebtar, nj\u00ebri nga themeluesit e U\u00c7K-s\u00eb!<\/div>\n<\/div>\n<div class=\"x14z9mp xat24cr x1lziwak x1vvkbs xtlvy1s x126k92a\">\n<div dir=\"auto\">12 n\u00ebntor 2025,<\/div>\n<div dir=\"auto\">Zvic\u00ebr<\/div>\n<\/div>\n","protected":false},"excerpt":{"rendered":"<p>Dhjet\u00eb vite para luft\u00ebs, kam jetuar dhe vepruar n\u00eb Zvic\u00ebr. Edhe pse refugjat politik, kurr\u00eb nuk kam jetuar nga ndihmat e shtetit, por kam punuar deri n\u00eb dit\u00ebn q\u00eb jam nisur p\u00ebr luft\u00eb, n\u00eb maj t\u00eb vitit 1998. Para meje n\u00eb Zvic\u00ebr nga vitet \u201870-t\u00eb, kan\u00eb punuar edhe babai im dhe axha im, nd\u00ebrsa nga [&hellip;]<\/p>\n","protected":false},"author":1,"featured_media":8464,"comment_status":"closed","ping_status":"closed","sticky":false,"template":"","format":"standard","meta":{"footnotes":""},"categories":[2],"tags":[],"class_list":{"0":"post-8463","1":"post","2":"type-post","3":"status-publish","4":"format-standard","5":"has-post-thumbnail","7":"category-zvicer"},"_links":{"self":[{"href":"https:\/\/syri.tv\/index.php?rest_route=\/wp\/v2\/posts\/8463","targetHints":{"allow":["GET"]}}],"collection":[{"href":"https:\/\/syri.tv\/index.php?rest_route=\/wp\/v2\/posts"}],"about":[{"href":"https:\/\/syri.tv\/index.php?rest_route=\/wp\/v2\/types\/post"}],"author":[{"embeddable":true,"href":"https:\/\/syri.tv\/index.php?rest_route=\/wp\/v2\/users\/1"}],"replies":[{"embeddable":true,"href":"https:\/\/syri.tv\/index.php?rest_route=%2Fwp%2Fv2%2Fcomments&post=8463"}],"version-history":[{"count":1,"href":"https:\/\/syri.tv\/index.php?rest_route=\/wp\/v2\/posts\/8463\/revisions"}],"predecessor-version":[{"id":8465,"href":"https:\/\/syri.tv\/index.php?rest_route=\/wp\/v2\/posts\/8463\/revisions\/8465"}],"wp:featuredmedia":[{"embeddable":true,"href":"https:\/\/syri.tv\/index.php?rest_route=\/wp\/v2\/media\/8464"}],"wp:attachment":[{"href":"https:\/\/syri.tv\/index.php?rest_route=%2Fwp%2Fv2%2Fmedia&parent=8463"}],"wp:term":[{"taxonomy":"category","embeddable":true,"href":"https:\/\/syri.tv\/index.php?rest_route=%2Fwp%2Fv2%2Fcategories&post=8463"},{"taxonomy":"post_tag","embeddable":true,"href":"https:\/\/syri.tv\/index.php?rest_route=%2Fwp%2Fv2%2Ftags&post=8463"}],"curies":[{"name":"wp","href":"https:\/\/api.w.org\/{rel}","templated":true}]}}